{"id":9505,"date":"2019-11-01T14:17:34","date_gmt":"2019-11-01T16:17:34","guid":{"rendered":"https:\/\/mcities.com.br\/curitiba\/?p=9505"},"modified":"2021-04-14T18:51:25","modified_gmt":"2021-04-14T21:51:25","slug":"onde-levar-as-criancas-no-fim-de-semana","status":"publish","type":"post","link":"https:\/\/mcities.com.br\/curitiba\/o-que-fazer-em-familia\/onde-levar-as-criancas-no-fim-de-semana\/","title":{"rendered":"Onde levar as crian\u00e7as para curtir o fim de semana?"},"content":{"rendered":"<h3>Oba! Vamos sair e brincar!<\/h3>\n<p>Chega o fim de semana, sempre bate aquela d\u00favida: o que fazer para entreter as crian\u00e7as? Dentre tantas op\u00e7\u00f5es,\u00a0 selecionamos algumas para voc\u00ea curtir muito com eles gastando nada!<\/p>\n<h3>Bosque encantado no s\u00e1bado e domingo<\/h3>\n<p>No Bosque do Alem\u00e3o, a aventura j\u00e1 come\u00e7a em uma trilha recheada de mist\u00e9rio, nela conta a hist\u00f3ria dos irm\u00e3os Jo\u00e3o e Maria, e leva as crian\u00e7as para uma viagem muito divertida e emocionante.<\/p>\n<p>A cada passo, uma nova cena da hist\u00f3ria se cria. J\u00e1 no final da trilha, uma casinha modesta de madeira, completa a brincadeira com a casa da bruxa.<\/p>\n<div id=\"attachment_10227\" style=\"width: 610px\" class=\"wp-caption aligncenter\"><img fetchpriority=\"high\" decoding=\"async\" aria-describedby=\"caption-attachment-10227\" class=\"wp-image-10227\" src=\"https:\/\/mcities.com.br\/curitiba\/wp-content\/uploads\/sites\/3\/2019\/11\/bosque-alemao.jpg\" alt=\"\" width=\"600\" height=\"400\" srcset=\"https:\/\/mcities.com.br\/curitiba\/wp-content\/uploads\/sites\/3\/2019\/11\/bosque-alemao.jpg 1000w, https:\/\/mcities.com.br\/curitiba\/wp-content\/uploads\/sites\/3\/2019\/11\/bosque-alemao-300x200.jpg 300w, https:\/\/mcities.com.br\/curitiba\/wp-content\/uploads\/sites\/3\/2019\/11\/bosque-alemao-768x512.jpg 768w, https:\/\/mcities.com.br\/curitiba\/wp-content\/uploads\/sites\/3\/2019\/11\/bosque-alemao-600x400.jpg 600w\" sizes=\"(max-width: 600px) 100vw, 600px\" \/><p id=\"caption-attachment-10227\" class=\"wp-caption-text\">Trilha com o conto. Foto Monique Renne<\/p><\/div>\n<p>Entre na casa e se acomode-se com os pequenos em uma das poltronas e escute \u00e0s hist\u00f3rias que as simp\u00e1ticas bruxinhas trazem na mala e no viol\u00e3o.<\/p>\n<p>E a bruxa j\u00e1 chega rindo, se apresentando, e com muita personalidade diverte o pessoal, at\u00e9 mesmo os adultos, dentro de uma incr\u00edvel hist\u00f3ria que provoca, nos rostinhos das crian\u00e7as, muito encantamento, apreens\u00e3o e risos.<\/p>\n<p>O mais legal, nesse momento, \u00e9 que as crian\u00e7as podem participar e interferir no conto, como a imagina\u00e7\u00e3o ou a curiosidade mandar. Ent\u00e3o aproveite\u00a0 esse passeio m\u00e1gico com a crian\u00e7ada.<\/p>\n<div id=\"attachment_10229\" style=\"width: 610px\" class=\"wp-caption aligncenter\"><img decoding=\"async\" aria-describedby=\"caption-attachment-10229\" class=\"wp-image-10229\" src=\"https:\/\/mcities.com.br\/curitiba\/wp-content\/uploads\/sites\/3\/2019\/11\/bruxa-1024x683.jpg\" alt=\"\" width=\"600\" height=\"400\" srcset=\"https:\/\/mcities.com.br\/curitiba\/wp-content\/uploads\/sites\/3\/2019\/11\/bruxa-1024x683.jpg 1024w, https:\/\/mcities.com.br\/curitiba\/wp-content\/uploads\/sites\/3\/2019\/11\/bruxa-300x200.jpg 300w, https:\/\/mcities.com.br\/curitiba\/wp-content\/uploads\/sites\/3\/2019\/11\/bruxa-768x512.jpg 768w, https:\/\/mcities.com.br\/curitiba\/wp-content\/uploads\/sites\/3\/2019\/11\/bruxa-600x400.jpg 600w\" sizes=\"(max-width: 600px) 100vw, 600px\" \/><p id=\"caption-attachment-10229\" class=\"wp-caption-text\">A Casa Encantada Foto: Valdecir Galor\/SMCS<\/p><\/div>\n<p>O bosque fica aberto todos os dias, mas a casa da bruxa somente nos fins de semana e feriados, com a conta\u00e7\u00e3o de hist\u00f3rias \u00e0s 11h, 14h e 16h. E tudo de gra\u00e7a. Bora passear ?<\/p>\n<p>Endere\u00e7o: Rua Schumann, 279 | Vista Alegre | (41) 3568-1087<\/p>\n<h3>Divers\u00e3o na biblioteca no s\u00e1bado<\/h3>\n<p>N\u00e3o s\u00f3 de estantes e pesquisas \u00e9 feita\u00a0a Biblioteca P\u00fablica do Paran\u00e1. Enquanto nas outras \u00e1reas o que reina \u00e9 o sil\u00eancio, na se\u00e7\u00e3o infantil a divers\u00e3o toma conta, com muita atividade para a garotada.<\/p>\n<p>No s\u00e1bado \u00e1s 11h, acontece a hora do conto, que faz as crian\u00e7as colocarem a imagina\u00e7\u00e3o para trabalhar, com din\u00e2micas superdivertidas de narra\u00e7\u00e3o, como as encena\u00e7\u00f5es do teatro de bonecos.<\/p>\n<p>O mais legal \u00e9 que a programa\u00e7\u00e3o \u00e9 gratuita e muda todo s\u00e1bado, deixando os pequenos empolgados para conhecer uma nova hist\u00f3ria.<\/p>\n<p>Depois desse encontro com os livros, a crian\u00e7ada pode fazer o pr\u00f3prio fantoche de papel ou ent\u00e3o uma tartaruga, nas oficinas de trabalhos manuais gratuitas.<\/p>\n<p><img decoding=\"async\" class=\"aligncenter wp-image-10219\" src=\"https:\/\/mcities.com.br\/curitiba\/wp-content\/uploads\/sites\/3\/2019\/11\/bilioteca-1024x768.jpg\" alt=\"\" width=\"604\" height=\"453\" srcset=\"https:\/\/mcities.com.br\/curitiba\/wp-content\/uploads\/sites\/3\/2019\/11\/bilioteca-1024x768.jpg 1024w, https:\/\/mcities.com.br\/curitiba\/wp-content\/uploads\/sites\/3\/2019\/11\/bilioteca-300x225.jpg 300w, https:\/\/mcities.com.br\/curitiba\/wp-content\/uploads\/sites\/3\/2019\/11\/bilioteca-768x576.jpg 768w, https:\/\/mcities.com.br\/curitiba\/wp-content\/uploads\/sites\/3\/2019\/11\/bilioteca.jpg 1040w\" sizes=\"(max-width: 604px) 100vw, 604px\" \/><\/p>\n<p>Endere\u00e7o: Rua C\u00e2ndido Lopes, 133 | Centro | (41) 3221-4900| <a href=\"http:\/\/www.bpp.pr.gov.br\/\">Biblioteca P\u00fablica<\/a><\/p>\n<h3>Pintar e brincar na rua no s\u00e1bado<\/h3>\n<p>S\u00e1bado \u00e9 dia de brincar na rua, aproveitar a cidade e fazer novos amigos. O Projeto Lazer na Cidade, da Prefeitura, re\u00fane v\u00e1rias atividades recreativas entre Pra\u00e7a Os\u00f3rio e Pra\u00e7a Santos Andrade.<\/p>\n<p>Entre as brincadeiras, os baixinhos v\u00e3o parecer o Michelangelo, produzindo\u00a0pinturas com tinta guache, nos pap\u00e9is espalhados no cal\u00e7ad\u00e3o. Ou se sentirem parte do tabuleiro com as pe\u00e7as gigantes de xadrez.<\/p>\n<p>Al\u00e9m das brincadeiras para gastar energia, como o\u00a0badminton, circuitos de bicicletas, conta\u00e7\u00e3o de hist\u00f3ria, espa\u00e7o para a leitura e teatro, espalhados pelos pontos que ligam as duas pra\u00e7as.<\/p>\n<p>A divers\u00e3o come\u00e7a \u00e0s 9h da manh\u00e3 e vai at\u00e9 \u00e0s 14h, quando os brinquedos s\u00e3o recolhidos. Chama a crian\u00e7ada e bora pra rua!<\/p>\n<p><img loading=\"lazy\" decoding=\"async\" class=\"aligncenter size-full wp-image-8786\" src=\"https:\/\/mcities.com.br\/curitiba\/wp-content\/uploads\/sites\/3\/2019\/07\/xv-de-novembro.jpg\" alt=\"\" width=\"640\" height=\"427\" srcset=\"https:\/\/mcities.com.br\/curitiba\/wp-content\/uploads\/sites\/3\/2019\/07\/xv-de-novembro.jpg 640w, https:\/\/mcities.com.br\/curitiba\/wp-content\/uploads\/sites\/3\/2019\/07\/xv-de-novembro-300x200.jpg 300w, https:\/\/mcities.com.br\/curitiba\/wp-content\/uploads\/sites\/3\/2019\/07\/xv-de-novembro-600x400.jpg 600w\" sizes=\"(max-width: 640px) 100vw, 640px\" \/><\/p>\n<p>Endere\u00e7o: Pra\u00e7a Gen. Os\u00f3rio | Centro | 3350-3715<\/p>\n<h3>Hoje tem teatro no domingo<\/h3>\n<p>Teatro do Pi\u00e1 \u00e9 uma \u00f3tima op\u00e7\u00e3o para come\u00e7ar a divers\u00e3o do domingo. Com apresenta\u00e7\u00f5es de fantoches e marionetes, \u00e1s 11h e gratuito.<\/p>\n<p>\u00c9 s\u00f3 chegar e curtir a pe\u00e7a. Os pequenos ir\u00e3o se envolver com os enredos, viajando para uma aventura na floresta com um lobo mal, com o cl\u00e1ssico chapeuzinho vermelho ou conhecer novas e encantadas hist\u00f3rias.<\/p>\n<p>O Teatro fica no Palacete Wolf, antigo casar\u00e3o amarelo na Pra\u00e7a Garibaldi. O teatro comporta at\u00e9 40 pessoas sentadas, vale chegar 1 hora antes para garantir o seu lugar e curtir o espet\u00e1culo \u00e0 vontade.<\/p>\n<p><img loading=\"lazy\" decoding=\"async\" class=\"aligncenter wp-image-10222\" src=\"https:\/\/mcities.com.br\/curitiba\/wp-content\/uploads\/sites\/3\/2019\/11\/teatro-boneco-23-1024x683.jpg\" alt=\"\" width=\"600\" height=\"400\" srcset=\"https:\/\/mcities.com.br\/curitiba\/wp-content\/uploads\/sites\/3\/2019\/11\/teatro-boneco-23-1024x683.jpg 1024w, https:\/\/mcities.com.br\/curitiba\/wp-content\/uploads\/sites\/3\/2019\/11\/teatro-boneco-23-300x200.jpg 300w, https:\/\/mcities.com.br\/curitiba\/wp-content\/uploads\/sites\/3\/2019\/11\/teatro-boneco-23-768x512.jpg 768w, https:\/\/mcities.com.br\/curitiba\/wp-content\/uploads\/sites\/3\/2019\/11\/teatro-boneco-23-600x400.jpg 600w\" sizes=\"(max-width: 600px) 100vw, 600px\" \/><\/p>\n<p>Endere\u00e7o: Pra\u00e7a Garibaldi, 7 | S\u00e3o Francisco | (41) 3321-3357 | <a href=\"http:\/\/www.fundacaoculturaldecuritiba.com.br\/espacos-culturais\/teatro-do-pia\/\">Funda\u00e7\u00e3o Cultural<\/a><\/p>\n<h3>Oficina no Museu no domingo<\/h3>\n<p>Na sala de oficina, no subsolo do Museu Oscar Niemeyer, a garotada descobre seu lado artista com as oficinas de pintura, escultura, produ\u00e7\u00e3o de bonecos<\/p>\n<p>Essa \u00e9 uma \u00f3tima oportunidade para as crian\u00e7as ter contato com o mundo da arte. Toda semana \u00e9 um exerc\u00edcio manual diferente, sempre relacionado a alguma exposi\u00e7\u00e3o do local.<\/p>\n<p>Ap\u00f3s os trabalhos, acontece uma visita guiada para que todos conhe\u00e7am as inspira\u00e7\u00f5es dos artistas, uma verdadeira viagem por mentes criativas. As atividades acontecem ao domingo e gratuita, das 11h \u00e0s 17h.<\/p>\n<p><img loading=\"lazy\" decoding=\"async\" class=\"aligncenter wp-image-10218\" src=\"https:\/\/mcities.com.br\/curitiba\/wp-content\/uploads\/sites\/3\/2019\/11\/mon.jpeg\" alt=\"\" width=\"600\" height=\"400\" srcset=\"https:\/\/mcities.com.br\/curitiba\/wp-content\/uploads\/sites\/3\/2019\/11\/mon.jpeg 768w, https:\/\/mcities.com.br\/curitiba\/wp-content\/uploads\/sites\/3\/2019\/11\/mon-300x200.jpeg 300w, https:\/\/mcities.com.br\/curitiba\/wp-content\/uploads\/sites\/3\/2019\/11\/mon-600x400.jpeg 600w\" sizes=\"(max-width: 600px) 100vw, 600px\" \/><\/p>\n<p>Endere\u00e7o:\u00a0Rua Marechal Hermes, 999 | Centro C\u00edvico | (41) 3350-4412 | <a href=\"http:\/\/www.museuoscarniemeyer.org.br\/home\">MON <\/a><\/p>\n<p>Fim de semana produtivo esse n\u00e9? Veja op\u00e7\u00f5es de <a href=\"https:\/\/mcities.com.br\/curitiba\/em-familia\/parque-de-diversao-em-curitiba\/\">parques de divers\u00e3o<\/a> para levar os pimpolhos!<\/p>\n","protected":false},"excerpt":{"rendered":"<p>Veja lugares gratuitos para levar as crian\u00e7as para se divertirem nos fins de semana, as atividades incluem teatro, oficinas de trabalhos manuais, circo e conta\u00e7\u00e3o de hist\u00f3rias<\/p>\n","protected":false},"author":23,"featured_media":10219,"comment_status":"open","ping_status":"open","sticky":false,"template":"","format":"standard","meta":{"footnotes":""},"categories":[4],"tags":[332,333,192,132,64],"yoast_head":"<!-- This site is optimized with the Yoast SEO plugin v21.9.1 - https:\/\/yoast.com\/wordpress\/plugins\/seo\/ -->\n<title>Onde levar as crian\u00e7as para curtir o fim de semana? | MCities Curitiba<\/title>\n<meta name=\"description\" content=\"Chega o fim de semana, sempre bate aquela d\u00favida: o que fazer para entreter as crian\u00e7as? Dentre tantas op\u00e7\u00f5es,\u00a0 selecionamos algumas para voc\u00ea curtir muito com eles gastando nada!\" \/>\n<meta name=\"robots\" content=\"index, follow, max-snippet:-1, max-image-preview:large, max-video-preview:-1\" \/>\n<link rel=\"canonical\" href=\"https:\/\/mcities.com.br\/curitiba\/o-que-fazer-em-familia\/onde-levar-as-criancas-no-fim-de-semana\/\" \/>\n<meta property=\"og:locale\" content=\"pt_BR\" \/>\n<meta property=\"og:type\" content=\"article\" \/>\n<meta property=\"og:title\" content=\"Onde levar as crian\u00e7as para curtir o fim de semana? | MCities Curitiba\" \/>\n<meta property=\"og:description\" content=\"Chega o fim de semana, sempre bate aquela d\u00favida: o que fazer para entreter as crian\u00e7as? Dentre tantas op\u00e7\u00f5es,\u00a0 selecionamos algumas para voc\u00ea curtir muito com eles gastando nada!\" \/>\n<meta property=\"og:url\" content=\"https:\/\/mcities.com.br\/curitiba\/o-que-fazer-em-familia\/onde-levar-as-criancas-no-fim-de-semana\/\" \/>\n<meta property=\"og:site_name\" content=\"MCities Curitiba\" \/>\n<meta property=\"article:published_time\" content=\"2019-11-01T16:17:34+00:00\" \/>\n<meta property=\"article:modified_time\" content=\"2021-04-14T21:51:25+00:00\" \/>\n<meta property=\"og:image\" content=\"https:\/\/mcities.com.br\/curitiba\/wp-content\/uploads\/sites\/3\/2019\/11\/bilioteca.jpg\" \/>\n\t<meta property=\"og:image:width\" content=\"1040\" \/>\n\t<meta property=\"og:image:height\" content=\"780\" \/>\n\t<meta property=\"og:image:type\" content=\"image\/jpeg\" \/>\n<meta name=\"author\" content=\"ana paula miranda\" \/>\n<meta name=\"twitter:card\" content=\"summary_large_image\" \/>\n<meta name=\"twitter:label1\" content=\"Written by\" \/>\n\t<meta name=\"twitter:data1\" content=\"ana paula miranda\" \/>\n\t<meta name=\"twitter:label2\" content=\"Est. reading time\" \/>\n\t<meta name=\"twitter:data2\" content=\"4 minutos\" \/>\n<script type=\"application\/ld+json\" class=\"yoast-schema-graph\">{\"@context\":\"https:\/\/schema.org\",\"@graph\":[{\"@type\":\"Article\",\"@id\":\"https:\/\/mcities.com.br\/curitiba\/o-que-fazer-em-familia\/onde-levar-as-criancas-no-fim-de-semana\/#article\",\"isPartOf\":{\"@id\":\"https:\/\/mcities.com.br\/curitiba\/o-que-fazer-em-familia\/onde-levar-as-criancas-no-fim-de-semana\/\"},\"author\":{\"name\":\"ana paula miranda\",\"@id\":\"https:\/\/mcities.com.br\/curitiba\/#\/schema\/person\/0584f3618895d12517d8e357750a3bd7\"},\"headline\":\"Onde levar as crian\u00e7as para curtir o fim de semana?\",\"datePublished\":\"2019-11-01T16:17:34+00:00\",\"dateModified\":\"2021-04-14T21:51:25+00:00\",\"mainEntityOfPage\":{\"@id\":\"https:\/\/mcities.com.br\/curitiba\/o-que-fazer-em-familia\/onde-levar-as-criancas-no-fim-de-semana\/\"},\"wordCount\":838,\"commentCount\":0,\"publisher\":{\"@id\":\"https:\/\/mcities.com.br\/curitiba\/#organization\"},\"keywords\":[\"fim de semana\",\"brincadeiras\",\"diversao\",\"criancas\",\"teatro\"],\"articleSection\":[\"Em Fam\u00edlia\"],\"inLanguage\":\"pt-BR\",\"potentialAction\":[{\"@type\":\"CommentAction\",\"name\":\"Comment\",\"target\":[\"https:\/\/mcities.com.br\/curitiba\/o-que-fazer-em-familia\/onde-levar-as-criancas-no-fim-de-semana\/#respond\"]}]},{\"@type\":\"WebPage\",\"@id\":\"https:\/\/mcities.com.br\/curitiba\/o-que-fazer-em-familia\/onde-levar-as-criancas-no-fim-de-semana\/\",\"url\":\"https:\/\/mcities.com.br\/curitiba\/o-que-fazer-em-familia\/onde-levar-as-criancas-no-fim-de-semana\/\",\"name\":\"Onde levar as crian\u00e7as para curtir o fim de semana? | MCities Curitiba\",\"isPartOf\":{\"@id\":\"https:\/\/mcities.com.br\/curitiba\/#website\"},\"datePublished\":\"2019-11-01T16:17:34+00:00\",\"dateModified\":\"2021-04-14T21:51:25+00:00\",\"description\":\"Chega o fim de semana, sempre bate aquela d\u00favida: o que fazer para entreter as crian\u00e7as? Dentre tantas op\u00e7\u00f5es,\u00a0 selecionamos algumas para voc\u00ea curtir muito com eles gastando nada!\",\"breadcrumb\":{\"@id\":\"https:\/\/mcities.com.br\/curitiba\/o-que-fazer-em-familia\/onde-levar-as-criancas-no-fim-de-semana\/#breadcrumb\"},\"inLanguage\":\"pt-BR\",\"potentialAction\":[{\"@type\":\"ReadAction\",\"target\":[\"https:\/\/mcities.com.br\/curitiba\/o-que-fazer-em-familia\/onde-levar-as-criancas-no-fim-de-semana\/\"]}]},{\"@type\":\"BreadcrumbList\",\"@id\":\"https:\/\/mcities.com.br\/curitiba\/o-que-fazer-em-familia\/onde-levar-as-criancas-no-fim-de-semana\/#breadcrumb\",\"itemListElement\":[{\"@type\":\"ListItem\",\"position\":1,\"name\":\"Home\",\"item\":\"https:\/\/mcities.com.br\/curitiba\/\"},{\"@type\":\"ListItem\",\"position\":2,\"name\":\"Onde levar as crian\u00e7as para curtir o fim de semana?\"}]},{\"@type\":\"WebSite\",\"@id\":\"https:\/\/mcities.com.br\/curitiba\/#website\",\"url\":\"https:\/\/mcities.com.br\/curitiba\/\",\"name\":\"MCities Curitiba\",\"description\":\"MCities \u00e9 um sistema que tem a disposic\u0327a\u0303o de dinamizar a integrac\u0327a\u0303o entre pessoas e cidades. Somos um sistema que oferece conte\u00fados de experi\u00eancias divertidas para voc\u00ea curtir e viver momentos incr\u00edveis, seja em casa ou nas ruas da cidade.\",\"publisher\":{\"@id\":\"https:\/\/mcities.com.br\/curitiba\/#organization\"},\"potentialAction\":[{\"@type\":\"SearchAction\",\"target\":{\"@type\":\"EntryPoint\",\"urlTemplate\":\"https:\/\/mcities.com.br\/curitiba\/?s={search_term_string}\"},\"query-input\":\"required name=search_term_string\"}],\"inLanguage\":\"pt-BR\"},{\"@type\":\"Organization\",\"@id\":\"https:\/\/mcities.com.br\/curitiba\/#organization\",\"name\":\"MCities\",\"url\":\"https:\/\/mcities.com.br\/curitiba\/\",\"logo\":{\"@type\":\"ImageObject\",\"inLanguage\":\"pt-BR\",\"@id\":\"https:\/\/mcities.com.br\/curitiba\/#\/schema\/logo\/image\/\",\"url\":\"https:\/\/mcities.com.br\/curitiba\/wp-content\/uploads\/sites\/3\/2017\/03\/mcities-color.png\",\"contentUrl\":\"https:\/\/mcities.com.br\/curitiba\/wp-content\/uploads\/sites\/3\/2017\/03\/mcities-color.png\",\"width\":248,\"height\":57,\"caption\":\"MCities\"},\"image\":{\"@id\":\"https:\/\/mcities.com.br\/curitiba\/#\/schema\/logo\/image\/\"}},{\"@type\":\"Person\",\"@id\":\"https:\/\/mcities.com.br\/curitiba\/#\/schema\/person\/0584f3618895d12517d8e357750a3bd7\",\"name\":\"ana paula miranda\",\"image\":{\"@type\":\"ImageObject\",\"inLanguage\":\"pt-BR\",\"@id\":\"https:\/\/mcities.com.br\/curitiba\/#\/schema\/person\/image\/\",\"url\":\"https:\/\/secure.gravatar.com\/avatar\/fed41bf8682e0a612902542e75ab1b65?s=96&d=mm&r=g\",\"contentUrl\":\"https:\/\/secure.gravatar.com\/avatar\/fed41bf8682e0a612902542e75ab1b65?s=96&d=mm&r=g\",\"caption\":\"ana paula miranda\"}}]}<\/script>\n<!-- \/ Yoast SEO plugin. -->","yoast_head_json":{"title":"Onde levar as crian\u00e7as para curtir o fim de semana? | MCities Curitiba","description":"Chega o fim de semana, sempre bate aquela d\u00favida: o que fazer para entreter as crian\u00e7as? Dentre tantas op\u00e7\u00f5es,\u00a0 selecionamos algumas para voc\u00ea curtir muito com eles gastando nada!","robots":{"index":"index","follow":"follow","max-snippet":"max-snippet:-1","max-image-preview":"max-image-preview:large","max-video-preview":"max-video-preview:-1"},"canonical":"https:\/\/mcities.com.br\/curitiba\/o-que-fazer-em-familia\/onde-levar-as-criancas-no-fim-de-semana\/","og_locale":"pt_BR","og_type":"article","og_title":"Onde levar as crian\u00e7as para curtir o fim de semana? | MCities Curitiba","og_description":"Chega o fim de semana, sempre bate aquela d\u00favida: o que fazer para entreter as crian\u00e7as? Dentre tantas op\u00e7\u00f5es,\u00a0 selecionamos algumas para voc\u00ea curtir muito com eles gastando nada!","og_url":"https:\/\/mcities.com.br\/curitiba\/o-que-fazer-em-familia\/onde-levar-as-criancas-no-fim-de-semana\/","og_site_name":"MCities Curitiba","article_published_time":"2019-11-01T16:17:34+00:00","article_modified_time":"2021-04-14T21:51:25+00:00","og_image":[{"width":1040,"height":780,"url":"https:\/\/mcities.com.br\/curitiba\/wp-content\/uploads\/sites\/3\/2019\/11\/bilioteca.jpg","type":"image\/jpeg"}],"author":"ana paula miranda","twitter_card":"summary_large_image","twitter_misc":{"Written by":"ana paula miranda","Est. reading time":"4 minutos"},"schema":{"@context":"https:\/\/schema.org","@graph":[{"@type":"Article","@id":"https:\/\/mcities.com.br\/curitiba\/o-que-fazer-em-familia\/onde-levar-as-criancas-no-fim-de-semana\/#article","isPartOf":{"@id":"https:\/\/mcities.com.br\/curitiba\/o-que-fazer-em-familia\/onde-levar-as-criancas-no-fim-de-semana\/"},"author":{"name":"ana paula miranda","@id":"https:\/\/mcities.com.br\/curitiba\/#\/schema\/person\/0584f3618895d12517d8e357750a3bd7"},"headline":"Onde levar as crian\u00e7as para curtir o fim de semana?","datePublished":"2019-11-01T16:17:34+00:00","dateModified":"2021-04-14T21:51:25+00:00","mainEntityOfPage":{"@id":"https:\/\/mcities.com.br\/curitiba\/o-que-fazer-em-familia\/onde-levar-as-criancas-no-fim-de-semana\/"},"wordCount":838,"commentCount":0,"publisher":{"@id":"https:\/\/mcities.com.br\/curitiba\/#organization"},"keywords":["fim de semana","brincadeiras","diversao","criancas","teatro"],"articleSection":["Em Fam\u00edlia"],"inLanguage":"pt-BR","potentialAction":[{"@type":"CommentAction","name":"Comment","target":["https:\/\/mcities.com.br\/curitiba\/o-que-fazer-em-familia\/onde-levar-as-criancas-no-fim-de-semana\/#respond"]}]},{"@type":"WebPage","@id":"https:\/\/mcities.com.br\/curitiba\/o-que-fazer-em-familia\/onde-levar-as-criancas-no-fim-de-semana\/","url":"https:\/\/mcities.com.br\/curitiba\/o-que-fazer-em-familia\/onde-levar-as-criancas-no-fim-de-semana\/","name":"Onde levar as crian\u00e7as para curtir o fim de semana? | MCities Curitiba","isPartOf":{"@id":"https:\/\/mcities.com.br\/curitiba\/#website"},"datePublished":"2019-11-01T16:17:34+00:00","dateModified":"2021-04-14T21:51:25+00:00","description":"Chega o fim de semana, sempre bate aquela d\u00favida: o que fazer para entreter as crian\u00e7as? Dentre tantas op\u00e7\u00f5es,\u00a0 selecionamos algumas para voc\u00ea curtir muito com eles gastando nada!","breadcrumb":{"@id":"https:\/\/mcities.com.br\/curitiba\/o-que-fazer-em-familia\/onde-levar-as-criancas-no-fim-de-semana\/#breadcrumb"},"inLanguage":"pt-BR","potentialAction":[{"@type":"ReadAction","target":["https:\/\/mcities.com.br\/curitiba\/o-que-fazer-em-familia\/onde-levar-as-criancas-no-fim-de-semana\/"]}]},{"@type":"BreadcrumbList","@id":"https:\/\/mcities.com.br\/curitiba\/o-que-fazer-em-familia\/onde-levar-as-criancas-no-fim-de-semana\/#breadcrumb","itemListElement":[{"@type":"ListItem","position":1,"name":"Home","item":"https:\/\/mcities.com.br\/curitiba\/"},{"@type":"ListItem","position":2,"name":"Onde levar as crian\u00e7as para curtir o fim de semana?"}]},{"@type":"WebSite","@id":"https:\/\/mcities.com.br\/curitiba\/#website","url":"https:\/\/mcities.com.br\/curitiba\/","name":"MCities Curitiba","description":"MCities \u00e9 um sistema que tem a disposic\u0327a\u0303o de dinamizar a integrac\u0327a\u0303o entre pessoas e cidades. Somos um sistema que oferece conte\u00fados de experi\u00eancias divertidas para voc\u00ea curtir e viver momentos incr\u00edveis, seja em casa ou nas ruas da cidade.","publisher":{"@id":"https:\/\/mcities.com.br\/curitiba\/#organization"},"potentialAction":[{"@type":"SearchAction","target":{"@type":"EntryPoint","urlTemplate":"https:\/\/mcities.com.br\/curitiba\/?s={search_term_string}"},"query-input":"required name=search_term_string"}],"inLanguage":"pt-BR"},{"@type":"Organization","@id":"https:\/\/mcities.com.br\/curitiba\/#organization","name":"MCities","url":"https:\/\/mcities.com.br\/curitiba\/","logo":{"@type":"ImageObject","inLanguage":"pt-BR","@id":"https:\/\/mcities.com.br\/curitiba\/#\/schema\/logo\/image\/","url":"https:\/\/mcities.com.br\/curitiba\/wp-content\/uploads\/sites\/3\/2017\/03\/mcities-color.png","contentUrl":"https:\/\/mcities.com.br\/curitiba\/wp-content\/uploads\/sites\/3\/2017\/03\/mcities-color.png","width":248,"height":57,"caption":"MCities"},"image":{"@id":"https:\/\/mcities.com.br\/curitiba\/#\/schema\/logo\/image\/"}},{"@type":"Person","@id":"https:\/\/mcities.com.br\/curitiba\/#\/schema\/person\/0584f3618895d12517d8e357750a3bd7","name":"ana paula miranda","image":{"@type":"ImageObject","inLanguage":"pt-BR","@id":"https:\/\/mcities.com.br\/curitiba\/#\/schema\/person\/image\/","url":"https:\/\/secure.gravatar.com\/avatar\/fed41bf8682e0a612902542e75ab1b65?s=96&d=mm&r=g","contentUrl":"https:\/\/secure.gravatar.com\/avatar\/fed41bf8682e0a612902542e75ab1b65?s=96&d=mm&r=g","caption":"ana paula miranda"}}]}},"_links":{"self":[{"href":"https:\/\/mcities.com.br\/curitiba\/wp-json\/wp\/v2\/posts\/9505"}],"collection":[{"href":"https:\/\/mcities.com.br\/curitiba\/wp-json\/wp\/v2\/posts"}],"about":[{"href":"https:\/\/mcities.com.br\/curitiba\/wp-json\/wp\/v2\/types\/post"}],"author":[{"embeddable":true,"href":"https:\/\/mcities.com.br\/curitiba\/wp-json\/wp\/v2\/users\/23"}],"replies":[{"embeddable":true,"href":"https:\/\/mcities.com.br\/curitiba\/wp-json\/wp\/v2\/comments?post=9505"}],"version-history":[{"count":25,"href":"https:\/\/mcities.com.br\/curitiba\/wp-json\/wp\/v2\/posts\/9505\/revisions"}],"predecessor-version":[{"id":12021,"href":"https:\/\/mcities.com.br\/curitiba\/wp-json\/wp\/v2\/posts\/9505\/revisions\/12021"}],"wp:featuredmedia":[{"embeddable":true,"href":"https:\/\/mcities.com.br\/curitiba\/wp-json\/wp\/v2\/media\/10219"}],"wp:attachment":[{"href":"https:\/\/mcities.com.br\/curitiba\/wp-json\/wp\/v2\/media?parent=9505"}],"wp:term":[{"taxonomy":"category","embeddable":true,"href":"https:\/\/mcities.com.br\/curitiba\/wp-json\/wp\/v2\/categories?post=9505"},{"taxonomy":"post_tag","embeddable":true,"href":"https:\/\/mcities.com.br\/curitiba\/wp-json\/wp\/v2\/tags?post=9505"}],"curies":[{"name":"wp","href":"https:\/\/api.w.org\/{rel}","templated":true}]}}