{"id":8937,"date":"2019-10-10T17:54:20","date_gmt":"2019-10-10T20:54:20","guid":{"rendered":"https:\/\/mcities.com.br\/curitiba\/?p=8937"},"modified":"2021-04-16T20:31:50","modified_gmt":"2021-04-16T23:31:50","slug":"onde-dancar-em-curitiba","status":"publish","type":"post","link":"https:\/\/mcities.com.br\/curitiba\/descubra-curitiba\/onde-dancar-em-curitiba\/","title":{"rendered":"Quer bailar? Saiba onde dan\u00e7ar 4 ritmos!"},"content":{"rendered":"<h2>Quem dan\u00e7a, os males espanta<\/h2>\n<p>Separamos 4 locais para melhorar o\u00a0 condicionamento f\u00edsico, o repert\u00f3rio e a autoestima. Bora sacudir e a poeira e p\u00f4r o corpo em movimento? N\u00e3o importa qual o objetivo, s\u00f3 n\u00e3o vale ficar parado!<\/p>\n<h3>Forr\u00f3 no passinho<\/h3>\n<p>No Clube de Dan\u00e7a, da Universidade Federal do Paran\u00e1, toda semana tem aulas de forr\u00f3 e de gra\u00e7a. E n\u00e3o precisa se inscrever, \u00e9 s\u00f3 chegar.<\/p>\n<p>As aulas s\u00e3o divertidas pois possuem um formato colaborativo, um vai ensinando o outro. Mas tamb\u00e9m existem instrutores que te explicam os passinhos com muito bom humor.<\/p>\n<p>\u00c9 tudo bem descontra\u00eddo e informal, sem rigorosidade t\u00e9cnica, ent\u00e3o n\u00e3o se acanhe! Primeiro se aprende os passos b\u00e1sicos, e depois vem a coreografia. \u00c0s vezes, para descontrair, rolam din\u00e2micas divertidas, como a troca de pares a cada 10 segundos.<\/p>\n<p>As aulas acontecem nas segundas \u00e0s 18h e quintas \u00e0s 12h30, na sacada do bloco administrativo da UFPR.<\/p>\n<div id=\"attachment_9834\" style=\"width: 810px\" class=\"wp-caption aligncenter\"><img fetchpriority=\"high\" decoding=\"async\" aria-describedby=\"caption-attachment-9834\" class=\"wp-image-9834\" src=\"https:\/\/mcities.com.br\/curitiba\/wp-content\/uploads\/sites\/3\/2019\/10\/FORROUFPRMarcosSolivan-2.jpeg\" alt=\"\" width=\"800\" height=\"535\" srcset=\"https:\/\/mcities.com.br\/curitiba\/wp-content\/uploads\/sites\/3\/2019\/10\/FORROUFPRMarcosSolivan-2.jpeg 640w, https:\/\/mcities.com.br\/curitiba\/wp-content\/uploads\/sites\/3\/2019\/10\/FORROUFPRMarcosSolivan-2-300x201.jpeg 300w, https:\/\/mcities.com.br\/curitiba\/wp-content\/uploads\/sites\/3\/2019\/10\/FORROUFPRMarcosSolivan-2-600x400.jpeg 600w\" sizes=\"(max-width: 800px) 100vw, 800px\" \/><p id=\"caption-attachment-9834\" class=\"wp-caption-text\">Sacada do pr\u00e9dio administrativo \u00e9 palco dos passinhos de forr\u00f3 Foto: Marcos Solivan<\/p><\/div>\n<p>Endere\u00e7o: Av. Cel. Francisco H. dos Santos, 100, Jardim das Am\u00e9ricas | Telefone: (41) 99677-7040 | <a href=\"https:\/\/www.facebook.com\/clubededancaUFPR\/\">Facebook do Clube de Dan\u00e7a da UFPR<\/a><\/p>\n<h3>Dan\u00e7a e Alegria<\/h3>\n<p>Eleve a sua autoestima, com as aulas de hip hop da escola Dance Sempre. Para come\u00e7ar a aula, um aquecimento aer\u00f3bico e exerc\u00edcios para fortalecer o abd\u00f4men, pernas e bra\u00e7os. E depois um alongamento muscular, o instrutor faz e voc\u00ea copia e, a\u00ed sim, come\u00e7a a aula.<\/p>\n<p>O professor escolhe um passo da dan\u00e7a urbana, ensina ele por etapas de um jeito bem f\u00e1cil, e a\u00ed parte para uma coreografia com esse mesmo movimento.<\/p>\n<p>Um \u00f3timo lugar para conhecer pessoas novas que gostam de dan\u00e7ar. Tem v\u00e1rios ritmos, com um excelente grupo de professores.\u00a0 Algumas aulas t\u00eam passos pr\u00f3prios, ao som de artistas da cultura pop e hip-hop, como Beyonc\u00e9, Karol Conk\u00e1 e Ru Paul. Dif\u00edcil ficar parado.<\/p>\n<p>As aulas de hip hop acontecem nas ter\u00e7as e quintas \u00e0s 18h15, nas sextas \u00e0s 20h e aos s\u00e1bados \u00e0s 12h.<\/p>\n<div id=\"attachment_9832\" style=\"width: 810px\" class=\"wp-caption aligncenter\"><img decoding=\"async\" aria-describedby=\"caption-attachment-9832\" class=\"wp-image-9832\" src=\"https:\/\/mcities.com.br\/curitiba\/wp-content\/uploads\/sites\/3\/2019\/10\/HIPHOP-1-1024x768.jpeg\" alt=\"\" width=\"800\" height=\"600\" srcset=\"https:\/\/mcities.com.br\/curitiba\/wp-content\/uploads\/sites\/3\/2019\/10\/HIPHOP-1-1024x768.jpeg 1024w, https:\/\/mcities.com.br\/curitiba\/wp-content\/uploads\/sites\/3\/2019\/10\/HIPHOP-1-300x225.jpeg 300w, https:\/\/mcities.com.br\/curitiba\/wp-content\/uploads\/sites\/3\/2019\/10\/HIPHOP-1-768x576.jpeg 768w, https:\/\/mcities.com.br\/curitiba\/wp-content\/uploads\/sites\/3\/2019\/10\/HIPHOP-1.jpeg 1280w\" sizes=\"(max-width: 800px) 100vw, 800px\" \/><p id=\"caption-attachment-9832\" class=\"wp-caption-text\">Dance sempre. Foto Divulga\u00e7\u00e3o<\/p><\/div>\n<p>Endere\u00e7o: Pra\u00e7a Os\u00f3rio, 431, Centro, 3\u00ba andar | Telefone: (41) 3023-1553 | <a href=\"http:\/\/dancesempre.com\/\">Site da escola Dance Sempre<\/a><\/p>\n<h3>Bal\u00e9 Ritmo Suave<\/h3>\n<p>O Bal\u00e9 influ\u00eancia muitos por onde passa, e possui uma t\u00e9cnica e um vocabul\u00e1rio pr\u00f3prio. E na escola de Dan\u00e7a Nosso Espa\u00e7o, as aulas desse ritmo come\u00e7am pela conhecida barra fixa e tem dura\u00e7\u00e3o de uma hora e meia.<\/p>\n<p>\u00c9 o momento de fazer passos de centro e diagonal: podem ser repeti\u00e7\u00f5es de piruetas, pequenos ou grandes saltos ou p\u00e9 de valsa. \u00c9 uma boa oportunidade para voc\u00ea explorar a leveza dos seus movimentos e a sua elasticidade.<\/p>\n<p>Toda semana voc\u00ea aprende uma nova coreografia, e a cada dia algo diferente \u00e9 trabalhado: equil\u00edbrio, agilidade ou coordena\u00e7\u00e3o, tudo em\u00a0sincronia. Com as coreografias, voc\u00ea dan\u00e7a grandes cl\u00e1ssicos do bal\u00e9, com aquelas trilhas sonoras de arrepiar, como Dom Quixote, Lago dos Cisnes e A Bela Adormecida. Que nostalgia!<\/p>\n<p>O valor das aulas \u00e9 a partir de R$135, variando com a quantidade de aulas que o aluno quiser fazer, e elas acontecem \u00e0s segundas, quartas e sextas das 19h \u00e0s 20h30. Coloque as sapatilhas para jogo, e v\u00e1 dan\u00e7ar junto \u00e0quele amigo que adora um ritmo cl\u00e1ssico!<\/p>\n<div id=\"attachment_9836\" style=\"width: 810px\" class=\"wp-caption aligncenter\"><img decoding=\"async\" aria-describedby=\"caption-attachment-9836\" class=\"wp-image-9836\" src=\"https:\/\/mcities.com.br\/curitiba\/wp-content\/uploads\/sites\/3\/2019\/10\/ballet1-2.jpeg\" alt=\"\" width=\"800\" height=\"533\" srcset=\"https:\/\/mcities.com.br\/curitiba\/wp-content\/uploads\/sites\/3\/2019\/10\/ballet1-2.jpeg 626w, https:\/\/mcities.com.br\/curitiba\/wp-content\/uploads\/sites\/3\/2019\/10\/ballet1-2-300x200.jpeg 300w, https:\/\/mcities.com.br\/curitiba\/wp-content\/uploads\/sites\/3\/2019\/10\/ballet1-2-600x400.jpeg 600w\" sizes=\"(max-width: 800px) 100vw, 800px\" \/><p id=\"caption-attachment-9836\" class=\"wp-caption-text\">Aulas de bal\u00e9 da escola de dan\u00e7a Foto Divulga\u00e7\u00e3o<\/p><\/div>\n<p dir=\"ltr\">Endere\u00e7o: Rua Bar\u00e3o do Rio Branco, 261, Centro | Telefone: (41) 3015-5024 | <a href=\"https:\/\/www.facebook.com\/nossoespacoarteculturaelazer\/\">Facebook do Nosso Espa\u00e7o &#8211; Arte, Cultura e Lazer<\/a><\/p>\n<h3>Dan\u00e7a urbana ao extremo!<\/h3>\n<p>A escola de dan\u00e7a Street Extreme \u00e9 um lugar ideal para aprender dan\u00e7as urbanas desde a sua ess\u00eancia.\u00a0No est\u00fadio, os\u00a0iniciantes t\u00eam\u00a0aten\u00e7\u00e3o especial, com professores que d\u00e3o uma base do que \u00e9 o street dance, e depois aplicam em sequ\u00eancias coreogr\u00e1ficas f\u00e1ceis de reproduzir.<\/p>\n<p>Primeiro alonga, depois aquece. A cada semana voc\u00ea aprende uma coreografia diferente, algumas s\u00e3o cria\u00e7\u00f5es dos pr\u00f3prios professores!\u00a0\u00c9 \u00f3timo para\u00a0aprender sequ\u00eancias de movimentos\u00a0\u00fanicas, que fogem daqueles passinhos batidos. Legal, n\u00e9?<\/p>\n<p>Nas aulas, o professor pode vir com din\u00e2micas\u00a0surpresas: uma para que os alunos se conhe\u00e7am melhor e interajam e outra para que desenvolvam\u00a0a capacidade de improvisa\u00e7\u00e3o. Essa segunda \u00e9 uma atividade motora e sensorial, um momento para se soltar, focar menos no espelho e na coreografia e sentir mais a m\u00fasica, sob as coordenadas do professor.<\/p>\n<p>Os encontros s\u00e3o embalados por ritmos como o pop e o rap, como de Chris Brown, Alicia Keys e The Pussycat Dolls. J\u00e1 sabe que grandes hits n\u00e3o v\u00e3o faltar, n\u00e9? As aulas acontecem de segunda a s\u00e1bado em v\u00e1rios hor\u00e1rios do dia e t\u00eam valores a partir de R$100.<\/p>\n<p>Endere\u00e7o: Rua Padre Anchieta, 882, Merc\u00eas | Telefone: (41) 3434-3003 |\u00a0<a href=\"https:\/\/www.facebook.com\/streetextremeescoladedanca\/\">Facebook da escola Street Extreme<\/a><\/p>\n<p dir=\"ltr\">N\u00e3o importa a atividade, exercitar o corpo \u00e9 sempre bom! Ent\u00e3o aproveite a disposi\u00e7\u00e3o e conhe\u00e7a\u00a0<a href=\"https:\/\/mcities.com.br\/curitiba\/na-ativa-e-na-torcida\/academias-aulas-avulsas\/\">academias com aulas avulsas e pacotes flex\u00edveis<\/a>.<\/p>\n","protected":false},"excerpt":{"rendered":"<p>A cidade est\u00e1 cheia de lugares para aprender a dan\u00e7ar novos ritmos e explorar as suas habilidades motoras, com din\u00e2micas, grandes coreografias, empoderamento e m\u00fasica boa. Vem ver onde!<\/p>\n","protected":false},"author":23,"featured_media":9840,"comment_status":"open","ping_status":"open","sticky":false,"template":"","format":"standard","meta":{"footnotes":""},"categories":[15],"tags":[310],"yoast_head":"<!-- This site is optimized with the Yoast SEO plugin v21.9.1 - https:\/\/yoast.com\/wordpress\/plugins\/seo\/ -->\n<title>Quer bailar? Saiba onde dan\u00e7ar 4 ritmos! | MCities Curitiba<\/title>\n<meta name=\"description\" content=\"Separamos 4 locais para melhorar o\u00a0 condicionamento f\u00edsico, o repert\u00f3rio e a autoestima. Bora sacudir e a poeira e p\u00f4r o corpo em movimento?\" \/>\n<meta name=\"robots\" content=\"index, follow, max-snippet:-1, max-image-preview:large, max-video-preview:-1\" \/>\n<link rel=\"canonical\" href=\"https:\/\/mcities.com.br\/curitiba\/descubra-curitiba\/onde-dancar-em-curitiba\/\" \/>\n<meta property=\"og:locale\" content=\"pt_BR\" \/>\n<meta property=\"og:type\" content=\"article\" \/>\n<meta property=\"og:title\" content=\"Quer bailar? Saiba onde dan\u00e7ar 4 ritmos! | MCities Curitiba\" \/>\n<meta property=\"og:description\" content=\"Separamos 4 locais para melhorar o\u00a0 condicionamento f\u00edsico, o repert\u00f3rio e a autoestima. Bora sacudir e a poeira e p\u00f4r o corpo em movimento?\" \/>\n<meta property=\"og:url\" content=\"https:\/\/mcities.com.br\/curitiba\/descubra-curitiba\/onde-dancar-em-curitiba\/\" \/>\n<meta property=\"og:site_name\" content=\"MCities Curitiba\" \/>\n<meta property=\"article:published_time\" content=\"2019-10-10T20:54:20+00:00\" \/>\n<meta property=\"article:modified_time\" content=\"2021-04-16T23:31:50+00:00\" \/>\n<meta property=\"og:image\" content=\"https:\/\/mcities.com.br\/curitiba\/wp-content\/uploads\/sites\/3\/2019\/10\/dan\u00e7a-4.jpg\" \/>\n\t<meta property=\"og:image:width\" content=\"800\" \/>\n\t<meta property=\"og:image:height\" content=\"534\" \/>\n\t<meta property=\"og:image:type\" content=\"image\/jpeg\" \/>\n<meta name=\"author\" content=\"ana paula miranda\" \/>\n<meta name=\"twitter:card\" content=\"summary_large_image\" \/>\n<meta name=\"twitter:label1\" content=\"Written by\" \/>\n\t<meta name=\"twitter:data1\" content=\"ana paula miranda\" \/>\n\t<meta name=\"twitter:label2\" content=\"Est. reading time\" \/>\n\t<meta name=\"twitter:data2\" content=\"4 minutos\" \/>\n<script type=\"application\/ld+json\" class=\"yoast-schema-graph\">{\"@context\":\"https:\/\/schema.org\",\"@graph\":[{\"@type\":\"Article\",\"@id\":\"https:\/\/mcities.com.br\/curitiba\/descubra-curitiba\/onde-dancar-em-curitiba\/#article\",\"isPartOf\":{\"@id\":\"https:\/\/mcities.com.br\/curitiba\/descubra-curitiba\/onde-dancar-em-curitiba\/\"},\"author\":{\"name\":\"ana paula miranda\",\"@id\":\"https:\/\/mcities.com.br\/curitiba\/#\/schema\/person\/0584f3618895d12517d8e357750a3bd7\"},\"headline\":\"Quer bailar? Saiba onde dan\u00e7ar 4 ritmos!\",\"datePublished\":\"2019-10-10T20:54:20+00:00\",\"dateModified\":\"2021-04-16T23:31:50+00:00\",\"mainEntityOfPage\":{\"@id\":\"https:\/\/mcities.com.br\/curitiba\/descubra-curitiba\/onde-dancar-em-curitiba\/\"},\"wordCount\":882,\"commentCount\":0,\"publisher\":{\"@id\":\"https:\/\/mcities.com.br\/curitiba\/#organization\"},\"keywords\":[\"dan\u00e7a\"],\"articleSection\":[\"Descubra Curitiba\"],\"inLanguage\":\"pt-BR\",\"potentialAction\":[{\"@type\":\"CommentAction\",\"name\":\"Comment\",\"target\":[\"https:\/\/mcities.com.br\/curitiba\/descubra-curitiba\/onde-dancar-em-curitiba\/#respond\"]}]},{\"@type\":\"WebPage\",\"@id\":\"https:\/\/mcities.com.br\/curitiba\/descubra-curitiba\/onde-dancar-em-curitiba\/\",\"url\":\"https:\/\/mcities.com.br\/curitiba\/descubra-curitiba\/onde-dancar-em-curitiba\/\",\"name\":\"Quer bailar? Saiba onde dan\u00e7ar 4 ritmos! | MCities Curitiba\",\"isPartOf\":{\"@id\":\"https:\/\/mcities.com.br\/curitiba\/#website\"},\"datePublished\":\"2019-10-10T20:54:20+00:00\",\"dateModified\":\"2021-04-16T23:31:50+00:00\",\"description\":\"Separamos 4 locais para melhorar o\u00a0 condicionamento f\u00edsico, o repert\u00f3rio e a autoestima. Bora sacudir e a poeira e p\u00f4r o corpo em movimento?\",\"breadcrumb\":{\"@id\":\"https:\/\/mcities.com.br\/curitiba\/descubra-curitiba\/onde-dancar-em-curitiba\/#breadcrumb\"},\"inLanguage\":\"pt-BR\",\"potentialAction\":[{\"@type\":\"ReadAction\",\"target\":[\"https:\/\/mcities.com.br\/curitiba\/descubra-curitiba\/onde-dancar-em-curitiba\/\"]}]},{\"@type\":\"BreadcrumbList\",\"@id\":\"https:\/\/mcities.com.br\/curitiba\/descubra-curitiba\/onde-dancar-em-curitiba\/#breadcrumb\",\"itemListElement\":[{\"@type\":\"ListItem\",\"position\":1,\"name\":\"Home\",\"item\":\"https:\/\/mcities.com.br\/curitiba\/\"},{\"@type\":\"ListItem\",\"position\":2,\"name\":\"Quer bailar? Saiba onde dan\u00e7ar 4 ritmos!\"}]},{\"@type\":\"WebSite\",\"@id\":\"https:\/\/mcities.com.br\/curitiba\/#website\",\"url\":\"https:\/\/mcities.com.br\/curitiba\/\",\"name\":\"MCities Curitiba\",\"description\":\"MCities \u00e9 um sistema que tem a disposic\u0327a\u0303o de dinamizar a integrac\u0327a\u0303o entre pessoas e cidades. Somos um sistema que oferece conte\u00fados de experi\u00eancias divertidas para voc\u00ea curtir e viver momentos incr\u00edveis, seja em casa ou nas ruas da cidade.\",\"publisher\":{\"@id\":\"https:\/\/mcities.com.br\/curitiba\/#organization\"},\"potentialAction\":[{\"@type\":\"SearchAction\",\"target\":{\"@type\":\"EntryPoint\",\"urlTemplate\":\"https:\/\/mcities.com.br\/curitiba\/?s={search_term_string}\"},\"query-input\":\"required name=search_term_string\"}],\"inLanguage\":\"pt-BR\"},{\"@type\":\"Organization\",\"@id\":\"https:\/\/mcities.com.br\/curitiba\/#organization\",\"name\":\"MCities\",\"url\":\"https:\/\/mcities.com.br\/curitiba\/\",\"logo\":{\"@type\":\"ImageObject\",\"inLanguage\":\"pt-BR\",\"@id\":\"https:\/\/mcities.com.br\/curitiba\/#\/schema\/logo\/image\/\",\"url\":\"https:\/\/mcities.com.br\/curitiba\/wp-content\/uploads\/sites\/3\/2017\/03\/mcities-color.png\",\"contentUrl\":\"https:\/\/mcities.com.br\/curitiba\/wp-content\/uploads\/sites\/3\/2017\/03\/mcities-color.png\",\"width\":248,\"height\":57,\"caption\":\"MCities\"},\"image\":{\"@id\":\"https:\/\/mcities.com.br\/curitiba\/#\/schema\/logo\/image\/\"}},{\"@type\":\"Person\",\"@id\":\"https:\/\/mcities.com.br\/curitiba\/#\/schema\/person\/0584f3618895d12517d8e357750a3bd7\",\"name\":\"ana paula miranda\",\"image\":{\"@type\":\"ImageObject\",\"inLanguage\":\"pt-BR\",\"@id\":\"https:\/\/mcities.com.br\/curitiba\/#\/schema\/person\/image\/\",\"url\":\"https:\/\/secure.gravatar.com\/avatar\/fed41bf8682e0a612902542e75ab1b65?s=96&d=mm&r=g\",\"contentUrl\":\"https:\/\/secure.gravatar.com\/avatar\/fed41bf8682e0a612902542e75ab1b65?s=96&d=mm&r=g\",\"caption\":\"ana paula miranda\"}}]}<\/script>\n<!-- \/ Yoast SEO plugin. -->","yoast_head_json":{"title":"Quer bailar? Saiba onde dan\u00e7ar 4 ritmos! | MCities Curitiba","description":"Separamos 4 locais para melhorar o\u00a0 condicionamento f\u00edsico, o repert\u00f3rio e a autoestima. Bora sacudir e a poeira e p\u00f4r o corpo em movimento?","robots":{"index":"index","follow":"follow","max-snippet":"max-snippet:-1","max-image-preview":"max-image-preview:large","max-video-preview":"max-video-preview:-1"},"canonical":"https:\/\/mcities.com.br\/curitiba\/descubra-curitiba\/onde-dancar-em-curitiba\/","og_locale":"pt_BR","og_type":"article","og_title":"Quer bailar? Saiba onde dan\u00e7ar 4 ritmos! | MCities Curitiba","og_description":"Separamos 4 locais para melhorar o\u00a0 condicionamento f\u00edsico, o repert\u00f3rio e a autoestima. Bora sacudir e a poeira e p\u00f4r o corpo em movimento?","og_url":"https:\/\/mcities.com.br\/curitiba\/descubra-curitiba\/onde-dancar-em-curitiba\/","og_site_name":"MCities Curitiba","article_published_time":"2019-10-10T20:54:20+00:00","article_modified_time":"2021-04-16T23:31:50+00:00","og_image":[{"width":800,"height":534,"url":"https:\/\/mcities.com.br\/curitiba\/wp-content\/uploads\/sites\/3\/2019\/10\/dan\u00e7a-4.jpg","type":"image\/jpeg"}],"author":"ana paula miranda","twitter_card":"summary_large_image","twitter_misc":{"Written by":"ana paula miranda","Est. reading time":"4 minutos"},"schema":{"@context":"https:\/\/schema.org","@graph":[{"@type":"Article","@id":"https:\/\/mcities.com.br\/curitiba\/descubra-curitiba\/onde-dancar-em-curitiba\/#article","isPartOf":{"@id":"https:\/\/mcities.com.br\/curitiba\/descubra-curitiba\/onde-dancar-em-curitiba\/"},"author":{"name":"ana paula miranda","@id":"https:\/\/mcities.com.br\/curitiba\/#\/schema\/person\/0584f3618895d12517d8e357750a3bd7"},"headline":"Quer bailar? Saiba onde dan\u00e7ar 4 ritmos!","datePublished":"2019-10-10T20:54:20+00:00","dateModified":"2021-04-16T23:31:50+00:00","mainEntityOfPage":{"@id":"https:\/\/mcities.com.br\/curitiba\/descubra-curitiba\/onde-dancar-em-curitiba\/"},"wordCount":882,"commentCount":0,"publisher":{"@id":"https:\/\/mcities.com.br\/curitiba\/#organization"},"keywords":["dan\u00e7a"],"articleSection":["Descubra Curitiba"],"inLanguage":"pt-BR","potentialAction":[{"@type":"CommentAction","name":"Comment","target":["https:\/\/mcities.com.br\/curitiba\/descubra-curitiba\/onde-dancar-em-curitiba\/#respond"]}]},{"@type":"WebPage","@id":"https:\/\/mcities.com.br\/curitiba\/descubra-curitiba\/onde-dancar-em-curitiba\/","url":"https:\/\/mcities.com.br\/curitiba\/descubra-curitiba\/onde-dancar-em-curitiba\/","name":"Quer bailar? Saiba onde dan\u00e7ar 4 ritmos! | MCities Curitiba","isPartOf":{"@id":"https:\/\/mcities.com.br\/curitiba\/#website"},"datePublished":"2019-10-10T20:54:20+00:00","dateModified":"2021-04-16T23:31:50+00:00","description":"Separamos 4 locais para melhorar o\u00a0 condicionamento f\u00edsico, o repert\u00f3rio e a autoestima. Bora sacudir e a poeira e p\u00f4r o corpo em movimento?","breadcrumb":{"@id":"https:\/\/mcities.com.br\/curitiba\/descubra-curitiba\/onde-dancar-em-curitiba\/#breadcrumb"},"inLanguage":"pt-BR","potentialAction":[{"@type":"ReadAction","target":["https:\/\/mcities.com.br\/curitiba\/descubra-curitiba\/onde-dancar-em-curitiba\/"]}]},{"@type":"BreadcrumbList","@id":"https:\/\/mcities.com.br\/curitiba\/descubra-curitiba\/onde-dancar-em-curitiba\/#breadcrumb","itemListElement":[{"@type":"ListItem","position":1,"name":"Home","item":"https:\/\/mcities.com.br\/curitiba\/"},{"@type":"ListItem","position":2,"name":"Quer bailar? Saiba onde dan\u00e7ar 4 ritmos!"}]},{"@type":"WebSite","@id":"https:\/\/mcities.com.br\/curitiba\/#website","url":"https:\/\/mcities.com.br\/curitiba\/","name":"MCities Curitiba","description":"MCities \u00e9 um sistema que tem a disposic\u0327a\u0303o de dinamizar a integrac\u0327a\u0303o entre pessoas e cidades. Somos um sistema que oferece conte\u00fados de experi\u00eancias divertidas para voc\u00ea curtir e viver momentos incr\u00edveis, seja em casa ou nas ruas da cidade.","publisher":{"@id":"https:\/\/mcities.com.br\/curitiba\/#organization"},"potentialAction":[{"@type":"SearchAction","target":{"@type":"EntryPoint","urlTemplate":"https:\/\/mcities.com.br\/curitiba\/?s={search_term_string}"},"query-input":"required name=search_term_string"}],"inLanguage":"pt-BR"},{"@type":"Organization","@id":"https:\/\/mcities.com.br\/curitiba\/#organization","name":"MCities","url":"https:\/\/mcities.com.br\/curitiba\/","logo":{"@type":"ImageObject","inLanguage":"pt-BR","@id":"https:\/\/mcities.com.br\/curitiba\/#\/schema\/logo\/image\/","url":"https:\/\/mcities.com.br\/curitiba\/wp-content\/uploads\/sites\/3\/2017\/03\/mcities-color.png","contentUrl":"https:\/\/mcities.com.br\/curitiba\/wp-content\/uploads\/sites\/3\/2017\/03\/mcities-color.png","width":248,"height":57,"caption":"MCities"},"image":{"@id":"https:\/\/mcities.com.br\/curitiba\/#\/schema\/logo\/image\/"}},{"@type":"Person","@id":"https:\/\/mcities.com.br\/curitiba\/#\/schema\/person\/0584f3618895d12517d8e357750a3bd7","name":"ana paula miranda","image":{"@type":"ImageObject","inLanguage":"pt-BR","@id":"https:\/\/mcities.com.br\/curitiba\/#\/schema\/person\/image\/","url":"https:\/\/secure.gravatar.com\/avatar\/fed41bf8682e0a612902542e75ab1b65?s=96&d=mm&r=g","contentUrl":"https:\/\/secure.gravatar.com\/avatar\/fed41bf8682e0a612902542e75ab1b65?s=96&d=mm&r=g","caption":"ana paula miranda"}}]}},"_links":{"self":[{"href":"https:\/\/mcities.com.br\/curitiba\/wp-json\/wp\/v2\/posts\/8937"}],"collection":[{"href":"https:\/\/mcities.com.br\/curitiba\/wp-json\/wp\/v2\/posts"}],"about":[{"href":"https:\/\/mcities.com.br\/curitiba\/wp-json\/wp\/v2\/types\/post"}],"author":[{"embeddable":true,"href":"https:\/\/mcities.com.br\/curitiba\/wp-json\/wp\/v2\/users\/23"}],"replies":[{"embeddable":true,"href":"https:\/\/mcities.com.br\/curitiba\/wp-json\/wp\/v2\/comments?post=8937"}],"version-history":[{"count":16,"href":"https:\/\/mcities.com.br\/curitiba\/wp-json\/wp\/v2\/posts\/8937\/revisions"}],"predecessor-version":[{"id":9864,"href":"https:\/\/mcities.com.br\/curitiba\/wp-json\/wp\/v2\/posts\/8937\/revisions\/9864"}],"wp:featuredmedia":[{"embeddable":true,"href":"https:\/\/mcities.com.br\/curitiba\/wp-json\/wp\/v2\/media\/9840"}],"wp:attachment":[{"href":"https:\/\/mcities.com.br\/curitiba\/wp-json\/wp\/v2\/media?parent=8937"}],"wp:term":[{"taxonomy":"category","embeddable":true,"href":"https:\/\/mcities.com.br\/curitiba\/wp-json\/wp\/v2\/categories?post=8937"},{"taxonomy":"post_tag","embeddable":true,"href":"https:\/\/mcities.com.br\/curitiba\/wp-json\/wp\/v2\/tags?post=8937"}],"curies":[{"name":"wp","href":"https:\/\/api.w.org\/{rel}","templated":true}]}}