{"id":8727,"date":"2019-09-14T15:57:32","date_gmt":"2019-09-14T18:57:32","guid":{"rendered":"https:\/\/mcities.com.br\/curitiba\/?p=8727"},"modified":"2021-04-14T19:11:46","modified_gmt":"2021-04-14T22:11:46","slug":"padarias-cafe-da-manha-curitiba","status":"publish","type":"post","link":"https:\/\/mcities.com.br\/curitiba\/sabor-curitiba\/padarias-cafe-da-manha-curitiba\/","title":{"rendered":"Domingou: Caf\u00e9 da Manh\u00e3 fora de casa"},"content":{"rendered":"<h2>Caf\u00e9s da manh\u00e3 que deixam gostinho de quero mais.<\/h2>\n<p>Quando o assunto \u00e9 caf\u00e9 da manh\u00e3, dar uma variada pode te levar a descobrir sabores novos e incr\u00edveis. Que tal se aventurar um pouco e conhecer lugares onde o caf\u00e9 da manh\u00e3 te faz querer sair da cama? Vem saber onde!<\/p>\n<h3>Para\u00edso dos caf\u00e9s<\/h3>\n<p>Ponto tradicional na cidade, o Caf\u00e9 do Mercado te atrai desde o aroma convidativo, e\u00a0\u00e9\u00a0um \u00f3timo lugar para tomar um caf\u00e9 da manh\u00e3 bom, b\u00e1sico e sem demora. Para os amantes de caf\u00e9, esse pode ser um para\u00edso, gra\u00e7as \u00e0\u00a0grande variedade de caf\u00e9s nacionais, importados e de diferentes sabores.<\/p>\n<p>O lugar\u00a0 \u00e9 bem decorado e aconchegante, e voc\u00ea encontra bebidas fresquinhas e rec\u00e9m-preparadas. J\u00e1 pensou poder escolher a dedo o seu tipo de gr\u00e3o preferido? Melhor que isso, s\u00f3 ele ser torrado e extra\u00eddo na hora. N\u00e3o \u00e9 pegadinha: se o caf\u00e9 de sua prefer\u00eancia n\u00e3o estiver mo\u00eddo quando voc\u00ea chegar, basta escolher que eles torram e preparam em instantes.<\/p>\n<div id=\"attachment_9353\" style=\"width: 729px\" class=\"wp-caption aligncenter\"><img fetchpriority=\"high\" decoding=\"async\" aria-describedby=\"caption-attachment-9353\" class=\"wp-image-9353 size-full\" src=\"https:\/\/mcities.com.br\/curitiba\/wp-content\/uploads\/sites\/3\/2019\/09\/cafe-do-mercado5-FB.jpg\" alt=\"\" width=\"719\" height=\"461\" srcset=\"https:\/\/mcities.com.br\/curitiba\/wp-content\/uploads\/sites\/3\/2019\/09\/cafe-do-mercado5-FB.jpg 719w, https:\/\/mcities.com.br\/curitiba\/wp-content\/uploads\/sites\/3\/2019\/09\/cafe-do-mercado5-FB-300x192.jpg 300w\" sizes=\"(max-width: 719px) 100vw, 719px\" \/><p id=\"caption-attachment-9353\" class=\"wp-caption-text\">Variedades no gr\u00e3o do caf\u00e9. Foto Divulga\u00e7\u00e3o<\/p><\/div>\n<p>Mas a\u00a0sensa\u00e7\u00e3o da casa mesmo \u00e9 o capuccino..O local tem\u00a0uma vers\u00e3o mais doce da bebida, adocicada com chocolate belga e acompanhada por\u00a0um canudinho com chocolate derretido por dentro. \u00c9 de lamber os bei\u00e7os!\u00a0A camada de chantili \u00e9 generosa, na medida certa. Na vers\u00e3o fria, o capuccino vem com caramelo.<\/p>\n<p>E para acompanhar, pe\u00e7a o p\u00e3o de batata, que, inclusive, \u00e9 uma das op\u00e7\u00f5es vegetarianas do lugar. O bauru, o p\u00e3o de queijo recheado e o croissant tamb\u00e9m est\u00e3o entre os mais pedidos. Os doces valem a pena e n\u00e3o decepcionam: experimente a torta de banoffi, o cookie de banana ou o bolo de ma\u00e7\u00e3.<\/p>\n<p>A unidade do Parolin \u00e9 bem menos movimentada, al\u00e9m de ter estacionamento pr\u00f3prio e de f\u00e1cil acesso, das 09h \u00e0s 20h. Os caf\u00e9s do Mercado Municipal tendem a encher mais aos fins de semana e abre das 09h \u00e0s 13h.<\/p>\n<p>Ah! Todas elas s\u00e3o pet friendly, ent\u00e3o fique \u00e0 vontade para levar seu bichinho e quem mais quiser para o seu caf\u00e9 da manh\u00e3. Os valores partem de R$3 para bebidas e R$4 para os lanches.<\/p>\n<p><strong>Dica MCities:<\/strong> Gostou do caf\u00e9? D\u00e1 para ir at\u00e9 o balc\u00e3o, escolher os tipos de gr\u00e3os de sua prefer\u00eancia, mo\u00eddos ou\u00a0torrados na hora, e levar para casa!<\/p>\n<div id=\"attachment_9350\" style=\"width: 730px\" class=\"wp-caption aligncenter\"><img decoding=\"async\" aria-describedby=\"caption-attachment-9350\" class=\"wp-image-9350 size-full\" src=\"https:\/\/mcities.com.br\/curitiba\/wp-content\/uploads\/sites\/3\/2019\/09\/cafe-do-mercado-1.jpg\" alt=\"\" width=\"720\" height=\"720\" srcset=\"https:\/\/mcities.com.br\/curitiba\/wp-content\/uploads\/sites\/3\/2019\/09\/cafe-do-mercado-1.jpg 720w, https:\/\/mcities.com.br\/curitiba\/wp-content\/uploads\/sites\/3\/2019\/09\/cafe-do-mercado-1-150x150.jpg 150w, https:\/\/mcities.com.br\/curitiba\/wp-content\/uploads\/sites\/3\/2019\/09\/cafe-do-mercado-1-300x300.jpg 300w, https:\/\/mcities.com.br\/curitiba\/wp-content\/uploads\/sites\/3\/2019\/09\/cafe-do-mercado-1-600x600.jpg 600w\" sizes=\"(max-width: 720px) 100vw, 720px\" \/><p id=\"caption-attachment-9350\" class=\"wp-caption-text\">Capuccino. Foto Divulga\u00e7\u00e3o<\/p><\/div>\n<p>Endere\u00e7o: Rua General Carneiro, 1491 |Lojas 437, 438, 439 e 440. |Mercado Municipal| Centro | Telefone: (41) 3362-7912 | <a href=\"Caf\u00e9%20do%20Mercado\">Caf\u00e9 do Mercado<\/a><\/p>\n<h3><span style=\"font-size: 1.1em;\">Vamos de caf\u00e9 colonial?<\/span><\/h3>\n<p>Um caf\u00e9 da manh\u00e3 farto, completo e cheio de op\u00e7\u00f5es: \u00e9 o que voc\u00ea encontra no caf\u00e9 colonial da Panificadora Brioche, pois o caf\u00e9 \u00e9 estilo hotel. Entre p\u00e3es, doces e salgados, o local trabalha com produ\u00e7\u00e3o pr\u00f3pria,\u00a0exceto nas op\u00e7\u00f5es sem gl\u00faten, priorizando produtos sem conservantes, e, acima de tudo, o sabor.<\/p>\n<p>Ao chegar, voc\u00ea se depara com mais de 30 tipos de p\u00e3es:amanteigado, australiano, galego e at\u00e9 de caf\u00e9 com chocolate. Junto dos frios, salgados, tortas e doces, t\u00eam mais de 50 produtos fresquinhos para experimentar e deliciar-se.<\/p>\n<div id=\"attachment_9355\" style=\"width: 610px\" class=\"wp-caption aligncenter\"><img decoding=\"async\" aria-describedby=\"caption-attachment-9355\" class=\"wp-image-9355\" src=\"https:\/\/mcities.com.br\/curitiba\/wp-content\/uploads\/sites\/3\/2019\/09\/brioche5-SITE.jpg\" alt=\"\" width=\"600\" height=\"400\" srcset=\"https:\/\/mcities.com.br\/curitiba\/wp-content\/uploads\/sites\/3\/2019\/09\/brioche5-SITE.jpg 500w, https:\/\/mcities.com.br\/curitiba\/wp-content\/uploads\/sites\/3\/2019\/09\/brioche5-SITE-300x200.jpg 300w\" sizes=\"(max-width: 600px) 100vw, 600px\" \/><p id=\"caption-attachment-9355\" class=\"wp-caption-text\">Panquecas. Foto Divulga\u00e7\u00e3o<\/p><\/div>\n<p>Panquecas, waffles, croissant de manteiga e os tradicionais ovos mexidos s\u00e3o as op\u00e7\u00f5es que voc\u00ea precisa experimentar. N\u00e3o deixe de provar os cookies de chocolate e o p\u00e3o de queijo, que tamb\u00e9m s\u00e3o bem gostosos.<\/p>\n<p>No domingo, alguns dos p\u00e3es especiais do dia s\u00e3o: p\u00e3o campagne com damasco e castanhas do Par\u00e1, fil\u00e3o de centeio com nozes e p\u00e3o torta m\u00f3, feito com farinha de trigo e\u00a0farinha de centeio, com fermenta\u00e7\u00e3o natural e uma consist\u00eancia mole e macia.<\/p>\n<p>\u00c9 um ambiente \u00f3timo para ir com fam\u00edlia e amigos, comer, bater papo e sair feliz e satisfeito. \u00c9 bem localizado e tem 2 estacionamentos: um ao lado da panificadora para compras r\u00e1pidas, e outro na Rua Almirante Tamandar\u00e9 para quem vai permanecer por mais tempo.<\/p>\n<p>O valor por quilo do caf\u00e9 colonial \u00e9 R$58,90. O caf\u00e9 colonial da Brioche fica dispon\u00edvel das 8h \u00e0s 20h.<\/p>\n<div id=\"attachment_9281\" style=\"width: 610px\" class=\"wp-caption aligncenter\"><img loading=\"lazy\" decoding=\"async\" aria-describedby=\"caption-attachment-9281\" class=\"wp-image-9281\" src=\"https:\/\/mcities.com.br\/curitiba\/wp-content\/uploads\/sites\/3\/2019\/09\/briochee-1024x683.jpg\" alt=\"\" width=\"600\" height=\"400\" srcset=\"https:\/\/mcities.com.br\/curitiba\/wp-content\/uploads\/sites\/3\/2019\/09\/briochee-1024x683.jpg 1024w, https:\/\/mcities.com.br\/curitiba\/wp-content\/uploads\/sites\/3\/2019\/09\/briochee-300x200.jpg 300w, https:\/\/mcities.com.br\/curitiba\/wp-content\/uploads\/sites\/3\/2019\/09\/briochee-768x512.jpg 768w, https:\/\/mcities.com.br\/curitiba\/wp-content\/uploads\/sites\/3\/2019\/09\/briochee-600x400.jpg 600w\" sizes=\"(max-width: 600px) 100vw, 600px\" \/><p id=\"caption-attachment-9281\" class=\"wp-caption-text\">Variedade no Caf\u00e9 da Manh\u00e3. Foto Divulga\u00e7\u00e3o<\/p><\/div>\n<p>Endere\u00e7o: Rua Silva Jardim, 2332| \u00c1gua Verde | Telefone: (41) 3022-1166 | <a href=\"https:\/\/www.brioche.com.br\/\">Brioche<\/a><\/p>\n<h3>Original e feito com amor<\/h3>\n<p>A felicidade est\u00e1 nas coisas mais simples, e a Central do Abacaxi \u00e9 a prova disso. Nesse simp\u00e1tico sobrado cor de rosa, as refei\u00e7\u00f5es\u00a0s\u00e3o feitas\u00a0com ingredientes org\u00e2nicos e de pequenos produtores locais, ou seja: tudo o que vai no seu prato \u00e9 de qualidade e selecionado com carinho por quem prepara.<\/p>\n<p>Uma op\u00e7\u00e3o que voc\u00ea precisa provar s\u00e3o os ovos Beneditinos. Essa del\u00edcia vem servida com um p\u00e3o de fermenta\u00e7\u00e3o natural, ovos Poch\u00e9, bacon e molho Bechamel para dar aquela sucul\u00eancia: ele \u00e9 cozinhado com farinha de trigo em manteiga, e depois dilu\u00eddo com leite, chegando a uma consist\u00eancia cremosa.<\/p>\n<div id=\"attachment_9356\" style=\"width: 814px\" class=\"wp-caption aligncenter\"><img loading=\"lazy\" decoding=\"async\" aria-describedby=\"caption-attachment-9356\" class=\"wp-image-9356\" src=\"https:\/\/mcities.com.br\/curitiba\/wp-content\/uploads\/sites\/3\/2019\/09\/central-do-abaaxi-1024x957.jpg\" alt=\"\" width=\"804\" height=\"751\" srcset=\"https:\/\/mcities.com.br\/curitiba\/wp-content\/uploads\/sites\/3\/2019\/09\/central-do-abaaxi-1024x957.jpg 1024w, https:\/\/mcities.com.br\/curitiba\/wp-content\/uploads\/sites\/3\/2019\/09\/central-do-abaaxi-300x280.jpg 300w, https:\/\/mcities.com.br\/curitiba\/wp-content\/uploads\/sites\/3\/2019\/09\/central-do-abaaxi-768x717.jpg 768w, https:\/\/mcities.com.br\/curitiba\/wp-content\/uploads\/sites\/3\/2019\/09\/central-do-abaaxi.jpg 1079w\" sizes=\"(max-width: 804px) 100vw, 804px\" \/><p id=\"caption-attachment-9356\" class=\"wp-caption-text\">Central do Abacaxi. Foto Divulga\u00e7\u00e3o<\/p><\/div>\n<p>Esse prato tem duas op\u00e7\u00f5es:\u00a0uma com presunto e a outra feita com shitake. Ambas v\u00eam com espinafre. Quando voc\u00ea corta os ovos sob o p\u00e3o, a gema\u00a0escorre e\u00a0d\u00e1 at\u00e9\u00a0\u00e1gua na boca e a certeza de que voc\u00ea pediu o prato certo.<\/p>\n<p>Os produtos org\u00e2nicos e de qualidade alimentam bem e fazem toda diferen\u00e7a no sabor. Para acompanhar os ovos beneditinos, experimente o suco de abacaxi, voc\u00ea n\u00e3o vai se decepcionar.<\/p>\n<p>A Central do Abacaxi \u00e9 um local\u00a0caseiro e acolhedor, com decora\u00e7\u00e3o tem\u00e1tica da fruta que d\u00e1 o nome, pet friendly e que pede companhia. Ent\u00e3o chame os amigos e v\u00e1 conhecer esse lugarzinho incr\u00edvel. O caf\u00e9 da manh\u00e3 come\u00e7a \u00e0s 10h.<\/p>\n<div id=\"attachment_9357\" style=\"width: 814px\" class=\"wp-caption aligncenter\"><img loading=\"lazy\" decoding=\"async\" aria-describedby=\"caption-attachment-9357\" class=\"wp-image-9357\" src=\"https:\/\/mcities.com.br\/curitiba\/wp-content\/uploads\/sites\/3\/2019\/09\/central-do-abacaxi-1024x887.jpg\" alt=\"\" width=\"804\" height=\"697\" srcset=\"https:\/\/mcities.com.br\/curitiba\/wp-content\/uploads\/sites\/3\/2019\/09\/central-do-abacaxi-1024x887.jpg 1024w, https:\/\/mcities.com.br\/curitiba\/wp-content\/uploads\/sites\/3\/2019\/09\/central-do-abacaxi-300x260.jpg 300w, https:\/\/mcities.com.br\/curitiba\/wp-content\/uploads\/sites\/3\/2019\/09\/central-do-abacaxi-768x666.jpg 768w, https:\/\/mcities.com.br\/curitiba\/wp-content\/uploads\/sites\/3\/2019\/09\/central-do-abacaxi.jpg 1079w\" sizes=\"(max-width: 804px) 100vw, 804px\" \/><p id=\"caption-attachment-9357\" class=\"wp-caption-text\">Caf\u00e9 da manh\u00e3. Foto Divulga\u00e7\u00e3o<\/p><\/div>\n<p>Endere\u00e7o: Alameda J\u00falia da Costa, 474 | S\u00e3o Francisco | Telefone: (41) 99907-0080 | <a href=\"https:\/\/www.facebook.com\/centraldoabacaxi\/\">Facebook da Central do Abacaxi<\/a><\/p>\n<h3>Pegada artesanal<\/h3>\n<p>A Prestinaria tem um conceito de padaria artesanal, e nem de longe \u00e9 aquele lugar onde voc\u00ea chega, pede\u00a0e vai\u00a0embora. Quando chegar na rua, olhe para o alto. Viu uma bicicleta sob o teto? \u00c9 este o lugar, seja bem-vindo.<\/p>\n<p>Quando entra, voc\u00ea \u00e9 recebido por um\u00a0ambiente charmoso e agrad\u00e1vel: a decora\u00e7\u00e3o tem uma pegada r\u00fastica e h\u00e1 v\u00e1rios sof\u00e1s, mesas, bancos e cadeiras para se acomodar. Os doces da vitrine s\u00e3o de encher os olhos: grandes, coloridos, e com\u00a0um acabamento instigante, que desperta\u00a0o apetite de quem chega.<\/p>\n<div id=\"attachment_9358\" style=\"width: 810px\" class=\"wp-caption aligncenter\"><img loading=\"lazy\" decoding=\"async\" aria-describedby=\"caption-attachment-9358\" class=\"wp-image-9358\" src=\"https:\/\/mcities.com.br\/curitiba\/wp-content\/uploads\/sites\/3\/2019\/09\/pest.jpg\" alt=\"\" width=\"800\" height=\"653\" srcset=\"https:\/\/mcities.com.br\/curitiba\/wp-content\/uploads\/sites\/3\/2019\/09\/pest.jpg 960w, https:\/\/mcities.com.br\/curitiba\/wp-content\/uploads\/sites\/3\/2019\/09\/pest-300x245.jpg 300w, https:\/\/mcities.com.br\/curitiba\/wp-content\/uploads\/sites\/3\/2019\/09\/pest-768x626.jpg 768w\" sizes=\"(max-width: 800px) 100vw, 800px\" \/><p id=\"caption-attachment-9358\" class=\"wp-caption-text\">Pestinaria. Foto Divulga\u00e7\u00e3o<\/p><\/div>\n<p>Ali voc\u00ea encontra croissants tradicionalmente franceses: farinha importada,\u00a0manteiga e aquele sabor\u00a0que te faz ter um gostinho da Fran\u00e7a ali mesmo.<\/p>\n<p>Escolha o\u00a0croissant de am\u00eandoas ou o de\u00a0tomate com queijo branco, que o sabor \u00e9 garantido. Ali\u00e1s,\u00a0queijo branco e p\u00e3es sem prote\u00edna animal s\u00e3o algumas das op\u00e7\u00f5es vegetarianas.Das bebidas quentes, v\u00e1 no caf\u00e9 latte e no caf\u00e9 expresso com torra artesanal e local.<\/p>\n<p>Na Pestinaria voc\u00ea tamb\u00e9m encontra comidinhas saud\u00e1veis como: torrada de abacate, salada de frutas, omelete e bebidas com leite de coco ao inv\u00e9s do leite animal. Um card\u00e1pio completo.<\/p>\n<p>O caf\u00e9 da manh\u00e3 \u00e9 \u00e0 la carte e abre \u00e0s 08h. A casa dos p\u00e3es tem um estacionamento ao lado, mas l\u00e1 costuma formar fila de espera, principalmente aos fins de semana, ent\u00e3o \u00e9 bom chegar cedo. Bora conhecer? Ent\u00e3o chama galera para come\u00e7ar o dia com um belo caf\u00e9 da manh\u00e3!<\/p>\n<div id=\"attachment_9283\" style=\"width: 610px\" class=\"wp-caption aligncenter\"><img loading=\"lazy\" decoding=\"async\" aria-describedby=\"caption-attachment-9283\" class=\"wp-image-9283\" src=\"https:\/\/mcities.com.br\/curitiba\/wp-content\/uploads\/sites\/3\/2019\/09\/croissant.jpg\" alt=\"\" width=\"600\" height=\"600\" srcset=\"https:\/\/mcities.com.br\/curitiba\/wp-content\/uploads\/sites\/3\/2019\/09\/croissant.jpg 960w, https:\/\/mcities.com.br\/curitiba\/wp-content\/uploads\/sites\/3\/2019\/09\/croissant-150x150.jpg 150w, https:\/\/mcities.com.br\/curitiba\/wp-content\/uploads\/sites\/3\/2019\/09\/croissant-300x300.jpg 300w, https:\/\/mcities.com.br\/curitiba\/wp-content\/uploads\/sites\/3\/2019\/09\/croissant-768x768.jpg 768w, https:\/\/mcities.com.br\/curitiba\/wp-content\/uploads\/sites\/3\/2019\/09\/croissant-600x600.jpg 600w\" sizes=\"(max-width: 600px) 100vw, 600px\" \/><p id=\"caption-attachment-9283\" class=\"wp-caption-text\">Croissant de Am\u00eandoas. Foto Divulga\u00e7\u00e3o<\/p><\/div>\n<p>Endere\u00e7o: Rua Euclides da Cunha, 699 |Bigorrilho | Telefone: (41) 3342-4576 | <a href=\"%20A%20casa%20dos%20p\u00e3es\">Prestinaria: A casa dos p\u00e3es<\/a><\/p>\n<p>Um cafezinho \u00e9 bom, mas um chocolate quente tamb\u00e9m. Quer dar aquela boa adocicada no seu dia? Ent\u00e3o vem ver\u00a0<a href=\"https:\/\/mcities.com.br\/curitiba\/sabor-curitiba\/onde-tomar-chocolate-quente-em-curitiba\/\">onde tomar essa del\u00edcia<\/a>.<\/p>\n","protected":false},"excerpt":{"rendered":"<p>Locais para tomar um bom caf\u00e9 da manh\u00e3 no domingo<\/p>\n","protected":false},"author":1,"featured_media":9284,"comment_status":"open","ping_status":"open","sticky":false,"template":"","format":"standard","meta":{"footnotes":""},"categories":[12],"tags":[280,281,282,283,284,285],"yoast_head":"<!-- This site is optimized with the Yoast SEO plugin v21.9.1 - https:\/\/yoast.com\/wordpress\/plugins\/seo\/ -->\n<title>Domingou: Caf\u00e9 da Manh\u00e3 fora de casa | MCities Curitiba<\/title>\n<meta name=\"description\" content=\"Que tal se aventurar um pouco e conhecer lugares onde o caf\u00e9 da manh\u00e3 te faz querer sair da cama no domingo? Vem saber onde!\" \/>\n<meta name=\"robots\" content=\"index, follow, max-snippet:-1, max-image-preview:large, max-video-preview:-1\" \/>\n<link rel=\"canonical\" href=\"https:\/\/mcities.com.br\/curitiba\/sabor-curitiba\/padarias-cafe-da-manha-curitiba\/\" \/>\n<meta property=\"og:locale\" content=\"pt_BR\" \/>\n<meta property=\"og:type\" content=\"article\" \/>\n<meta property=\"og:title\" content=\"Domingou: Caf\u00e9 da Manh\u00e3 fora de casa | MCities Curitiba\" \/>\n<meta property=\"og:description\" content=\"Que tal se aventurar um pouco e conhecer lugares onde o caf\u00e9 da manh\u00e3 te faz querer sair da cama no domingo? Vem saber onde!\" \/>\n<meta property=\"og:url\" content=\"https:\/\/mcities.com.br\/curitiba\/sabor-curitiba\/padarias-cafe-da-manha-curitiba\/\" \/>\n<meta property=\"og:site_name\" content=\"MCities Curitiba\" \/>\n<meta property=\"article:published_time\" content=\"2019-09-14T18:57:32+00:00\" \/>\n<meta property=\"article:modified_time\" content=\"2021-04-14T22:11:46+00:00\" \/>\n<meta property=\"og:image\" content=\"https:\/\/mcities.com.br\/curitiba\/wp-content\/uploads\/sites\/3\/2019\/09\/cafe-da-manha.jpg\" \/>\n\t<meta property=\"og:image:width\" content=\"984\" \/>\n\t<meta property=\"og:image:height\" content=\"656\" \/>\n\t<meta property=\"og:image:type\" content=\"image\/jpeg\" \/>\n<meta name=\"author\" content=\"Inundaweb\" \/>\n<meta name=\"twitter:card\" content=\"summary_large_image\" \/>\n<meta name=\"twitter:label1\" content=\"Written by\" \/>\n\t<meta name=\"twitter:data1\" content=\"Inundaweb\" \/>\n\t<meta name=\"twitter:label2\" content=\"Est. reading time\" \/>\n\t<meta name=\"twitter:data2\" content=\"7 minutos\" \/>\n<script type=\"application\/ld+json\" class=\"yoast-schema-graph\">{\"@context\":\"https:\/\/schema.org\",\"@graph\":[{\"@type\":\"Article\",\"@id\":\"https:\/\/mcities.com.br\/curitiba\/sabor-curitiba\/padarias-cafe-da-manha-curitiba\/#article\",\"isPartOf\":{\"@id\":\"https:\/\/mcities.com.br\/curitiba\/sabor-curitiba\/padarias-cafe-da-manha-curitiba\/\"},\"author\":{\"name\":\"Inundaweb\",\"@id\":\"https:\/\/mcities.com.br\/curitiba\/#\/schema\/person\/d1d2f2ec42904682858920d202234f86\"},\"headline\":\"Domingou: Caf\u00e9 da Manh\u00e3 fora de casa\",\"datePublished\":\"2019-09-14T18:57:32+00:00\",\"dateModified\":\"2021-04-14T22:11:46+00:00\",\"mainEntityOfPage\":{\"@id\":\"https:\/\/mcities.com.br\/curitiba\/sabor-curitiba\/padarias-cafe-da-manha-curitiba\/\"},\"wordCount\":1356,\"commentCount\":0,\"publisher\":{\"@id\":\"https:\/\/mcities.com.br\/curitiba\/#organization\"},\"keywords\":[\"cafe da manh\u00e3\",\"domingo\",\"caf\u00e9\",\"caf\u00e9 colonial\",\"croissant\",\"p\u00e3es\"],\"articleSection\":[\"Sabor Curitiba\"],\"inLanguage\":\"pt-BR\",\"potentialAction\":[{\"@type\":\"CommentAction\",\"name\":\"Comment\",\"target\":[\"https:\/\/mcities.com.br\/curitiba\/sabor-curitiba\/padarias-cafe-da-manha-curitiba\/#respond\"]}]},{\"@type\":\"WebPage\",\"@id\":\"https:\/\/mcities.com.br\/curitiba\/sabor-curitiba\/padarias-cafe-da-manha-curitiba\/\",\"url\":\"https:\/\/mcities.com.br\/curitiba\/sabor-curitiba\/padarias-cafe-da-manha-curitiba\/\",\"name\":\"Domingou: Caf\u00e9 da Manh\u00e3 fora de casa | MCities Curitiba\",\"isPartOf\":{\"@id\":\"https:\/\/mcities.com.br\/curitiba\/#website\"},\"datePublished\":\"2019-09-14T18:57:32+00:00\",\"dateModified\":\"2021-04-14T22:11:46+00:00\",\"description\":\"Que tal se aventurar um pouco e conhecer lugares onde o caf\u00e9 da manh\u00e3 te faz querer sair da cama no domingo? Vem saber onde!\",\"breadcrumb\":{\"@id\":\"https:\/\/mcities.com.br\/curitiba\/sabor-curitiba\/padarias-cafe-da-manha-curitiba\/#breadcrumb\"},\"inLanguage\":\"pt-BR\",\"potentialAction\":[{\"@type\":\"ReadAction\",\"target\":[\"https:\/\/mcities.com.br\/curitiba\/sabor-curitiba\/padarias-cafe-da-manha-curitiba\/\"]}]},{\"@type\":\"BreadcrumbList\",\"@id\":\"https:\/\/mcities.com.br\/curitiba\/sabor-curitiba\/padarias-cafe-da-manha-curitiba\/#breadcrumb\",\"itemListElement\":[{\"@type\":\"ListItem\",\"position\":1,\"name\":\"Home\",\"item\":\"https:\/\/mcities.com.br\/curitiba\/\"},{\"@type\":\"ListItem\",\"position\":2,\"name\":\"Domingou: Caf\u00e9 da Manh\u00e3 fora de casa\"}]},{\"@type\":\"WebSite\",\"@id\":\"https:\/\/mcities.com.br\/curitiba\/#website\",\"url\":\"https:\/\/mcities.com.br\/curitiba\/\",\"name\":\"MCities Curitiba\",\"description\":\"MCities \u00e9 um sistema que tem a disposic\u0327a\u0303o de dinamizar a integrac\u0327a\u0303o entre pessoas e cidades. Somos um sistema que oferece conte\u00fados de experi\u00eancias divertidas para voc\u00ea curtir e viver momentos incr\u00edveis, seja em casa ou nas ruas da cidade.\",\"publisher\":{\"@id\":\"https:\/\/mcities.com.br\/curitiba\/#organization\"},\"potentialAction\":[{\"@type\":\"SearchAction\",\"target\":{\"@type\":\"EntryPoint\",\"urlTemplate\":\"https:\/\/mcities.com.br\/curitiba\/?s={search_term_string}\"},\"query-input\":\"required name=search_term_string\"}],\"inLanguage\":\"pt-BR\"},{\"@type\":\"Organization\",\"@id\":\"https:\/\/mcities.com.br\/curitiba\/#organization\",\"name\":\"MCities\",\"url\":\"https:\/\/mcities.com.br\/curitiba\/\",\"logo\":{\"@type\":\"ImageObject\",\"inLanguage\":\"pt-BR\",\"@id\":\"https:\/\/mcities.com.br\/curitiba\/#\/schema\/logo\/image\/\",\"url\":\"https:\/\/mcities.com.br\/curitiba\/wp-content\/uploads\/sites\/3\/2017\/03\/mcities-color.png\",\"contentUrl\":\"https:\/\/mcities.com.br\/curitiba\/wp-content\/uploads\/sites\/3\/2017\/03\/mcities-color.png\",\"width\":248,\"height\":57,\"caption\":\"MCities\"},\"image\":{\"@id\":\"https:\/\/mcities.com.br\/curitiba\/#\/schema\/logo\/image\/\"}},{\"@type\":\"Person\",\"@id\":\"https:\/\/mcities.com.br\/curitiba\/#\/schema\/person\/d1d2f2ec42904682858920d202234f86\",\"name\":\"Inundaweb\",\"image\":{\"@type\":\"ImageObject\",\"inLanguage\":\"pt-BR\",\"@id\":\"https:\/\/mcities.com.br\/curitiba\/#\/schema\/person\/image\/\",\"url\":\"https:\/\/secure.gravatar.com\/avatar\/4573ed0880b6a3503fc776194d661e55?s=96&d=mm&r=g\",\"contentUrl\":\"https:\/\/secure.gravatar.com\/avatar\/4573ed0880b6a3503fc776194d661e55?s=96&d=mm&r=g\",\"caption\":\"Inundaweb\"}}]}<\/script>\n<!-- \/ Yoast SEO plugin. -->","yoast_head_json":{"title":"Domingou: Caf\u00e9 da Manh\u00e3 fora de casa | MCities Curitiba","description":"Que tal se aventurar um pouco e conhecer lugares onde o caf\u00e9 da manh\u00e3 te faz querer sair da cama no domingo? Vem saber onde!","robots":{"index":"index","follow":"follow","max-snippet":"max-snippet:-1","max-image-preview":"max-image-preview:large","max-video-preview":"max-video-preview:-1"},"canonical":"https:\/\/mcities.com.br\/curitiba\/sabor-curitiba\/padarias-cafe-da-manha-curitiba\/","og_locale":"pt_BR","og_type":"article","og_title":"Domingou: Caf\u00e9 da Manh\u00e3 fora de casa | MCities Curitiba","og_description":"Que tal se aventurar um pouco e conhecer lugares onde o caf\u00e9 da manh\u00e3 te faz querer sair da cama no domingo? Vem saber onde!","og_url":"https:\/\/mcities.com.br\/curitiba\/sabor-curitiba\/padarias-cafe-da-manha-curitiba\/","og_site_name":"MCities Curitiba","article_published_time":"2019-09-14T18:57:32+00:00","article_modified_time":"2021-04-14T22:11:46+00:00","og_image":[{"width":984,"height":656,"url":"https:\/\/mcities.com.br\/curitiba\/wp-content\/uploads\/sites\/3\/2019\/09\/cafe-da-manha.jpg","type":"image\/jpeg"}],"author":"Inundaweb","twitter_card":"summary_large_image","twitter_misc":{"Written by":"Inundaweb","Est. reading time":"7 minutos"},"schema":{"@context":"https:\/\/schema.org","@graph":[{"@type":"Article","@id":"https:\/\/mcities.com.br\/curitiba\/sabor-curitiba\/padarias-cafe-da-manha-curitiba\/#article","isPartOf":{"@id":"https:\/\/mcities.com.br\/curitiba\/sabor-curitiba\/padarias-cafe-da-manha-curitiba\/"},"author":{"name":"Inundaweb","@id":"https:\/\/mcities.com.br\/curitiba\/#\/schema\/person\/d1d2f2ec42904682858920d202234f86"},"headline":"Domingou: Caf\u00e9 da Manh\u00e3 fora de casa","datePublished":"2019-09-14T18:57:32+00:00","dateModified":"2021-04-14T22:11:46+00:00","mainEntityOfPage":{"@id":"https:\/\/mcities.com.br\/curitiba\/sabor-curitiba\/padarias-cafe-da-manha-curitiba\/"},"wordCount":1356,"commentCount":0,"publisher":{"@id":"https:\/\/mcities.com.br\/curitiba\/#organization"},"keywords":["cafe da manh\u00e3","domingo","caf\u00e9","caf\u00e9 colonial","croissant","p\u00e3es"],"articleSection":["Sabor Curitiba"],"inLanguage":"pt-BR","potentialAction":[{"@type":"CommentAction","name":"Comment","target":["https:\/\/mcities.com.br\/curitiba\/sabor-curitiba\/padarias-cafe-da-manha-curitiba\/#respond"]}]},{"@type":"WebPage","@id":"https:\/\/mcities.com.br\/curitiba\/sabor-curitiba\/padarias-cafe-da-manha-curitiba\/","url":"https:\/\/mcities.com.br\/curitiba\/sabor-curitiba\/padarias-cafe-da-manha-curitiba\/","name":"Domingou: Caf\u00e9 da Manh\u00e3 fora de casa | MCities Curitiba","isPartOf":{"@id":"https:\/\/mcities.com.br\/curitiba\/#website"},"datePublished":"2019-09-14T18:57:32+00:00","dateModified":"2021-04-14T22:11:46+00:00","description":"Que tal se aventurar um pouco e conhecer lugares onde o caf\u00e9 da manh\u00e3 te faz querer sair da cama no domingo? Vem saber onde!","breadcrumb":{"@id":"https:\/\/mcities.com.br\/curitiba\/sabor-curitiba\/padarias-cafe-da-manha-curitiba\/#breadcrumb"},"inLanguage":"pt-BR","potentialAction":[{"@type":"ReadAction","target":["https:\/\/mcities.com.br\/curitiba\/sabor-curitiba\/padarias-cafe-da-manha-curitiba\/"]}]},{"@type":"BreadcrumbList","@id":"https:\/\/mcities.com.br\/curitiba\/sabor-curitiba\/padarias-cafe-da-manha-curitiba\/#breadcrumb","itemListElement":[{"@type":"ListItem","position":1,"name":"Home","item":"https:\/\/mcities.com.br\/curitiba\/"},{"@type":"ListItem","position":2,"name":"Domingou: Caf\u00e9 da Manh\u00e3 fora de casa"}]},{"@type":"WebSite","@id":"https:\/\/mcities.com.br\/curitiba\/#website","url":"https:\/\/mcities.com.br\/curitiba\/","name":"MCities Curitiba","description":"MCities \u00e9 um sistema que tem a disposic\u0327a\u0303o de dinamizar a integrac\u0327a\u0303o entre pessoas e cidades. Somos um sistema que oferece conte\u00fados de experi\u00eancias divertidas para voc\u00ea curtir e viver momentos incr\u00edveis, seja em casa ou nas ruas da cidade.","publisher":{"@id":"https:\/\/mcities.com.br\/curitiba\/#organization"},"potentialAction":[{"@type":"SearchAction","target":{"@type":"EntryPoint","urlTemplate":"https:\/\/mcities.com.br\/curitiba\/?s={search_term_string}"},"query-input":"required name=search_term_string"}],"inLanguage":"pt-BR"},{"@type":"Organization","@id":"https:\/\/mcities.com.br\/curitiba\/#organization","name":"MCities","url":"https:\/\/mcities.com.br\/curitiba\/","logo":{"@type":"ImageObject","inLanguage":"pt-BR","@id":"https:\/\/mcities.com.br\/curitiba\/#\/schema\/logo\/image\/","url":"https:\/\/mcities.com.br\/curitiba\/wp-content\/uploads\/sites\/3\/2017\/03\/mcities-color.png","contentUrl":"https:\/\/mcities.com.br\/curitiba\/wp-content\/uploads\/sites\/3\/2017\/03\/mcities-color.png","width":248,"height":57,"caption":"MCities"},"image":{"@id":"https:\/\/mcities.com.br\/curitiba\/#\/schema\/logo\/image\/"}},{"@type":"Person","@id":"https:\/\/mcities.com.br\/curitiba\/#\/schema\/person\/d1d2f2ec42904682858920d202234f86","name":"Inundaweb","image":{"@type":"ImageObject","inLanguage":"pt-BR","@id":"https:\/\/mcities.com.br\/curitiba\/#\/schema\/person\/image\/","url":"https:\/\/secure.gravatar.com\/avatar\/4573ed0880b6a3503fc776194d661e55?s=96&d=mm&r=g","contentUrl":"https:\/\/secure.gravatar.com\/avatar\/4573ed0880b6a3503fc776194d661e55?s=96&d=mm&r=g","caption":"Inundaweb"}}]}},"_links":{"self":[{"href":"https:\/\/mcities.com.br\/curitiba\/wp-json\/wp\/v2\/posts\/8727"}],"collection":[{"href":"https:\/\/mcities.com.br\/curitiba\/wp-json\/wp\/v2\/posts"}],"about":[{"href":"https:\/\/mcities.com.br\/curitiba\/wp-json\/wp\/v2\/types\/post"}],"author":[{"embeddable":true,"href":"https:\/\/mcities.com.br\/curitiba\/wp-json\/wp\/v2\/users\/1"}],"replies":[{"embeddable":true,"href":"https:\/\/mcities.com.br\/curitiba\/wp-json\/wp\/v2\/comments?post=8727"}],"version-history":[{"count":6,"href":"https:\/\/mcities.com.br\/curitiba\/wp-json\/wp\/v2\/posts\/8727\/revisions"}],"predecessor-version":[{"id":9359,"href":"https:\/\/mcities.com.br\/curitiba\/wp-json\/wp\/v2\/posts\/8727\/revisions\/9359"}],"wp:featuredmedia":[{"embeddable":true,"href":"https:\/\/mcities.com.br\/curitiba\/wp-json\/wp\/v2\/media\/9284"}],"wp:attachment":[{"href":"https:\/\/mcities.com.br\/curitiba\/wp-json\/wp\/v2\/media?parent=8727"}],"wp:term":[{"taxonomy":"category","embeddable":true,"href":"https:\/\/mcities.com.br\/curitiba\/wp-json\/wp\/v2\/categories?post=8727"},{"taxonomy":"post_tag","embeddable":true,"href":"https:\/\/mcities.com.br\/curitiba\/wp-json\/wp\/v2\/tags?post=8727"}],"curies":[{"name":"wp","href":"https:\/\/api.w.org\/{rel}","templated":true}]}}