{"id":8597,"date":"2019-06-18T12:29:34","date_gmt":"2019-06-18T15:29:34","guid":{"rendered":"https:\/\/mcities.com.br\/curitiba\/?p=8597"},"modified":"2021-04-14T19:38:29","modified_gmt":"2021-04-14T22:38:29","slug":"pao-com-bolinho","status":"publish","type":"post","link":"https:\/\/mcities.com.br\/curitiba\/sabor-curitiba\/pao-com-bolinho\/","title":{"rendered":"P\u00e3o com Bolinho"},"content":{"rendered":"<h2>Onde comer o famoso P\u00e3o com Bolinho.<\/h2>\n<h3>Lingui\u00e7a Blumenau<\/h3>\n<p>No Armaz\u00e9m Santa Ana, o p\u00e3o com bolinho \u00e9 de carne bovina e com a lingui\u00e7a Blumenau, coberto com queijo alem\u00e3o derretido e cheiro verde servido no p\u00e3o bolinha com gergelim. Acompanha maionese artesanal de alho. Crocante e delicioso!<\/p>\n<p>Endere\u00e7o: Av Salgado Filho, 4460| Uberaba| (41) 3024-5320 |Segunda a sexta das 14h \u00e0s 23h. S\u00e1bado das 12h \u00e0s 23h.<\/p>\n<h2>P\u00e3o Franc\u00eas<\/h2>\n<p>Baroneza, tem um o bolinho de carne super temperado, queijo mu\u00e7arela derretido polvilhado com chimichurri, tomate e alface no p\u00e3o franc\u00eas. Acompanha fritas e maionese artesanal. E depois das 20h o Bar tem sempre um som ao vivo de quarta a s\u00e1bado .<\/p>\n<p>Endere\u00e7o: Rua Conselheiro Carr\u00e3o, 279 |Juvev\u00ea |(41) 3352-9327| Segunda a s\u00e1bado das 17h30 \u00e0s 23h.<\/p>\n<h3>P\u00e3o Bolinha<\/h3>\n<p>No Bassete, o bolinho de carne com tempero especial, queijo mu\u00e7arela e cheiro verde servido no p\u00e3o bolinha. Acompanha molho de pimenta e maionese artesanal da casa.<\/p>\n<p>Endere\u00e7o: Rua Marechal Hermes, 1024 |Centro C\u00edvico |(41) 3082-7883 |Segunda a domingo das 12h \u00e0 01h.<\/p>\n<h3>Bolinho com Bacon<\/h3>\n<p>No Burguer Bar vem com Tr\u00eas bolinhos de costela, bacon tostado, molho especial de chimichurri, maionese artesanal servido no p\u00e3o franc\u00eas. Acompanha molho especial da casa.<\/p>\n<p>Rua Francisco Derosso, 1095 \u2013 Xaxim \u2013 (41) 3082-8229. Segunda a quinta das 18h \u00e0s 23h. Sexta das 18h \u00e0s 0h30. S\u00e1bado das 12h \u00e0s 15h e das 18h \u00e0s 0h30.<\/p>\n","protected":false},"excerpt":{"rendered":"<p>Onde comer o famoso P\u00e3o com Bolinho. Lingui\u00e7a Blumenau No Armaz\u00e9m Santa Ana, o p\u00e3o com bolinho \u00e9 de carne bovina e com a lingui\u00e7a Blumenau, coberto com queijo alem\u00e3o derretido e cheiro verde servido no p\u00e3o bolinha com gergelim. Acompanha maionese artesanal de alho. Crocante e delicioso! Endere\u00e7o: Av Salgado Filho, 4460| Uberaba| (41) [&hellip;]<\/p>\n","protected":false},"author":23,"featured_media":8598,"comment_status":"open","ping_status":"open","sticky":false,"template":"","format":"standard","meta":{"footnotes":""},"categories":[12],"tags":[],"yoast_head":"<!-- This site is optimized with the Yoast SEO plugin v21.9.1 - https:\/\/yoast.com\/wordpress\/plugins\/seo\/ -->\n<title>P\u00e3o com Bolinho | MCities Curitiba<\/title>\n<meta name=\"robots\" content=\"index, follow, max-snippet:-1, max-image-preview:large, max-video-preview:-1\" \/>\n<link rel=\"canonical\" href=\"https:\/\/mcities.com.br\/curitiba\/sabor-curitiba\/pao-com-bolinho\/\" \/>\n<meta property=\"og:locale\" content=\"pt_BR\" \/>\n<meta property=\"og:type\" content=\"article\" \/>\n<meta property=\"og:title\" content=\"P\u00e3o com Bolinho | MCities Curitiba\" \/>\n<meta property=\"og:description\" content=\"Onde comer o famoso P\u00e3o com Bolinho. Lingui\u00e7a Blumenau No Armaz\u00e9m Santa Ana, o p\u00e3o com bolinho \u00e9 de carne bovina e com a lingui\u00e7a Blumenau, coberto com queijo alem\u00e3o derretido e cheiro verde servido no p\u00e3o bolinha com gergelim. Acompanha maionese artesanal de alho. Crocante e delicioso! Endere\u00e7o: Av Salgado Filho, 4460| Uberaba| (41) [&hellip;]\" \/>\n<meta property=\"og:url\" content=\"https:\/\/mcities.com.br\/curitiba\/sabor-curitiba\/pao-com-bolinho\/\" \/>\n<meta property=\"og:site_name\" content=\"MCities Curitiba\" \/>\n<meta property=\"article:published_time\" content=\"2019-06-18T15:29:34+00:00\" \/>\n<meta property=\"article:modified_time\" content=\"2021-04-14T22:38:29+00:00\" \/>\n<meta property=\"og:image\" content=\"https:\/\/mcities.com.br\/curitiba\/wp-content\/uploads\/sites\/3\/2019\/06\/bacon.jpg\" \/>\n\t<meta property=\"og:image:width\" content=\"670\" \/>\n\t<meta property=\"og:image:height\" content=\"391\" \/>\n\t<meta property=\"og:image:type\" content=\"image\/jpeg\" \/>\n<meta name=\"author\" content=\"ana paula miranda\" \/>\n<meta name=\"twitter:card\" content=\"summary_large_image\" \/>\n<meta name=\"twitter:label1\" content=\"Written by\" \/>\n\t<meta name=\"twitter:data1\" content=\"ana paula miranda\" \/>\n\t<meta name=\"twitter:label2\" content=\"Est. reading time\" \/>\n\t<meta name=\"twitter:data2\" content=\"2 minutos\" \/>\n<script type=\"application\/ld+json\" class=\"yoast-schema-graph\">{\"@context\":\"https:\/\/schema.org\",\"@graph\":[{\"@type\":\"Article\",\"@id\":\"https:\/\/mcities.com.br\/curitiba\/sabor-curitiba\/pao-com-bolinho\/#article\",\"isPartOf\":{\"@id\":\"https:\/\/mcities.com.br\/curitiba\/sabor-curitiba\/pao-com-bolinho\/\"},\"author\":{\"name\":\"ana paula miranda\",\"@id\":\"https:\/\/mcities.com.br\/curitiba\/#\/schema\/person\/0584f3618895d12517d8e357750a3bd7\"},\"headline\":\"P\u00e3o com Bolinho\",\"datePublished\":\"2019-06-18T15:29:34+00:00\",\"dateModified\":\"2021-04-14T22:38:29+00:00\",\"mainEntityOfPage\":{\"@id\":\"https:\/\/mcities.com.br\/curitiba\/sabor-curitiba\/pao-com-bolinho\/\"},\"wordCount\":251,\"commentCount\":0,\"publisher\":{\"@id\":\"https:\/\/mcities.com.br\/curitiba\/#organization\"},\"articleSection\":[\"Sabor Curitiba\"],\"inLanguage\":\"pt-BR\",\"potentialAction\":[{\"@type\":\"CommentAction\",\"name\":\"Comment\",\"target\":[\"https:\/\/mcities.com.br\/curitiba\/sabor-curitiba\/pao-com-bolinho\/#respond\"]}]},{\"@type\":\"WebPage\",\"@id\":\"https:\/\/mcities.com.br\/curitiba\/sabor-curitiba\/pao-com-bolinho\/\",\"url\":\"https:\/\/mcities.com.br\/curitiba\/sabor-curitiba\/pao-com-bolinho\/\",\"name\":\"P\u00e3o com Bolinho | MCities Curitiba\",\"isPartOf\":{\"@id\":\"https:\/\/mcities.com.br\/curitiba\/#website\"},\"datePublished\":\"2019-06-18T15:29:34+00:00\",\"dateModified\":\"2021-04-14T22:38:29+00:00\",\"breadcrumb\":{\"@id\":\"https:\/\/mcities.com.br\/curitiba\/sabor-curitiba\/pao-com-bolinho\/#breadcrumb\"},\"inLanguage\":\"pt-BR\",\"potentialAction\":[{\"@type\":\"ReadAction\",\"target\":[\"https:\/\/mcities.com.br\/curitiba\/sabor-curitiba\/pao-com-bolinho\/\"]}]},{\"@type\":\"BreadcrumbList\",\"@id\":\"https:\/\/mcities.com.br\/curitiba\/sabor-curitiba\/pao-com-bolinho\/#breadcrumb\",\"itemListElement\":[{\"@type\":\"ListItem\",\"position\":1,\"name\":\"Home\",\"item\":\"https:\/\/mcities.com.br\/curitiba\/\"},{\"@type\":\"ListItem\",\"position\":2,\"name\":\"P\u00e3o com Bolinho\"}]},{\"@type\":\"WebSite\",\"@id\":\"https:\/\/mcities.com.br\/curitiba\/#website\",\"url\":\"https:\/\/mcities.com.br\/curitiba\/\",\"name\":\"MCities Curitiba\",\"description\":\"MCities \u00e9 um sistema que tem a disposic\u0327a\u0303o de dinamizar a integrac\u0327a\u0303o entre pessoas e cidades. Somos um sistema que oferece conte\u00fados de experi\u00eancias divertidas para voc\u00ea curtir e viver momentos incr\u00edveis, seja em casa ou nas ruas da cidade.\",\"publisher\":{\"@id\":\"https:\/\/mcities.com.br\/curitiba\/#organization\"},\"potentialAction\":[{\"@type\":\"SearchAction\",\"target\":{\"@type\":\"EntryPoint\",\"urlTemplate\":\"https:\/\/mcities.com.br\/curitiba\/?s={search_term_string}\"},\"query-input\":\"required name=search_term_string\"}],\"inLanguage\":\"pt-BR\"},{\"@type\":\"Organization\",\"@id\":\"https:\/\/mcities.com.br\/curitiba\/#organization\",\"name\":\"MCities\",\"url\":\"https:\/\/mcities.com.br\/curitiba\/\",\"logo\":{\"@type\":\"ImageObject\",\"inLanguage\":\"pt-BR\",\"@id\":\"https:\/\/mcities.com.br\/curitiba\/#\/schema\/logo\/image\/\",\"url\":\"https:\/\/mcities.com.br\/curitiba\/wp-content\/uploads\/sites\/3\/2017\/03\/mcities-color.png\",\"contentUrl\":\"https:\/\/mcities.com.br\/curitiba\/wp-content\/uploads\/sites\/3\/2017\/03\/mcities-color.png\",\"width\":248,\"height\":57,\"caption\":\"MCities\"},\"image\":{\"@id\":\"https:\/\/mcities.com.br\/curitiba\/#\/schema\/logo\/image\/\"}},{\"@type\":\"Person\",\"@id\":\"https:\/\/mcities.com.br\/curitiba\/#\/schema\/person\/0584f3618895d12517d8e357750a3bd7\",\"name\":\"ana paula miranda\",\"image\":{\"@type\":\"ImageObject\",\"inLanguage\":\"pt-BR\",\"@id\":\"https:\/\/mcities.com.br\/curitiba\/#\/schema\/person\/image\/\",\"url\":\"https:\/\/secure.gravatar.com\/avatar\/fed41bf8682e0a612902542e75ab1b65?s=96&d=mm&r=g\",\"contentUrl\":\"https:\/\/secure.gravatar.com\/avatar\/fed41bf8682e0a612902542e75ab1b65?s=96&d=mm&r=g\",\"caption\":\"ana paula miranda\"}}]}<\/script>\n<!-- \/ Yoast SEO plugin. -->","yoast_head_json":{"title":"P\u00e3o com Bolinho | MCities Curitiba","robots":{"index":"index","follow":"follow","max-snippet":"max-snippet:-1","max-image-preview":"max-image-preview:large","max-video-preview":"max-video-preview:-1"},"canonical":"https:\/\/mcities.com.br\/curitiba\/sabor-curitiba\/pao-com-bolinho\/","og_locale":"pt_BR","og_type":"article","og_title":"P\u00e3o com Bolinho | MCities Curitiba","og_description":"Onde comer o famoso P\u00e3o com Bolinho. Lingui\u00e7a Blumenau No Armaz\u00e9m Santa Ana, o p\u00e3o com bolinho \u00e9 de carne bovina e com a lingui\u00e7a Blumenau, coberto com queijo alem\u00e3o derretido e cheiro verde servido no p\u00e3o bolinha com gergelim. Acompanha maionese artesanal de alho. Crocante e delicioso! Endere\u00e7o: Av Salgado Filho, 4460| Uberaba| (41) [&hellip;]","og_url":"https:\/\/mcities.com.br\/curitiba\/sabor-curitiba\/pao-com-bolinho\/","og_site_name":"MCities Curitiba","article_published_time":"2019-06-18T15:29:34+00:00","article_modified_time":"2021-04-14T22:38:29+00:00","og_image":[{"width":670,"height":391,"url":"https:\/\/mcities.com.br\/curitiba\/wp-content\/uploads\/sites\/3\/2019\/06\/bacon.jpg","type":"image\/jpeg"}],"author":"ana paula miranda","twitter_card":"summary_large_image","twitter_misc":{"Written by":"ana paula miranda","Est. reading time":"2 minutos"},"schema":{"@context":"https:\/\/schema.org","@graph":[{"@type":"Article","@id":"https:\/\/mcities.com.br\/curitiba\/sabor-curitiba\/pao-com-bolinho\/#article","isPartOf":{"@id":"https:\/\/mcities.com.br\/curitiba\/sabor-curitiba\/pao-com-bolinho\/"},"author":{"name":"ana paula miranda","@id":"https:\/\/mcities.com.br\/curitiba\/#\/schema\/person\/0584f3618895d12517d8e357750a3bd7"},"headline":"P\u00e3o com Bolinho","datePublished":"2019-06-18T15:29:34+00:00","dateModified":"2021-04-14T22:38:29+00:00","mainEntityOfPage":{"@id":"https:\/\/mcities.com.br\/curitiba\/sabor-curitiba\/pao-com-bolinho\/"},"wordCount":251,"commentCount":0,"publisher":{"@id":"https:\/\/mcities.com.br\/curitiba\/#organization"},"articleSection":["Sabor Curitiba"],"inLanguage":"pt-BR","potentialAction":[{"@type":"CommentAction","name":"Comment","target":["https:\/\/mcities.com.br\/curitiba\/sabor-curitiba\/pao-com-bolinho\/#respond"]}]},{"@type":"WebPage","@id":"https:\/\/mcities.com.br\/curitiba\/sabor-curitiba\/pao-com-bolinho\/","url":"https:\/\/mcities.com.br\/curitiba\/sabor-curitiba\/pao-com-bolinho\/","name":"P\u00e3o com Bolinho | MCities Curitiba","isPartOf":{"@id":"https:\/\/mcities.com.br\/curitiba\/#website"},"datePublished":"2019-06-18T15:29:34+00:00","dateModified":"2021-04-14T22:38:29+00:00","breadcrumb":{"@id":"https:\/\/mcities.com.br\/curitiba\/sabor-curitiba\/pao-com-bolinho\/#breadcrumb"},"inLanguage":"pt-BR","potentialAction":[{"@type":"ReadAction","target":["https:\/\/mcities.com.br\/curitiba\/sabor-curitiba\/pao-com-bolinho\/"]}]},{"@type":"BreadcrumbList","@id":"https:\/\/mcities.com.br\/curitiba\/sabor-curitiba\/pao-com-bolinho\/#breadcrumb","itemListElement":[{"@type":"ListItem","position":1,"name":"Home","item":"https:\/\/mcities.com.br\/curitiba\/"},{"@type":"ListItem","position":2,"name":"P\u00e3o com Bolinho"}]},{"@type":"WebSite","@id":"https:\/\/mcities.com.br\/curitiba\/#website","url":"https:\/\/mcities.com.br\/curitiba\/","name":"MCities Curitiba","description":"MCities \u00e9 um sistema que tem a disposic\u0327a\u0303o de dinamizar a integrac\u0327a\u0303o entre pessoas e cidades. Somos um sistema que oferece conte\u00fados de experi\u00eancias divertidas para voc\u00ea curtir e viver momentos incr\u00edveis, seja em casa ou nas ruas da cidade.","publisher":{"@id":"https:\/\/mcities.com.br\/curitiba\/#organization"},"potentialAction":[{"@type":"SearchAction","target":{"@type":"EntryPoint","urlTemplate":"https:\/\/mcities.com.br\/curitiba\/?s={search_term_string}"},"query-input":"required name=search_term_string"}],"inLanguage":"pt-BR"},{"@type":"Organization","@id":"https:\/\/mcities.com.br\/curitiba\/#organization","name":"MCities","url":"https:\/\/mcities.com.br\/curitiba\/","logo":{"@type":"ImageObject","inLanguage":"pt-BR","@id":"https:\/\/mcities.com.br\/curitiba\/#\/schema\/logo\/image\/","url":"https:\/\/mcities.com.br\/curitiba\/wp-content\/uploads\/sites\/3\/2017\/03\/mcities-color.png","contentUrl":"https:\/\/mcities.com.br\/curitiba\/wp-content\/uploads\/sites\/3\/2017\/03\/mcities-color.png","width":248,"height":57,"caption":"MCities"},"image":{"@id":"https:\/\/mcities.com.br\/curitiba\/#\/schema\/logo\/image\/"}},{"@type":"Person","@id":"https:\/\/mcities.com.br\/curitiba\/#\/schema\/person\/0584f3618895d12517d8e357750a3bd7","name":"ana paula miranda","image":{"@type":"ImageObject","inLanguage":"pt-BR","@id":"https:\/\/mcities.com.br\/curitiba\/#\/schema\/person\/image\/","url":"https:\/\/secure.gravatar.com\/avatar\/fed41bf8682e0a612902542e75ab1b65?s=96&d=mm&r=g","contentUrl":"https:\/\/secure.gravatar.com\/avatar\/fed41bf8682e0a612902542e75ab1b65?s=96&d=mm&r=g","caption":"ana paula miranda"}}]}},"_links":{"self":[{"href":"https:\/\/mcities.com.br\/curitiba\/wp-json\/wp\/v2\/posts\/8597"}],"collection":[{"href":"https:\/\/mcities.com.br\/curitiba\/wp-json\/wp\/v2\/posts"}],"about":[{"href":"https:\/\/mcities.com.br\/curitiba\/wp-json\/wp\/v2\/types\/post"}],"author":[{"embeddable":true,"href":"https:\/\/mcities.com.br\/curitiba\/wp-json\/wp\/v2\/users\/23"}],"replies":[{"embeddable":true,"href":"https:\/\/mcities.com.br\/curitiba\/wp-json\/wp\/v2\/comments?post=8597"}],"version-history":[{"count":3,"href":"https:\/\/mcities.com.br\/curitiba\/wp-json\/wp\/v2\/posts\/8597\/revisions"}],"predecessor-version":[{"id":12029,"href":"https:\/\/mcities.com.br\/curitiba\/wp-json\/wp\/v2\/posts\/8597\/revisions\/12029"}],"wp:featuredmedia":[{"embeddable":true,"href":"https:\/\/mcities.com.br\/curitiba\/wp-json\/wp\/v2\/media\/8598"}],"wp:attachment":[{"href":"https:\/\/mcities.com.br\/curitiba\/wp-json\/wp\/v2\/media?parent=8597"}],"wp:term":[{"taxonomy":"category","embeddable":true,"href":"https:\/\/mcities.com.br\/curitiba\/wp-json\/wp\/v2\/categories?post=8597"},{"taxonomy":"post_tag","embeddable":true,"href":"https:\/\/mcities.com.br\/curitiba\/wp-json\/wp\/v2\/tags?post=8597"}],"curies":[{"name":"wp","href":"https:\/\/api.w.org\/{rel}","templated":true}]}}