{"id":8218,"date":"2019-03-29T17:13:54","date_gmt":"2019-03-29T20:13:54","guid":{"rendered":"https:\/\/mcities.com.br\/curitiba\/?p=8218"},"modified":"2021-04-14T19:54:46","modified_gmt":"2021-04-14T22:54:46","slug":"empadinha","status":"publish","type":"post","link":"https:\/\/mcities.com.br\/curitiba\/sabor-curitiba\/empadinha\/","title":{"rendered":"Empadinha. Onde comer ?"},"content":{"rendered":"<h2>Qual o salgado que tem uma casquinha crocante, massa macia e muito recheio ?<\/h2>\n<p>Sim!\u00a0Empadinha.\u00a0Tamb\u00e9m conhecida como: empada e encontramos 4 lugares para experimentar diferentes vers\u00f5es dessa del\u00edcia!<\/p>\n<h3>Empada de Camar\u00e3o<\/h3>\n<p>A Confeitaria Empada Original,\u00a0mantem a receita tradicional de 41 anos, o\u00a0local \u00e9 super simples, mas aconchegante.\u00a0Conta a hist\u00f3ria, que o fundador andava por Curitiba vendendo as\u00a0suas empadas em uma cesta acoplado na bicicleta, e foi conquistando uma clientela fiel.<\/p>\n<p>As empadas\u00a0s\u00e3o feitas artesanalmente.\u00a0A empada mais vendida \u00e9 a de palmito, mas o\u00a0destaque\u00a0vai para a empada de camar\u00e3o, com um recheio bem cremoso, fresquinho e super temperado,\u00a0 o valor \u00e9 de R$ 8 a unidade.\u00a0Fique atento o local\u00a0s\u00f3 aceita pagamento em dinheiro.<\/p>\n<div id=\"attachment_8408\" style=\"width: 810px\" class=\"wp-caption aligncenter\"><img fetchpriority=\"high\" decoding=\"async\" aria-describedby=\"caption-attachment-8408\" class=\"wp-image-8408\" src=\"https:\/\/mcities.com.br\/curitiba\/wp-content\/uploads\/sites\/3\/2019\/02\/empadinha.jpg\" alt=\"\" width=\"800\" height=\"764\" srcset=\"https:\/\/mcities.com.br\/curitiba\/wp-content\/uploads\/sites\/3\/2019\/02\/empadinha.jpg 616w, https:\/\/mcities.com.br\/curitiba\/wp-content\/uploads\/sites\/3\/2019\/02\/empadinha-300x286.jpg 300w\" sizes=\"(max-width: 800px) 100vw, 800px\" \/><p id=\"caption-attachment-8408\" class=\"wp-caption-text\">Empada de Camar\u00e3o. Foto Divulga\u00e7\u00e3o<\/p><\/div>\n<p>Endere\u00e7o: Rua Professor Fernando Moreira, 565 &#8211; Centro | Telefone: (41) 3233-3225<\/p>\n<h3>Empadinha de Vina ou de Calabresa.<\/h3>\n<p>Sim, elas existem! E voc\u00ea encontra estes sabores nos quiosques da\u00a0S\u00f3 Empadas Mineira, que tem\u00a0uma variedade dos recheios diferentes das tradicionais.<\/p>\n<p>A empada de vina ou de calabresa, custam R$ 4,50. As empadas tem\u00a0uma massa bem amanteigada e crocante por fora. A empada de\u00a0vina vem super recheado e o da calabresa \u00e9 levemente apimentado elaborado com temperos especiais que garante um \u00f3timo sabor.\u00a0 A loja t\u00eam v\u00e1rios quiosques pela cidade, mas a mais central fica na Galeria Andrade, que funciona de\u00a0segunda a s\u00e1bado, das 9h \u00e0s 18h. Bora provar os diferentes do card\u00e1pio ?<\/p>\n<div id=\"attachment_8413\" style=\"width: 810px\" class=\"wp-caption aligncenter\"><img decoding=\"async\" aria-describedby=\"caption-attachment-8413\" class=\"wp-image-8413\" src=\"https:\/\/mcities.com.br\/curitiba\/wp-content\/uploads\/sites\/3\/2019\/02\/empadinha-2.jpg\" alt=\"\" width=\"800\" height=\"534\" srcset=\"https:\/\/mcities.com.br\/curitiba\/wp-content\/uploads\/sites\/3\/2019\/02\/empadinha-2.jpg 640w, https:\/\/mcities.com.br\/curitiba\/wp-content\/uploads\/sites\/3\/2019\/02\/empadinha-2-300x200.jpg 300w, https:\/\/mcities.com.br\/curitiba\/wp-content\/uploads\/sites\/3\/2019\/02\/empadinha-2-600x400.jpg 600w\" sizes=\"(max-width: 800px) 100vw, 800px\" \/><p id=\"caption-attachment-8413\" class=\"wp-caption-text\">Empada de Calabresa. Foto Divulga\u00e7\u00e3o<\/p><\/div>\n<p>Endere\u00e7o: Rua Riachuelo, 90, Galeria Andrade &#8211; Centro | Telefone: (41) 99685-3014<\/p>\n<h3>Empada de Frango<\/h3>\n<p>A Bazar Doce \u00e9 uma doceria moderna, que possui um caf\u00e9 mo\u00eddo na hora e um balc\u00e3o repleto de salgados, doces e bolos finos.\u00a0O destaque da casa est\u00e1 nas\u00a0empadinhas com recheios de\u00a0camar\u00e3o, frango e frango com catupiry.<\/p>\n<p>Experimente a empada de frango, R$ 8,50 a unidade, apesar de ser uma empada tradicional\u00a0o sabor n\u00e3o tem igual! A massa da empada \u00e9\u00a0super fina, crocante por fora e macia\u00a0por dentro. Esta perdi\u00e7\u00e3o \u00e9 recheada de muito frango , mas o segredo est\u00e1 no tempero, indiscut\u00edvel. Imposs\u00edvel comer uma s\u00f3.\u00a0 A Bazar fica aberta de segunda a s\u00e1bado, das 11h \u00e0s 19h.<\/p>\n<div id=\"attachment_8409\" style=\"width: 810px\" class=\"wp-caption aligncenter\"><img decoding=\"async\" aria-describedby=\"caption-attachment-8409\" class=\"wp-image-8409\" src=\"https:\/\/mcities.com.br\/curitiba\/wp-content\/uploads\/sites\/3\/2019\/02\/bazar-1024x810.jpg\" alt=\"\" width=\"800\" height=\"633\" srcset=\"https:\/\/mcities.com.br\/curitiba\/wp-content\/uploads\/sites\/3\/2019\/02\/bazar-1024x810.jpg 1024w, https:\/\/mcities.com.br\/curitiba\/wp-content\/uploads\/sites\/3\/2019\/02\/bazar-300x237.jpg 300w, https:\/\/mcities.com.br\/curitiba\/wp-content\/uploads\/sites\/3\/2019\/02\/bazar-768x607.jpg 768w, https:\/\/mcities.com.br\/curitiba\/wp-content\/uploads\/sites\/3\/2019\/02\/bazar.jpg 1280w\" sizes=\"(max-width: 800px) 100vw, 800px\" \/><p id=\"caption-attachment-8409\" class=\"wp-caption-text\">Empadinha de Frango. Foto Divulga\u00e7\u00e3o<\/p><\/div>\n<p>Endere\u00e7o: Alameda Presidente Taunay, 316 &#8211; Batel | Telefone: (41) 3093-9809<\/p>\n<h3>Uma proposta irrecus\u00e1vel<\/h3>\n<p>Quando o diretor do filme O Poderoso Chef\u00e3o, Francis Ford Coppola, visitou Curitiba em 2003, ele se apaixonou pelo pr\u00e9dio Anita de tr\u00eas andares coberto de samambaias, bem na esquina da rua C\u00e2ndido Lopes com a rua Desembargador Ermelino de Le\u00e3o.<\/p>\n<p>No t\u00e9rreo do pr\u00e9dio est\u00e1 o Crema Caf\u00e9, uma cafeteria que \u00e9 um charme e que\u00a0possui uma\u00a0empada de palmito maravilhosa! A empada tem um recheio cremoso e suave do palmito. Vale sentar nas mesas que est\u00e3o na cal\u00e7ada e apreciar o movimento. Valor da unidade R$ 6,50 e abrem de segunda\u00a0a s\u00e1bado, das 10h\u00a0\u00e0s 20h15.<\/p>\n<div id=\"attachment_8411\" style=\"width: 810px\" class=\"wp-caption aligncenter\"><img loading=\"lazy\" decoding=\"async\" aria-describedby=\"caption-attachment-8411\" class=\"wp-image-8411\" src=\"https:\/\/mcities.com.br\/curitiba\/wp-content\/uploads\/sites\/3\/2019\/02\/crema.jpg\" alt=\"\" width=\"800\" height=\"600\" srcset=\"https:\/\/mcities.com.br\/curitiba\/wp-content\/uploads\/sites\/3\/2019\/02\/crema.jpg 960w, https:\/\/mcities.com.br\/curitiba\/wp-content\/uploads\/sites\/3\/2019\/02\/crema-300x225.jpg 300w, https:\/\/mcities.com.br\/curitiba\/wp-content\/uploads\/sites\/3\/2019\/02\/crema-768x576.jpg 768w\" sizes=\"(max-width: 800px) 100vw, 800px\" \/><p id=\"caption-attachment-8411\" class=\"wp-caption-text\">Empadinha de Palmito. Foto Divulga\u00e7\u00e3o<\/p><\/div>\n<p>Endere\u00e7o: Alameda Dr. Carlos de Carvalho, 15 &#8211; Centro | Telefone: (41) 3117-7785<\/p>\n","protected":false},"excerpt":{"rendered":"<p>Conhe\u00e7a 4 lugares onde voc\u00ea vai \u00a0encontrar empadas incr\u00edveis de v\u00e1rios sabores<\/p>\n","protected":false},"author":1,"featured_media":8412,"comment_status":"open","ping_status":"open","sticky":false,"template":"","format":"standard","meta":{"footnotes":""},"categories":[12],"tags":[206,207,208],"yoast_head":"<!-- This site is optimized with the Yoast SEO plugin v21.9.1 - https:\/\/yoast.com\/wordpress\/plugins\/seo\/ -->\n<title>Empadinha. Onde comer ? | MCities Curitiba<\/title>\n<meta name=\"description\" content=\"Empada de camar\u00e3o, salsicha, vina, frango, frango com requeij\u00e3o entre outros. Selecionamos alguns lugares em Curitiba para comer este salgado.\" \/>\n<meta name=\"robots\" content=\"index, follow, max-snippet:-1, max-image-preview:large, max-video-preview:-1\" \/>\n<link rel=\"canonical\" href=\"https:\/\/mcities.com.br\/curitiba\/sabor-curitiba\/empadinha\/\" \/>\n<meta property=\"og:locale\" content=\"pt_BR\" \/>\n<meta property=\"og:type\" content=\"article\" \/>\n<meta property=\"og:title\" content=\"Empadinha. Onde comer ? | MCities Curitiba\" \/>\n<meta property=\"og:description\" content=\"Empada de camar\u00e3o, salsicha, vina, frango, frango com requeij\u00e3o entre outros. Selecionamos alguns lugares em Curitiba para comer este salgado.\" \/>\n<meta property=\"og:url\" content=\"https:\/\/mcities.com.br\/curitiba\/sabor-curitiba\/empadinha\/\" \/>\n<meta property=\"og:site_name\" content=\"MCities Curitiba\" \/>\n<meta property=\"article:published_time\" content=\"2019-03-29T20:13:54+00:00\" \/>\n<meta property=\"article:modified_time\" content=\"2021-04-14T22:54:46+00:00\" \/>\n<meta property=\"og:image\" content=\"https:\/\/mcities.com.br\/curitiba\/wp-content\/uploads\/sites\/3\/2019\/02\/empadinha-camarao.jpg\" \/>\n\t<meta property=\"og:image:width\" content=\"765\" \/>\n\t<meta property=\"og:image:height\" content=\"510\" \/>\n\t<meta property=\"og:image:type\" content=\"image\/jpeg\" \/>\n<meta name=\"author\" content=\"Inundaweb\" \/>\n<meta name=\"twitter:card\" content=\"summary_large_image\" \/>\n<meta name=\"twitter:label1\" content=\"Written by\" \/>\n\t<meta name=\"twitter:data1\" content=\"Inundaweb\" \/>\n\t<meta name=\"twitter:label2\" content=\"Est. reading time\" \/>\n\t<meta name=\"twitter:data2\" content=\"3 minutos\" \/>\n<script type=\"application\/ld+json\" class=\"yoast-schema-graph\">{\"@context\":\"https:\/\/schema.org\",\"@graph\":[{\"@type\":\"Article\",\"@id\":\"https:\/\/mcities.com.br\/curitiba\/sabor-curitiba\/empadinha\/#article\",\"isPartOf\":{\"@id\":\"https:\/\/mcities.com.br\/curitiba\/sabor-curitiba\/empadinha\/\"},\"author\":{\"name\":\"Inundaweb\",\"@id\":\"https:\/\/mcities.com.br\/curitiba\/#\/schema\/person\/d1d2f2ec42904682858920d202234f86\"},\"headline\":\"Empadinha. Onde comer ?\",\"datePublished\":\"2019-03-29T20:13:54+00:00\",\"dateModified\":\"2021-04-14T22:54:46+00:00\",\"mainEntityOfPage\":{\"@id\":\"https:\/\/mcities.com.br\/curitiba\/sabor-curitiba\/empadinha\/\"},\"wordCount\":548,\"commentCount\":0,\"publisher\":{\"@id\":\"https:\/\/mcities.com.br\/curitiba\/#organization\"},\"keywords\":[\"empada\",\"empadinha\",\"empad\u00e3o\"],\"articleSection\":[\"Sabor Curitiba\"],\"inLanguage\":\"pt-BR\",\"potentialAction\":[{\"@type\":\"CommentAction\",\"name\":\"Comment\",\"target\":[\"https:\/\/mcities.com.br\/curitiba\/sabor-curitiba\/empadinha\/#respond\"]}]},{\"@type\":\"WebPage\",\"@id\":\"https:\/\/mcities.com.br\/curitiba\/sabor-curitiba\/empadinha\/\",\"url\":\"https:\/\/mcities.com.br\/curitiba\/sabor-curitiba\/empadinha\/\",\"name\":\"Empadinha. Onde comer ? | MCities Curitiba\",\"isPartOf\":{\"@id\":\"https:\/\/mcities.com.br\/curitiba\/#website\"},\"datePublished\":\"2019-03-29T20:13:54+00:00\",\"dateModified\":\"2021-04-14T22:54:46+00:00\",\"description\":\"Empada de camar\u00e3o, salsicha, vina, frango, frango com requeij\u00e3o entre outros. Selecionamos alguns lugares em Curitiba para comer este salgado.\",\"breadcrumb\":{\"@id\":\"https:\/\/mcities.com.br\/curitiba\/sabor-curitiba\/empadinha\/#breadcrumb\"},\"inLanguage\":\"pt-BR\",\"potentialAction\":[{\"@type\":\"ReadAction\",\"target\":[\"https:\/\/mcities.com.br\/curitiba\/sabor-curitiba\/empadinha\/\"]}]},{\"@type\":\"BreadcrumbList\",\"@id\":\"https:\/\/mcities.com.br\/curitiba\/sabor-curitiba\/empadinha\/#breadcrumb\",\"itemListElement\":[{\"@type\":\"ListItem\",\"position\":1,\"name\":\"Home\",\"item\":\"https:\/\/mcities.com.br\/curitiba\/\"},{\"@type\":\"ListItem\",\"position\":2,\"name\":\"Empadinha. Onde comer ?\"}]},{\"@type\":\"WebSite\",\"@id\":\"https:\/\/mcities.com.br\/curitiba\/#website\",\"url\":\"https:\/\/mcities.com.br\/curitiba\/\",\"name\":\"MCities Curitiba\",\"description\":\"MCities \u00e9 um sistema que tem a disposic\u0327a\u0303o de dinamizar a integrac\u0327a\u0303o entre pessoas e cidades. Somos um sistema que oferece conte\u00fados de experi\u00eancias divertidas para voc\u00ea curtir e viver momentos incr\u00edveis, seja em casa ou nas ruas da cidade.\",\"publisher\":{\"@id\":\"https:\/\/mcities.com.br\/curitiba\/#organization\"},\"potentialAction\":[{\"@type\":\"SearchAction\",\"target\":{\"@type\":\"EntryPoint\",\"urlTemplate\":\"https:\/\/mcities.com.br\/curitiba\/?s={search_term_string}\"},\"query-input\":\"required name=search_term_string\"}],\"inLanguage\":\"pt-BR\"},{\"@type\":\"Organization\",\"@id\":\"https:\/\/mcities.com.br\/curitiba\/#organization\",\"name\":\"MCities\",\"url\":\"https:\/\/mcities.com.br\/curitiba\/\",\"logo\":{\"@type\":\"ImageObject\",\"inLanguage\":\"pt-BR\",\"@id\":\"https:\/\/mcities.com.br\/curitiba\/#\/schema\/logo\/image\/\",\"url\":\"https:\/\/mcities.com.br\/curitiba\/wp-content\/uploads\/sites\/3\/2017\/03\/mcities-color.png\",\"contentUrl\":\"https:\/\/mcities.com.br\/curitiba\/wp-content\/uploads\/sites\/3\/2017\/03\/mcities-color.png\",\"width\":248,\"height\":57,\"caption\":\"MCities\"},\"image\":{\"@id\":\"https:\/\/mcities.com.br\/curitiba\/#\/schema\/logo\/image\/\"}},{\"@type\":\"Person\",\"@id\":\"https:\/\/mcities.com.br\/curitiba\/#\/schema\/person\/d1d2f2ec42904682858920d202234f86\",\"name\":\"Inundaweb\",\"image\":{\"@type\":\"ImageObject\",\"inLanguage\":\"pt-BR\",\"@id\":\"https:\/\/mcities.com.br\/curitiba\/#\/schema\/person\/image\/\",\"url\":\"https:\/\/secure.gravatar.com\/avatar\/4573ed0880b6a3503fc776194d661e55?s=96&d=mm&r=g\",\"contentUrl\":\"https:\/\/secure.gravatar.com\/avatar\/4573ed0880b6a3503fc776194d661e55?s=96&d=mm&r=g\",\"caption\":\"Inundaweb\"}}]}<\/script>\n<!-- \/ Yoast SEO plugin. -->","yoast_head_json":{"title":"Empadinha. Onde comer ? | MCities Curitiba","description":"Empada de camar\u00e3o, salsicha, vina, frango, frango com requeij\u00e3o entre outros. Selecionamos alguns lugares em Curitiba para comer este salgado.","robots":{"index":"index","follow":"follow","max-snippet":"max-snippet:-1","max-image-preview":"max-image-preview:large","max-video-preview":"max-video-preview:-1"},"canonical":"https:\/\/mcities.com.br\/curitiba\/sabor-curitiba\/empadinha\/","og_locale":"pt_BR","og_type":"article","og_title":"Empadinha. Onde comer ? | MCities Curitiba","og_description":"Empada de camar\u00e3o, salsicha, vina, frango, frango com requeij\u00e3o entre outros. Selecionamos alguns lugares em Curitiba para comer este salgado.","og_url":"https:\/\/mcities.com.br\/curitiba\/sabor-curitiba\/empadinha\/","og_site_name":"MCities Curitiba","article_published_time":"2019-03-29T20:13:54+00:00","article_modified_time":"2021-04-14T22:54:46+00:00","og_image":[{"width":765,"height":510,"url":"https:\/\/mcities.com.br\/curitiba\/wp-content\/uploads\/sites\/3\/2019\/02\/empadinha-camarao.jpg","type":"image\/jpeg"}],"author":"Inundaweb","twitter_card":"summary_large_image","twitter_misc":{"Written by":"Inundaweb","Est. reading time":"3 minutos"},"schema":{"@context":"https:\/\/schema.org","@graph":[{"@type":"Article","@id":"https:\/\/mcities.com.br\/curitiba\/sabor-curitiba\/empadinha\/#article","isPartOf":{"@id":"https:\/\/mcities.com.br\/curitiba\/sabor-curitiba\/empadinha\/"},"author":{"name":"Inundaweb","@id":"https:\/\/mcities.com.br\/curitiba\/#\/schema\/person\/d1d2f2ec42904682858920d202234f86"},"headline":"Empadinha. Onde comer ?","datePublished":"2019-03-29T20:13:54+00:00","dateModified":"2021-04-14T22:54:46+00:00","mainEntityOfPage":{"@id":"https:\/\/mcities.com.br\/curitiba\/sabor-curitiba\/empadinha\/"},"wordCount":548,"commentCount":0,"publisher":{"@id":"https:\/\/mcities.com.br\/curitiba\/#organization"},"keywords":["empada","empadinha","empad\u00e3o"],"articleSection":["Sabor Curitiba"],"inLanguage":"pt-BR","potentialAction":[{"@type":"CommentAction","name":"Comment","target":["https:\/\/mcities.com.br\/curitiba\/sabor-curitiba\/empadinha\/#respond"]}]},{"@type":"WebPage","@id":"https:\/\/mcities.com.br\/curitiba\/sabor-curitiba\/empadinha\/","url":"https:\/\/mcities.com.br\/curitiba\/sabor-curitiba\/empadinha\/","name":"Empadinha. Onde comer ? | MCities Curitiba","isPartOf":{"@id":"https:\/\/mcities.com.br\/curitiba\/#website"},"datePublished":"2019-03-29T20:13:54+00:00","dateModified":"2021-04-14T22:54:46+00:00","description":"Empada de camar\u00e3o, salsicha, vina, frango, frango com requeij\u00e3o entre outros. Selecionamos alguns lugares em Curitiba para comer este salgado.","breadcrumb":{"@id":"https:\/\/mcities.com.br\/curitiba\/sabor-curitiba\/empadinha\/#breadcrumb"},"inLanguage":"pt-BR","potentialAction":[{"@type":"ReadAction","target":["https:\/\/mcities.com.br\/curitiba\/sabor-curitiba\/empadinha\/"]}]},{"@type":"BreadcrumbList","@id":"https:\/\/mcities.com.br\/curitiba\/sabor-curitiba\/empadinha\/#breadcrumb","itemListElement":[{"@type":"ListItem","position":1,"name":"Home","item":"https:\/\/mcities.com.br\/curitiba\/"},{"@type":"ListItem","position":2,"name":"Empadinha. Onde comer ?"}]},{"@type":"WebSite","@id":"https:\/\/mcities.com.br\/curitiba\/#website","url":"https:\/\/mcities.com.br\/curitiba\/","name":"MCities Curitiba","description":"MCities \u00e9 um sistema que tem a disposic\u0327a\u0303o de dinamizar a integrac\u0327a\u0303o entre pessoas e cidades. Somos um sistema que oferece conte\u00fados de experi\u00eancias divertidas para voc\u00ea curtir e viver momentos incr\u00edveis, seja em casa ou nas ruas da cidade.","publisher":{"@id":"https:\/\/mcities.com.br\/curitiba\/#organization"},"potentialAction":[{"@type":"SearchAction","target":{"@type":"EntryPoint","urlTemplate":"https:\/\/mcities.com.br\/curitiba\/?s={search_term_string}"},"query-input":"required name=search_term_string"}],"inLanguage":"pt-BR"},{"@type":"Organization","@id":"https:\/\/mcities.com.br\/curitiba\/#organization","name":"MCities","url":"https:\/\/mcities.com.br\/curitiba\/","logo":{"@type":"ImageObject","inLanguage":"pt-BR","@id":"https:\/\/mcities.com.br\/curitiba\/#\/schema\/logo\/image\/","url":"https:\/\/mcities.com.br\/curitiba\/wp-content\/uploads\/sites\/3\/2017\/03\/mcities-color.png","contentUrl":"https:\/\/mcities.com.br\/curitiba\/wp-content\/uploads\/sites\/3\/2017\/03\/mcities-color.png","width":248,"height":57,"caption":"MCities"},"image":{"@id":"https:\/\/mcities.com.br\/curitiba\/#\/schema\/logo\/image\/"}},{"@type":"Person","@id":"https:\/\/mcities.com.br\/curitiba\/#\/schema\/person\/d1d2f2ec42904682858920d202234f86","name":"Inundaweb","image":{"@type":"ImageObject","inLanguage":"pt-BR","@id":"https:\/\/mcities.com.br\/curitiba\/#\/schema\/person\/image\/","url":"https:\/\/secure.gravatar.com\/avatar\/4573ed0880b6a3503fc776194d661e55?s=96&d=mm&r=g","contentUrl":"https:\/\/secure.gravatar.com\/avatar\/4573ed0880b6a3503fc776194d661e55?s=96&d=mm&r=g","caption":"Inundaweb"}}]}},"_links":{"self":[{"href":"https:\/\/mcities.com.br\/curitiba\/wp-json\/wp\/v2\/posts\/8218"}],"collection":[{"href":"https:\/\/mcities.com.br\/curitiba\/wp-json\/wp\/v2\/posts"}],"about":[{"href":"https:\/\/mcities.com.br\/curitiba\/wp-json\/wp\/v2\/types\/post"}],"author":[{"embeddable":true,"href":"https:\/\/mcities.com.br\/curitiba\/wp-json\/wp\/v2\/users\/1"}],"replies":[{"embeddable":true,"href":"https:\/\/mcities.com.br\/curitiba\/wp-json\/wp\/v2\/comments?post=8218"}],"version-history":[{"count":8,"href":"https:\/\/mcities.com.br\/curitiba\/wp-json\/wp\/v2\/posts\/8218\/revisions"}],"predecessor-version":[{"id":8417,"href":"https:\/\/mcities.com.br\/curitiba\/wp-json\/wp\/v2\/posts\/8218\/revisions\/8417"}],"wp:featuredmedia":[{"embeddable":true,"href":"https:\/\/mcities.com.br\/curitiba\/wp-json\/wp\/v2\/media\/8412"}],"wp:attachment":[{"href":"https:\/\/mcities.com.br\/curitiba\/wp-json\/wp\/v2\/media?parent=8218"}],"wp:term":[{"taxonomy":"category","embeddable":true,"href":"https:\/\/mcities.com.br\/curitiba\/wp-json\/wp\/v2\/categories?post=8218"},{"taxonomy":"post_tag","embeddable":true,"href":"https:\/\/mcities.com.br\/curitiba\/wp-json\/wp\/v2\/tags?post=8218"}],"curies":[{"name":"wp","href":"https:\/\/api.w.org\/{rel}","templated":true}]}}