{"id":7897,"date":"2020-01-25T17:14:50","date_gmt":"2020-01-25T20:14:50","guid":{"rendered":"https:\/\/mcities.com.br\/curitiba\/?p=7897"},"modified":"2021-04-14T18:09:04","modified_gmt":"2021-04-14T21:09:04","slug":"torre-panoramica-curitiba","status":"publish","type":"post","link":"https:\/\/mcities.com.br\/curitiba\/descubra-curitiba\/torre-panoramica-curitiba\/","title":{"rendered":"Torre Panor\u00e2mica"},"content":{"rendered":"<h2>Torre Panor\u00e2mica, uma experi\u00eancia que envolve ver a cidade e suas luzes bem de cima.<\/h2>\n<p>Com uma altura de um pr\u00e9dio de 40 andares, a Torre Panor\u00e2mica \u00e9 o lugar perfeito para uma vista incr\u00edvel da cidade inteira, ver uma obra de poty, passear pela hist\u00f3ria da telefonia e levar uma lembrancinha estilosa para casa. Vamos conhecer ?<\/p>\n<p><strong>Um espet\u00e1culo de vista<\/strong><\/p>\n<p>No mirante voc\u00ea tem uma vista maravilhosa da cidade, em 360 graus, e mesmo em dias nublados d\u00e1 para ver alguns dos principais pontos de Curitiba.<\/p>\n<p>L\u00e1 de cima o que mais salta aos olhos \u00e9 o Parque Barigui com o seu lago enorme e aquele mar de \u00e1rvores. D\u00e1 para passar um bom tempo brincando de encontrar outros parques, pra\u00e7as e pontos tur\u00edsticos.\u00a0\u00a0Em cada dire\u00e7\u00e3o h\u00e1 pain\u00e9is que indicam quais bairros, atrativos e munic\u00edpios que est\u00e3o sendo observados de longe.<\/p>\n<p>Depois de circular um pouco pelo mirante, sente em um dos bancos de pra\u00e7a que est\u00e3o ali e aproveite a vista com calma.<\/p>\n<div id=\"attachment_8163\" style=\"width: 810px\" class=\"wp-caption aligncenter\"><img fetchpriority=\"high\" decoding=\"async\" aria-describedby=\"caption-attachment-8163\" class=\"wp-image-8163\" src=\"https:\/\/mcities.com.br\/curitiba\/wp-content\/uploads\/sites\/3\/2019\/02\/Levy-Ferreira-3-1024x683.jpg\" alt=\"\" width=\"800\" height=\"534\" srcset=\"https:\/\/mcities.com.br\/curitiba\/wp-content\/uploads\/sites\/3\/2019\/02\/Levy-Ferreira-3-1024x683.jpg 1024w, https:\/\/mcities.com.br\/curitiba\/wp-content\/uploads\/sites\/3\/2019\/02\/Levy-Ferreira-3-300x200.jpg 300w, https:\/\/mcities.com.br\/curitiba\/wp-content\/uploads\/sites\/3\/2019\/02\/Levy-Ferreira-3-768x512.jpg 768w, https:\/\/mcities.com.br\/curitiba\/wp-content\/uploads\/sites\/3\/2019\/02\/Levy-Ferreira-3-600x400.jpg 600w, https:\/\/mcities.com.br\/curitiba\/wp-content\/uploads\/sites\/3\/2019\/02\/Levy-Ferreira-3.jpg 2048w\" sizes=\"(max-width: 800px) 100vw, 800px\" \/><p id=\"caption-attachment-8163\" class=\"wp-caption-text\">A vista da Torre Panor\u00e2mica.\u00a0Foto: Levy Ferreira\/SMCS<\/p><\/div>\n<p>No mirante, al\u00e9m da vista incr\u00edvel, tamb\u00e9m tem um belo painel do Poty Lazzarotto que conta um pouco da hist\u00f3ria de Curitiba.<\/p>\n<p>Essa \u00e9 uma das v\u00e1rias obras do artista que voc\u00ea encontra espalhadas pela cidade e ali est\u00e3o representados os imigrantes, os verdureiros e peixeiros que vendiam seus produtos \u00e0 carro\u00e7a h\u00e1 muito tempo atr\u00e1s, a boemia curitibana e toda a evolu\u00e7\u00e3o da cidade at\u00e9 se tornar o que conhecemos hoje.<\/p>\n<div id=\"attachment_8164\" style=\"width: 810px\" class=\"wp-caption aligncenter\"><img decoding=\"async\" aria-describedby=\"caption-attachment-8164\" class=\"wp-image-8164\" src=\"https:\/\/mcities.com.br\/curitiba\/wp-content\/uploads\/sites\/3\/2019\/02\/Levy-Ferreira-2-1024x683.jpg\" alt=\"\" width=\"800\" height=\"534\" srcset=\"https:\/\/mcities.com.br\/curitiba\/wp-content\/uploads\/sites\/3\/2019\/02\/Levy-Ferreira-2-1024x683.jpg 1024w, https:\/\/mcities.com.br\/curitiba\/wp-content\/uploads\/sites\/3\/2019\/02\/Levy-Ferreira-2-300x200.jpg 300w, https:\/\/mcities.com.br\/curitiba\/wp-content\/uploads\/sites\/3\/2019\/02\/Levy-Ferreira-2-768x513.jpg 768w, https:\/\/mcities.com.br\/curitiba\/wp-content\/uploads\/sites\/3\/2019\/02\/Levy-Ferreira-2-600x400.jpg 600w, https:\/\/mcities.com.br\/curitiba\/wp-content\/uploads\/sites\/3\/2019\/02\/Levy-Ferreira-2.jpg 2048w\" sizes=\"(max-width: 800px) 100vw, 800px\" \/><p id=\"caption-attachment-8164\" class=\"wp-caption-text\">Curitiba no tra\u00e7o de Poty.\u00a0Foto: Levy Ferreira\/SMCS<\/p><\/div>\n<p>Por ser uma torre de telefonia, voc\u00ea vai encontrar\u00a0um pequeno\u00a0Museu do Telefone, que fica no t\u00e9rreo, e tem expostos v\u00e1rios telefones antigos que s\u00e3o verdadeiras rel\u00edquias, juntos dos\u00a0pain\u00e9is que ilustram sobre a hist\u00f3ria da telefonia no mundo e no Brasil.<\/p>\n<p>Um \u00f3timo passeio com a fam\u00edlia, pois voc\u00ea ir\u00e1 ver a\u00a0evolu\u00e7\u00e3o do aparelho de telefone. A crian\u00e7ada se diverte.<\/p>\n<div id=\"attachment_8170\" style=\"width: 810px\" class=\"wp-caption aligncenter\"><img decoding=\"async\" aria-describedby=\"caption-attachment-8170\" class=\"wp-image-8170\" src=\"https:\/\/mcities.com.br\/curitiba\/wp-content\/uploads\/sites\/3\/2019\/02\/telefones-1024x576.jpg\" alt=\"\" width=\"800\" height=\"450\" srcset=\"https:\/\/mcities.com.br\/curitiba\/wp-content\/uploads\/sites\/3\/2019\/02\/telefones.jpg 1024w, https:\/\/mcities.com.br\/curitiba\/wp-content\/uploads\/sites\/3\/2019\/02\/telefones-300x169.jpg 300w, https:\/\/mcities.com.br\/curitiba\/wp-content\/uploads\/sites\/3\/2019\/02\/telefones-768x432.jpg 768w\" sizes=\"(max-width: 800px) 100vw, 800px\" \/><p id=\"caption-attachment-8170\" class=\"wp-caption-text\">Museu do Telefone.\u00a0Foto:\u00a0Cesar Brustolin\/SMCS<\/p><\/div>\n<p>Na Torre possui uma loja da rede Curitiba Sua Linda, que \u00e9 um arraso no souvenirs. Eles vendem v\u00e1rios produtos super originais com designs criados por artistas curitibanos, que v\u00e3o agradar todo mundo.<\/p>\n<p>Alguns\u00a0produtos bem divertidos, como: jogo da mem\u00f3ria de madeira com pontos tur\u00edsticos da cidade, guarda-chuva com estampa de petit pav\u00e9, e o preferido dos curitibanos e turistas: a caneca da tabela peri\u00f3dica de Curitiba. Ela tem uma estampa bem divertida com v\u00e1rias palavras e termos bem pr\u00f3prios daqui como leite quente entre outros.<\/p>\n<p>&nbsp;<\/p>\n<div id=\"attachment_8166\" style=\"width: 810px\" class=\"wp-caption aligncenter\"><img loading=\"lazy\" decoding=\"async\" aria-describedby=\"caption-attachment-8166\" class=\"wp-image-8166\" src=\"https:\/\/mcities.com.br\/curitiba\/wp-content\/uploads\/sites\/3\/2019\/02\/Levy-Ferreira-1024x683.jpg\" alt=\"\" width=\"800\" height=\"533\" srcset=\"https:\/\/mcities.com.br\/curitiba\/wp-content\/uploads\/sites\/3\/2019\/02\/Levy-Ferreira-1024x683.jpg 1024w, https:\/\/mcities.com.br\/curitiba\/wp-content\/uploads\/sites\/3\/2019\/02\/Levy-Ferreira-300x200.jpg 300w, https:\/\/mcities.com.br\/curitiba\/wp-content\/uploads\/sites\/3\/2019\/02\/Levy-Ferreira-768x512.jpg 768w, https:\/\/mcities.com.br\/curitiba\/wp-content\/uploads\/sites\/3\/2019\/02\/Levy-Ferreira-600x400.jpg 600w, https:\/\/mcities.com.br\/curitiba\/wp-content\/uploads\/sites\/3\/2019\/02\/Levy-Ferreira.jpg 2048w\" sizes=\"(max-width: 800px) 100vw, 800px\" \/><p id=\"caption-attachment-8166\" class=\"wp-caption-text\">A Curitiba Sua Linda Foto: Levy Ferreira\/SMCS<\/p><\/div>\n<p>O espa\u00e7o fica aberto para visitas de ter\u00e7a \u00e0 domingo, das 10 \u00e0s 19h, o ingresso custa R$ 6\u00a0e \u00e9 vendido at\u00e9 18h30 l\u00e1 na Torre.<\/p>\n<p>Dica MCities: Visite a Torre Panor\u00e2mica em algum dia da semana, porque o lugar fica bem cheio no final de semana e voc\u00ea acaba perdendo um bom tempo na fila do elevador.<\/p>\n<p><em>Endere\u00e7o: Rua Prof. Lycio Grein de Castro Vellozo, 191 &#8211; Merc\u00eas | Telefone: (41) 3339-7613<\/em><\/p>\n<p>Que tal aproveitar para conhecer alguns bares e restaurantes que tamb\u00e9m t\u00eam uma vista incr\u00edvel? Ent\u00e3o se liga <a href=\"https:\/\/mcities.com.br\/curitiba\/sabor-curitiba\/4-bares-ou-restaurantes-bons-de-vista\/\">nessa lista que a gente preparou<\/a> para voc\u00ea!<\/p>\n","protected":false},"excerpt":{"rendered":"<p>Tenha uma vista privilegiada de Curitiba na Torre Panor\u00e2mica e descubra tudo mais que voc\u00ea encontra por l\u00e1!<\/p>\n","protected":false},"author":1,"featured_media":8167,"comment_status":"open","ping_status":"open","sticky":false,"template":"","format":"standard","meta":{"footnotes":""},"categories":[15],"tags":[184,181,182,183,88],"yoast_head":"<!-- This site is optimized with the Yoast SEO plugin v21.9.1 - https:\/\/yoast.com\/wordpress\/plugins\/seo\/ -->\n<title>Torre Panor\u00e2mica | MCities Curitiba<\/title>\n<meta name=\"robots\" content=\"index, follow, max-snippet:-1, max-image-preview:large, max-video-preview:-1\" \/>\n<link rel=\"canonical\" href=\"https:\/\/mcities.com.br\/curitiba\/descubra-curitiba\/torre-panoramica-curitiba\/\" \/>\n<meta property=\"og:locale\" content=\"pt_BR\" \/>\n<meta property=\"og:type\" content=\"article\" \/>\n<meta property=\"og:title\" content=\"Torre Panor\u00e2mica | MCities Curitiba\" \/>\n<meta property=\"og:description\" content=\"Tenha uma vista privilegiada de Curitiba na Torre Panor\u00e2mica e descubra tudo mais que voc\u00ea encontra por l\u00e1!\" \/>\n<meta property=\"og:url\" content=\"https:\/\/mcities.com.br\/curitiba\/descubra-curitiba\/torre-panoramica-curitiba\/\" \/>\n<meta property=\"og:site_name\" content=\"MCities Curitiba\" \/>\n<meta property=\"article:published_time\" content=\"2020-01-25T20:14:50+00:00\" \/>\n<meta property=\"article:modified_time\" content=\"2021-04-14T21:09:04+00:00\" \/>\n<meta property=\"og:image\" content=\"https:\/\/mcities.com.br\/curitiba\/wp-content\/uploads\/sites\/3\/2019\/02\/Daniel-Castellano.jpg\" \/>\n\t<meta property=\"og:image:width\" content=\"2048\" \/>\n\t<meta property=\"og:image:height\" content=\"1366\" \/>\n\t<meta property=\"og:image:type\" content=\"image\/jpeg\" \/>\n<meta name=\"author\" content=\"Inundaweb\" \/>\n<meta name=\"twitter:card\" content=\"summary_large_image\" \/>\n<meta name=\"twitter:label1\" content=\"Written by\" \/>\n\t<meta name=\"twitter:data1\" content=\"Inundaweb\" \/>\n\t<meta name=\"twitter:label2\" content=\"Est. reading time\" \/>\n\t<meta name=\"twitter:data2\" content=\"3 minutos\" \/>\n<script type=\"application\/ld+json\" class=\"yoast-schema-graph\">{\"@context\":\"https:\/\/schema.org\",\"@graph\":[{\"@type\":\"Article\",\"@id\":\"https:\/\/mcities.com.br\/curitiba\/descubra-curitiba\/torre-panoramica-curitiba\/#article\",\"isPartOf\":{\"@id\":\"https:\/\/mcities.com.br\/curitiba\/descubra-curitiba\/torre-panoramica-curitiba\/\"},\"author\":{\"name\":\"Inundaweb\",\"@id\":\"https:\/\/mcities.com.br\/curitiba\/#\/schema\/person\/d1d2f2ec42904682858920d202234f86\"},\"headline\":\"Torre Panor\u00e2mica\",\"datePublished\":\"2020-01-25T20:14:50+00:00\",\"dateModified\":\"2021-04-14T21:09:04+00:00\",\"mainEntityOfPage\":{\"@id\":\"https:\/\/mcities.com.br\/curitiba\/descubra-curitiba\/torre-panoramica-curitiba\/\"},\"wordCount\":590,\"commentCount\":0,\"publisher\":{\"@id\":\"https:\/\/mcities.com.br\/curitiba\/#organization\"},\"keywords\":[\"museu telefone\",\"torre panoramica\",\"mirante\",\"vista\",\"curitiba\"],\"articleSection\":[\"Descubra Curitiba\"],\"inLanguage\":\"pt-BR\",\"potentialAction\":[{\"@type\":\"CommentAction\",\"name\":\"Comment\",\"target\":[\"https:\/\/mcities.com.br\/curitiba\/descubra-curitiba\/torre-panoramica-curitiba\/#respond\"]}]},{\"@type\":\"WebPage\",\"@id\":\"https:\/\/mcities.com.br\/curitiba\/descubra-curitiba\/torre-panoramica-curitiba\/\",\"url\":\"https:\/\/mcities.com.br\/curitiba\/descubra-curitiba\/torre-panoramica-curitiba\/\",\"name\":\"Torre Panor\u00e2mica | MCities Curitiba\",\"isPartOf\":{\"@id\":\"https:\/\/mcities.com.br\/curitiba\/#website\"},\"datePublished\":\"2020-01-25T20:14:50+00:00\",\"dateModified\":\"2021-04-14T21:09:04+00:00\",\"breadcrumb\":{\"@id\":\"https:\/\/mcities.com.br\/curitiba\/descubra-curitiba\/torre-panoramica-curitiba\/#breadcrumb\"},\"inLanguage\":\"pt-BR\",\"potentialAction\":[{\"@type\":\"ReadAction\",\"target\":[\"https:\/\/mcities.com.br\/curitiba\/descubra-curitiba\/torre-panoramica-curitiba\/\"]}]},{\"@type\":\"BreadcrumbList\",\"@id\":\"https:\/\/mcities.com.br\/curitiba\/descubra-curitiba\/torre-panoramica-curitiba\/#breadcrumb\",\"itemListElement\":[{\"@type\":\"ListItem\",\"position\":1,\"name\":\"Home\",\"item\":\"https:\/\/mcities.com.br\/curitiba\/\"},{\"@type\":\"ListItem\",\"position\":2,\"name\":\"Torre Panor\u00e2mica\"}]},{\"@type\":\"WebSite\",\"@id\":\"https:\/\/mcities.com.br\/curitiba\/#website\",\"url\":\"https:\/\/mcities.com.br\/curitiba\/\",\"name\":\"MCities Curitiba\",\"description\":\"MCities \u00e9 um sistema que tem a disposic\u0327a\u0303o de dinamizar a integrac\u0327a\u0303o entre pessoas e cidades. Somos um sistema que oferece conte\u00fados de experi\u00eancias divertidas para voc\u00ea curtir e viver momentos incr\u00edveis, seja em casa ou nas ruas da cidade.\",\"publisher\":{\"@id\":\"https:\/\/mcities.com.br\/curitiba\/#organization\"},\"potentialAction\":[{\"@type\":\"SearchAction\",\"target\":{\"@type\":\"EntryPoint\",\"urlTemplate\":\"https:\/\/mcities.com.br\/curitiba\/?s={search_term_string}\"},\"query-input\":\"required name=search_term_string\"}],\"inLanguage\":\"pt-BR\"},{\"@type\":\"Organization\",\"@id\":\"https:\/\/mcities.com.br\/curitiba\/#organization\",\"name\":\"MCities\",\"url\":\"https:\/\/mcities.com.br\/curitiba\/\",\"logo\":{\"@type\":\"ImageObject\",\"inLanguage\":\"pt-BR\",\"@id\":\"https:\/\/mcities.com.br\/curitiba\/#\/schema\/logo\/image\/\",\"url\":\"https:\/\/mcities.com.br\/curitiba\/wp-content\/uploads\/sites\/3\/2017\/03\/mcities-color.png\",\"contentUrl\":\"https:\/\/mcities.com.br\/curitiba\/wp-content\/uploads\/sites\/3\/2017\/03\/mcities-color.png\",\"width\":248,\"height\":57,\"caption\":\"MCities\"},\"image\":{\"@id\":\"https:\/\/mcities.com.br\/curitiba\/#\/schema\/logo\/image\/\"}},{\"@type\":\"Person\",\"@id\":\"https:\/\/mcities.com.br\/curitiba\/#\/schema\/person\/d1d2f2ec42904682858920d202234f86\",\"name\":\"Inundaweb\",\"image\":{\"@type\":\"ImageObject\",\"inLanguage\":\"pt-BR\",\"@id\":\"https:\/\/mcities.com.br\/curitiba\/#\/schema\/person\/image\/\",\"url\":\"https:\/\/secure.gravatar.com\/avatar\/4573ed0880b6a3503fc776194d661e55?s=96&d=mm&r=g\",\"contentUrl\":\"https:\/\/secure.gravatar.com\/avatar\/4573ed0880b6a3503fc776194d661e55?s=96&d=mm&r=g\",\"caption\":\"Inundaweb\"}}]}<\/script>\n<!-- \/ Yoast SEO plugin. -->","yoast_head_json":{"title":"Torre Panor\u00e2mica | MCities Curitiba","robots":{"index":"index","follow":"follow","max-snippet":"max-snippet:-1","max-image-preview":"max-image-preview:large","max-video-preview":"max-video-preview:-1"},"canonical":"https:\/\/mcities.com.br\/curitiba\/descubra-curitiba\/torre-panoramica-curitiba\/","og_locale":"pt_BR","og_type":"article","og_title":"Torre Panor\u00e2mica | MCities Curitiba","og_description":"Tenha uma vista privilegiada de Curitiba na Torre Panor\u00e2mica e descubra tudo mais que voc\u00ea encontra por l\u00e1!","og_url":"https:\/\/mcities.com.br\/curitiba\/descubra-curitiba\/torre-panoramica-curitiba\/","og_site_name":"MCities Curitiba","article_published_time":"2020-01-25T20:14:50+00:00","article_modified_time":"2021-04-14T21:09:04+00:00","og_image":[{"width":2048,"height":1366,"url":"https:\/\/mcities.com.br\/curitiba\/wp-content\/uploads\/sites\/3\/2019\/02\/Daniel-Castellano.jpg","type":"image\/jpeg"}],"author":"Inundaweb","twitter_card":"summary_large_image","twitter_misc":{"Written by":"Inundaweb","Est. reading time":"3 minutos"},"schema":{"@context":"https:\/\/schema.org","@graph":[{"@type":"Article","@id":"https:\/\/mcities.com.br\/curitiba\/descubra-curitiba\/torre-panoramica-curitiba\/#article","isPartOf":{"@id":"https:\/\/mcities.com.br\/curitiba\/descubra-curitiba\/torre-panoramica-curitiba\/"},"author":{"name":"Inundaweb","@id":"https:\/\/mcities.com.br\/curitiba\/#\/schema\/person\/d1d2f2ec42904682858920d202234f86"},"headline":"Torre Panor\u00e2mica","datePublished":"2020-01-25T20:14:50+00:00","dateModified":"2021-04-14T21:09:04+00:00","mainEntityOfPage":{"@id":"https:\/\/mcities.com.br\/curitiba\/descubra-curitiba\/torre-panoramica-curitiba\/"},"wordCount":590,"commentCount":0,"publisher":{"@id":"https:\/\/mcities.com.br\/curitiba\/#organization"},"keywords":["museu telefone","torre panoramica","mirante","vista","curitiba"],"articleSection":["Descubra Curitiba"],"inLanguage":"pt-BR","potentialAction":[{"@type":"CommentAction","name":"Comment","target":["https:\/\/mcities.com.br\/curitiba\/descubra-curitiba\/torre-panoramica-curitiba\/#respond"]}]},{"@type":"WebPage","@id":"https:\/\/mcities.com.br\/curitiba\/descubra-curitiba\/torre-panoramica-curitiba\/","url":"https:\/\/mcities.com.br\/curitiba\/descubra-curitiba\/torre-panoramica-curitiba\/","name":"Torre Panor\u00e2mica | MCities Curitiba","isPartOf":{"@id":"https:\/\/mcities.com.br\/curitiba\/#website"},"datePublished":"2020-01-25T20:14:50+00:00","dateModified":"2021-04-14T21:09:04+00:00","breadcrumb":{"@id":"https:\/\/mcities.com.br\/curitiba\/descubra-curitiba\/torre-panoramica-curitiba\/#breadcrumb"},"inLanguage":"pt-BR","potentialAction":[{"@type":"ReadAction","target":["https:\/\/mcities.com.br\/curitiba\/descubra-curitiba\/torre-panoramica-curitiba\/"]}]},{"@type":"BreadcrumbList","@id":"https:\/\/mcities.com.br\/curitiba\/descubra-curitiba\/torre-panoramica-curitiba\/#breadcrumb","itemListElement":[{"@type":"ListItem","position":1,"name":"Home","item":"https:\/\/mcities.com.br\/curitiba\/"},{"@type":"ListItem","position":2,"name":"Torre Panor\u00e2mica"}]},{"@type":"WebSite","@id":"https:\/\/mcities.com.br\/curitiba\/#website","url":"https:\/\/mcities.com.br\/curitiba\/","name":"MCities Curitiba","description":"MCities \u00e9 um sistema que tem a disposic\u0327a\u0303o de dinamizar a integrac\u0327a\u0303o entre pessoas e cidades. Somos um sistema que oferece conte\u00fados de experi\u00eancias divertidas para voc\u00ea curtir e viver momentos incr\u00edveis, seja em casa ou nas ruas da cidade.","publisher":{"@id":"https:\/\/mcities.com.br\/curitiba\/#organization"},"potentialAction":[{"@type":"SearchAction","target":{"@type":"EntryPoint","urlTemplate":"https:\/\/mcities.com.br\/curitiba\/?s={search_term_string}"},"query-input":"required name=search_term_string"}],"inLanguage":"pt-BR"},{"@type":"Organization","@id":"https:\/\/mcities.com.br\/curitiba\/#organization","name":"MCities","url":"https:\/\/mcities.com.br\/curitiba\/","logo":{"@type":"ImageObject","inLanguage":"pt-BR","@id":"https:\/\/mcities.com.br\/curitiba\/#\/schema\/logo\/image\/","url":"https:\/\/mcities.com.br\/curitiba\/wp-content\/uploads\/sites\/3\/2017\/03\/mcities-color.png","contentUrl":"https:\/\/mcities.com.br\/curitiba\/wp-content\/uploads\/sites\/3\/2017\/03\/mcities-color.png","width":248,"height":57,"caption":"MCities"},"image":{"@id":"https:\/\/mcities.com.br\/curitiba\/#\/schema\/logo\/image\/"}},{"@type":"Person","@id":"https:\/\/mcities.com.br\/curitiba\/#\/schema\/person\/d1d2f2ec42904682858920d202234f86","name":"Inundaweb","image":{"@type":"ImageObject","inLanguage":"pt-BR","@id":"https:\/\/mcities.com.br\/curitiba\/#\/schema\/person\/image\/","url":"https:\/\/secure.gravatar.com\/avatar\/4573ed0880b6a3503fc776194d661e55?s=96&d=mm&r=g","contentUrl":"https:\/\/secure.gravatar.com\/avatar\/4573ed0880b6a3503fc776194d661e55?s=96&d=mm&r=g","caption":"Inundaweb"}}]}},"_links":{"self":[{"href":"https:\/\/mcities.com.br\/curitiba\/wp-json\/wp\/v2\/posts\/7897"}],"collection":[{"href":"https:\/\/mcities.com.br\/curitiba\/wp-json\/wp\/v2\/posts"}],"about":[{"href":"https:\/\/mcities.com.br\/curitiba\/wp-json\/wp\/v2\/types\/post"}],"author":[{"embeddable":true,"href":"https:\/\/mcities.com.br\/curitiba\/wp-json\/wp\/v2\/users\/1"}],"replies":[{"embeddable":true,"href":"https:\/\/mcities.com.br\/curitiba\/wp-json\/wp\/v2\/comments?post=7897"}],"version-history":[{"count":10,"href":"https:\/\/mcities.com.br\/curitiba\/wp-json\/wp\/v2\/posts\/7897\/revisions"}],"predecessor-version":[{"id":8171,"href":"https:\/\/mcities.com.br\/curitiba\/wp-json\/wp\/v2\/posts\/7897\/revisions\/8171"}],"wp:featuredmedia":[{"embeddable":true,"href":"https:\/\/mcities.com.br\/curitiba\/wp-json\/wp\/v2\/media\/8167"}],"wp:attachment":[{"href":"https:\/\/mcities.com.br\/curitiba\/wp-json\/wp\/v2\/media?parent=7897"}],"wp:term":[{"taxonomy":"category","embeddable":true,"href":"https:\/\/mcities.com.br\/curitiba\/wp-json\/wp\/v2\/categories?post=7897"},{"taxonomy":"post_tag","embeddable":true,"href":"https:\/\/mcities.com.br\/curitiba\/wp-json\/wp\/v2\/tags?post=7897"}],"curies":[{"name":"wp","href":"https:\/\/api.w.org\/{rel}","templated":true}]}}