{"id":7891,"date":"2019-04-17T08:47:42","date_gmt":"2019-04-17T11:47:42","guid":{"rendered":"https:\/\/mcities.com.br\/curitiba\/?p=7891"},"modified":"2021-04-14T19:52:24","modified_gmt":"2021-04-14T22:52:24","slug":"sabores-de-portugal","status":"publish","type":"post","link":"https:\/\/mcities.com.br\/curitiba\/sabor-curitiba\/sabores-de-portugal\/","title":{"rendered":"Sabores de Portugal"},"content":{"rendered":"<h2>Viaje pela gastronomia portuguesa sem sair de Curitiba<\/h2>\n<p>Quer descobrir onde tem um bolinho de bacalhau incr\u00edvel, com uma receita que \u00e9 segredo de fam\u00edlia? E que tal\u00a0comer uns docinhos portugueses deliciosos? Alguns lugares em Curitiba para saborear a comida portuguesa.<\/p>\n<h3>Come\u00e7ando pelo bacalhau<\/h3>\n<p>Quer provar um bacalhau preparado \u00e0 moda portuguesa em um lugar bem aconchegante? No restaurante <em>Camponesa do Minho<\/em>,\u00a0os ambientes s\u00e3o decorados como uma daquelas casas portuguesas tradicionais e eles t\u00eam mais de 20 op\u00e7\u00f5es de bacalhau para voc\u00ea escolher!<\/p>\n<p>A especialidade da casa \u00e9 o Bacalhau a Gomes de S\u00e1, feito com o bacalhau desfiado, refogado em azeite de oliva e preparado com cebola, salsinha, azeitona preta, batatas cozidas e ovo picado. Uma del\u00edcia!<\/p>\n<p>O prato serve duas pessoas e\u00a0acompanha arroz. O restaurante abre de ter\u00e7a a domingo, das 11h30 \u00e0s 14h30 e das 18h30 \u00e0s 23h. No final de semana o almo\u00e7o \u00e9 servido at\u00e9 as 15h e no domingo eles n\u00e3o abrem\u00a0\u00e0 noite.<\/p>\n<div id=\"attachment_8088\" style=\"width: 810px\" class=\"wp-caption aligncenter\"><img fetchpriority=\"high\" decoding=\"async\" aria-describedby=\"caption-attachment-8088\" class=\"wp-image-8088\" src=\"https:\/\/mcities.com.br\/curitiba\/wp-content\/uploads\/sites\/3\/2019\/02\/Bacalhau-a-Gomes-de-Sa\u0301.jpg\" alt=\"\" width=\"800\" height=\"600\" srcset=\"https:\/\/mcities.com.br\/curitiba\/wp-content\/uploads\/sites\/3\/2019\/02\/Bacalhau-a-Gomes-de-Sa\u0301.jpg 520w, https:\/\/mcities.com.br\/curitiba\/wp-content\/uploads\/sites\/3\/2019\/02\/Bacalhau-a-Gomes-de-Sa\u0301-300x225.jpg 300w\" sizes=\"(max-width: 800px) 100vw, 800px\" \/><p id=\"caption-attachment-8088\" class=\"wp-caption-text\">O bacalhau \u00e0 Gomes de S\u00e1. Foto: Divulga\u00e7\u00e3o.<\/p><\/div>\n<p><em>Endere\u00e7o: Rua Padre Anchieta, 978 &#8211; Merc\u00eas | Telefone: (41) 3336-1312 | <a href=\"http:\/\/camponesadominho.com.br\u00a0\">Site do Camponesa do Minho<\/a><\/em><\/p>\n<p>O <em>Cantina dos A\u00e7ores<\/em>\u00a0\u00e9 um restaurante caseiro, sem muita frescura e que possui um bacalhau de primeira. O atendimento \u00e9 super atencioso, sempre d\u00e3o aquela\u00a0 ajudinha para escolher o prato.<\/p>\n<p>Experimente o prato de bacalhau \u00e0 Raposo,\u00a0preparado com o lombo do bacalhau, que \u00e9 t\u00e3o macia que chega a derreter e \u00e9 temperada com cheiro verde, cebola, alho e, claro, muito azeite de oliva daquele tipicamente portugu\u00eas. O prato\u00a0\u00e9 servido com batata, azeitona, ovos cozidos e acompanha arroz e gr\u00e3o de bico.<\/p>\n<p>Vale a pena ir na Cantina com a fam\u00edlia ou amigos, porque o prato serve at\u00e9\u00a0tr\u00eas pessoas tranquilamente,\u00a0ali\u00e1s, eles preparam pratos que servem at\u00e9 oito pessoas ! E funciona\u00a0todos os dias das 11h \u00e0s 23h. Bora convidar a fam\u00edlia ?<\/p>\n<p>&nbsp;<\/p>\n<div id=\"attachment_8100\" style=\"width: 810px\" class=\"wp-caption aligncenter\"><img decoding=\"async\" aria-describedby=\"caption-attachment-8100\" class=\"wp-image-8100\" src=\"https:\/\/mcities.com.br\/curitiba\/wp-content\/uploads\/sites\/3\/2019\/02\/bacalhau.png\" alt=\"\" width=\"800\" height=\"472\" srcset=\"https:\/\/mcities.com.br\/curitiba\/wp-content\/uploads\/sites\/3\/2019\/02\/bacalhau.png 665w, https:\/\/mcities.com.br\/curitiba\/wp-content\/uploads\/sites\/3\/2019\/02\/bacalhau-300x177.png 300w\" sizes=\"(max-width: 800px) 100vw, 800px\" \/><p id=\"caption-attachment-8100\" class=\"wp-caption-text\">Bacalhau \u00e0 raposo. Foto Divulga\u00e7\u00e3o<\/p><\/div>\n<p><em>Endere\u00e7o: Rua Euz\u00e9bio da Motta, 306 &#8211; Alto da Gl\u00f3ria | Telefone: (41) 3027-3614 | <a href=\"http:\/\/www.cantinaacores.com.br\u00a0\">Site da Cantina A\u00e7ores<\/a><\/em><\/p>\n<h3>Docinhos portugueses<\/h3>\n<p>Localizada perto da Pra\u00e7a do Jap\u00e3o, a panificadora e confeitaria <em>Delicias de Portugal<\/em>, tem uma variedade\u00a0de salgados e os doces portugueses.<\/p>\n<p>Uma das op\u00e7\u00f5es deliciosas para o caf\u00e9 da manh\u00e3 ou tarde \u00e9 o doce mais famoso da casa, o pastel de Maria Clara, por fora a massa \u00e9 super fina e crocante, com um recheio divino de creme de ovos e am\u00eandoas. Simplesmente delicioso e combina bem com caf\u00e9. Funcionam de segunda a s\u00e1bado das 06h30 \u00e0s 19h.<\/p>\n<div id=\"attachment_8102\" style=\"width: 810px\" class=\"wp-caption aligncenter\"><img decoding=\"async\" aria-describedby=\"caption-attachment-8102\" class=\"wp-image-8102\" src=\"https:\/\/mcities.com.br\/curitiba\/wp-content\/uploads\/sites\/3\/2019\/02\/PORTUGUES.png\" alt=\"\" width=\"800\" height=\"691\" srcset=\"https:\/\/mcities.com.br\/curitiba\/wp-content\/uploads\/sites\/3\/2019\/02\/PORTUGUES.png 581w, https:\/\/mcities.com.br\/curitiba\/wp-content\/uploads\/sites\/3\/2019\/02\/PORTUGUES-300x259.png 300w\" sizes=\"(max-width: 800px) 100vw, 800px\" \/><p id=\"caption-attachment-8102\" class=\"wp-caption-text\">Pastel Maria Clara. Foto Divulga\u00e7\u00e3o<\/p><\/div>\n<p><em>Endere\u00e7o: Avenida Sete de Setembro, 4861 &#8211; Batel\u00a0| Telefone: (41) 3029-7681<\/em><\/p>\n<p>A <em>Doce Fado<\/em>\u00a0\u00e9 uma padaria e doceria portuguesa. L\u00e1 voc\u00ea vai encontrar receitas tradicionais da culin\u00e1ria, mas o destaque vai para toucinho do c\u00e9u,\u00a0feito\u00a0com uma massa cremosa de am\u00eandoas, ovos e lim\u00e3o, e\u00a0cobertura de a\u00e7\u00facar e canela.\u00a0A cada mordida uma viagem at\u00e9 Portugal. A loja abre todos os dias das 10h \u00e0s 22h no Shopping Patio Batel.<\/p>\n<p>Dois docinhos para experimentar! Opa! Isso sim, \u00e9 um motivo para convidar a (o) amiga (o) tomar um caf\u00e9 .<\/p>\n<div id=\"attachment_8090\" style=\"width: 814px\" class=\"wp-caption aligncenter\"><img loading=\"lazy\" decoding=\"async\" aria-describedby=\"caption-attachment-8090\" class=\"wp-image-8090\" src=\"https:\/\/mcities.com.br\/curitiba\/wp-content\/uploads\/sites\/3\/2019\/02\/toucinho-1024x683.jpg\" alt=\"\" width=\"804\" height=\"536\" srcset=\"https:\/\/mcities.com.br\/curitiba\/wp-content\/uploads\/sites\/3\/2019\/02\/toucinho-1024x683.jpg 1024w, https:\/\/mcities.com.br\/curitiba\/wp-content\/uploads\/sites\/3\/2019\/02\/toucinho-300x200.jpg 300w, https:\/\/mcities.com.br\/curitiba\/wp-content\/uploads\/sites\/3\/2019\/02\/toucinho-768x512.jpg 768w, https:\/\/mcities.com.br\/curitiba\/wp-content\/uploads\/sites\/3\/2019\/02\/toucinho-600x400.jpg 600w, https:\/\/mcities.com.br\/curitiba\/wp-content\/uploads\/sites\/3\/2019\/02\/toucinho.jpg 2048w\" sizes=\"(max-width: 804px) 100vw, 804px\" \/><p id=\"caption-attachment-8090\" class=\"wp-caption-text\">Vai resistir \u00e0 essa do\u00e7ura?! Foto: Divulga\u00e7\u00e3o.<\/p><\/div>\n<p><em>Endere\u00e7o: Avenida do Batel, 1868 &#8211; Batel | Telefone: (41) 3020-3424 | <a href=\"https:\/\/www.facebook.com\/docefadopatiobatel\/\u00a0\">Facebook do Doce Fado<\/a><\/em><\/p>\n<h3>Happy Hour com bolinho de bacalhau.<\/h3>\n<p>Entrar na <em>Mercearia do Portugu\u00eas<\/em> \u00e9 como fazer uma viagem no tempo diretamente para Portugal no\u00a0s\u00e9culo passado.<\/p>\n<p>O restaurante \u00e9 decorado com v\u00e1rios objetos antigos e tem\u00a0as paredes cobertas por quadros com fotos de \u00e9poca e aqueles azulejos coloridos super charmosos, mas a verdadeira estrela ali \u00e9 o bolinho de bacalhau.<\/p>\n<p>A receita \u00e9 um segredo de fam\u00edlia, que passou de gera\u00e7\u00e3o em gera\u00e7\u00e3o e combina perfeitamente para o happy hour. A massinha do bolinho \u00e9 de batata e\u00a0super crocante, recheado com muito bacalhau desfiado. Uma explos\u00e3o dos\u00a0sabores. E n\u00e3o deixe de pedir um chopp para acompanhar o bolinho. A combina\u00e7\u00e3o perfeita para Happy hour.<\/p>\n<p>Abertos de segunda \u00e0 sexta para almo\u00e7o das 11h30 \u00e0s 14h30\u00a0e para happy hour ou\u00a0jantar 18h \u00e0s 23h15. S\u00e1bados das 11h30 \u00e0s 16h.<\/p>\n<div id=\"attachment_8091\" style=\"width: 814px\" class=\"wp-caption aligncenter\"><img loading=\"lazy\" decoding=\"async\" aria-describedby=\"caption-attachment-8091\" class=\"wp-image-8091\" src=\"https:\/\/mcities.com.br\/curitiba\/wp-content\/uploads\/sites\/3\/2019\/02\/bolinho-bacalhau-1024x683.jpg\" alt=\"\" width=\"804\" height=\"536\" srcset=\"https:\/\/mcities.com.br\/curitiba\/wp-content\/uploads\/sites\/3\/2019\/02\/bolinho-bacalhau-1024x683.jpg 1024w, https:\/\/mcities.com.br\/curitiba\/wp-content\/uploads\/sites\/3\/2019\/02\/bolinho-bacalhau-300x200.jpg 300w, https:\/\/mcities.com.br\/curitiba\/wp-content\/uploads\/sites\/3\/2019\/02\/bolinho-bacalhau-768x512.jpg 768w, https:\/\/mcities.com.br\/curitiba\/wp-content\/uploads\/sites\/3\/2019\/02\/bolinho-bacalhau-600x400.jpg 600w, https:\/\/mcities.com.br\/curitiba\/wp-content\/uploads\/sites\/3\/2019\/02\/bolinho-bacalhau.jpg 1920w\" sizes=\"(max-width: 804px) 100vw, 804px\" \/><p id=\"caption-attachment-8091\" class=\"wp-caption-text\">O bolinho de bacalhau \u00e9 um petisco perfeito. Foto: Divulga\u00e7\u00e3o.<\/p><\/div>\n<p><em>Endere\u00e7o: Rua Chile, 2041 &#8211; Rebou\u00e7as | Telefone: (41) 3332-1267 | <a href=\"http:\/\/www.merceariadoportugues.com.br\u00a0\">Site da Mercearia do Portugu\u00eas<\/a><\/em><\/p>\n<h3>Para ir al\u00e9m do bacalhau<\/h3>\n<p>O restaurante <em>Oliven\u00e7a<\/em> traz receitas de tradi\u00e7\u00e3o espanhola e portuguesa, mas o destaque vai para\u00a0a sardinha portuguesa que todo \u00faltimo s\u00e1bado do m\u00eas, eles preparam uma maravilhosa sardinha na brasa, super crocante e bem temperada, servida com cebola, azeitonas pretas, batata, pimenta e vinagrete!<\/p>\n<p>O restaurante fica na Mercadoteca, um dos espa\u00e7os gastron\u00f4micos mais descolados da cidade, e abre de ter\u00e7a a s\u00e1bado das 11h \u00e0s 23h e no domingo das 11h \u00e0s 20h.<\/p>\n<div id=\"attachment_8092\" style=\"width: 810px\" class=\"wp-caption aligncenter\"><img loading=\"lazy\" decoding=\"async\" aria-describedby=\"caption-attachment-8092\" class=\"wp-image-8092\" src=\"https:\/\/mcities.com.br\/curitiba\/wp-content\/uploads\/sites\/3\/2019\/02\/sardinhas-1024x886.jpg\" alt=\"\" width=\"800\" height=\"692\" srcset=\"https:\/\/mcities.com.br\/curitiba\/wp-content\/uploads\/sites\/3\/2019\/02\/sardinhas-1024x886.jpg 1024w, https:\/\/mcities.com.br\/curitiba\/wp-content\/uploads\/sites\/3\/2019\/02\/sardinhas-300x259.jpg 300w, https:\/\/mcities.com.br\/curitiba\/wp-content\/uploads\/sites\/3\/2019\/02\/sardinhas-768x664.jpg 768w, https:\/\/mcities.com.br\/curitiba\/wp-content\/uploads\/sites\/3\/2019\/02\/sardinhas.jpg 1066w\" sizes=\"(max-width: 800px) 100vw, 800px\" \/><p id=\"caption-attachment-8092\" class=\"wp-caption-text\">A sardinha na brasa. Foto: Divulga\u00e7\u00e3o.<\/p><\/div>\n<p><em>Endere\u00e7o: Rua Paulo Gorski,\u00a01309 &#8211; Mossungu\u00ea | Telefone: (41) 3503-4583 |\u00a0<a href=\"http:\/\/www.olivenca.com.br\/?fbclid=IwAR1qf_JejkPa2NenQV0r6j7Sj_8A8Ckf7xaQivYBHEqL_7G89zly50Ukgg0\">Oliven\u00e7a<\/a><\/em><\/p>\n<p>Pr\u00f3xima parada: It\u00e1lia! Continue sua viagem gastron\u00f4mica pelos sabores de outros pa\u00edses com esses <a href=\"https:\/\/mcities.com.br\/curitiba\/sabor-curitiba\/restaurantes-italianos-tradicionais-curitiba\/\">quatro restaurantes tradicionais italianos<\/a>.<\/p>\n","protected":false},"excerpt":{"rendered":"<p>Quer descobrir onde tem um bolinho de bacalhau incr\u00edvel, com uma receita que \u00e9 segredo de fam\u00edlia? E que tal\u00a0comer uns docinhos portugueses deliciosos?<\/p>\n","protected":false},"author":1,"featured_media":8092,"comment_status":"open","ping_status":"open","sticky":false,"template":"","format":"standard","meta":{"footnotes":""},"categories":[12],"tags":[173,174,175,176,177],"yoast_head":"<!-- This site is optimized with the Yoast SEO plugin v21.9.1 - https:\/\/yoast.com\/wordpress\/plugins\/seo\/ -->\n<title>Sabores de Portugal | MCities Curitiba<\/title>\n<meta name=\"robots\" content=\"index, follow, max-snippet:-1, max-image-preview:large, max-video-preview:-1\" \/>\n<link rel=\"canonical\" href=\"https:\/\/mcities.com.br\/curitiba\/sabor-curitiba\/sabores-de-portugal\/\" \/>\n<meta property=\"og:locale\" content=\"pt_BR\" \/>\n<meta property=\"og:type\" content=\"article\" \/>\n<meta property=\"og:title\" content=\"Sabores de Portugal | MCities Curitiba\" \/>\n<meta property=\"og:description\" content=\"Quer descobrir onde tem um bolinho de bacalhau incr\u00edvel, com uma receita que \u00e9 segredo de fam\u00edlia? E que tal\u00a0comer uns docinhos portugueses deliciosos?\" \/>\n<meta property=\"og:url\" content=\"https:\/\/mcities.com.br\/curitiba\/sabor-curitiba\/sabores-de-portugal\/\" \/>\n<meta property=\"og:site_name\" content=\"MCities Curitiba\" \/>\n<meta property=\"article:published_time\" content=\"2019-04-17T11:47:42+00:00\" \/>\n<meta property=\"article:modified_time\" content=\"2021-04-14T22:52:24+00:00\" \/>\n<meta property=\"og:image\" content=\"https:\/\/mcities.com.br\/curitiba\/wp-content\/uploads\/sites\/3\/2019\/02\/sardinhas.jpg\" \/>\n\t<meta property=\"og:image:width\" content=\"1066\" \/>\n\t<meta property=\"og:image:height\" content=\"922\" \/>\n\t<meta property=\"og:image:type\" content=\"image\/jpeg\" \/>\n<meta name=\"author\" content=\"Inundaweb\" \/>\n<meta name=\"twitter:card\" content=\"summary_large_image\" \/>\n<meta name=\"twitter:label1\" content=\"Written by\" \/>\n\t<meta name=\"twitter:data1\" content=\"Inundaweb\" \/>\n\t<meta name=\"twitter:label2\" content=\"Est. reading time\" \/>\n\t<meta name=\"twitter:data2\" content=\"4 minutos\" \/>\n<script type=\"application\/ld+json\" class=\"yoast-schema-graph\">{\"@context\":\"https:\/\/schema.org\",\"@graph\":[{\"@type\":\"Article\",\"@id\":\"https:\/\/mcities.com.br\/curitiba\/sabor-curitiba\/sabores-de-portugal\/#article\",\"isPartOf\":{\"@id\":\"https:\/\/mcities.com.br\/curitiba\/sabor-curitiba\/sabores-de-portugal\/\"},\"author\":{\"name\":\"Inundaweb\",\"@id\":\"https:\/\/mcities.com.br\/curitiba\/#\/schema\/person\/d1d2f2ec42904682858920d202234f86\"},\"headline\":\"Sabores de Portugal\",\"datePublished\":\"2019-04-17T11:47:42+00:00\",\"dateModified\":\"2021-04-14T22:52:24+00:00\",\"mainEntityOfPage\":{\"@id\":\"https:\/\/mcities.com.br\/curitiba\/sabor-curitiba\/sabores-de-portugal\/\"},\"wordCount\":894,\"commentCount\":0,\"publisher\":{\"@id\":\"https:\/\/mcities.com.br\/curitiba\/#organization\"},\"keywords\":[\"comida portuguesa\",\"sabor portugues\",\"delicia portugues\",\"bacalhau\",\"sardinha\"],\"articleSection\":[\"Sabor Curitiba\"],\"inLanguage\":\"pt-BR\",\"potentialAction\":[{\"@type\":\"CommentAction\",\"name\":\"Comment\",\"target\":[\"https:\/\/mcities.com.br\/curitiba\/sabor-curitiba\/sabores-de-portugal\/#respond\"]}]},{\"@type\":\"WebPage\",\"@id\":\"https:\/\/mcities.com.br\/curitiba\/sabor-curitiba\/sabores-de-portugal\/\",\"url\":\"https:\/\/mcities.com.br\/curitiba\/sabor-curitiba\/sabores-de-portugal\/\",\"name\":\"Sabores de Portugal | MCities Curitiba\",\"isPartOf\":{\"@id\":\"https:\/\/mcities.com.br\/curitiba\/#website\"},\"datePublished\":\"2019-04-17T11:47:42+00:00\",\"dateModified\":\"2021-04-14T22:52:24+00:00\",\"breadcrumb\":{\"@id\":\"https:\/\/mcities.com.br\/curitiba\/sabor-curitiba\/sabores-de-portugal\/#breadcrumb\"},\"inLanguage\":\"pt-BR\",\"potentialAction\":[{\"@type\":\"ReadAction\",\"target\":[\"https:\/\/mcities.com.br\/curitiba\/sabor-curitiba\/sabores-de-portugal\/\"]}]},{\"@type\":\"BreadcrumbList\",\"@id\":\"https:\/\/mcities.com.br\/curitiba\/sabor-curitiba\/sabores-de-portugal\/#breadcrumb\",\"itemListElement\":[{\"@type\":\"ListItem\",\"position\":1,\"name\":\"Home\",\"item\":\"https:\/\/mcities.com.br\/curitiba\/\"},{\"@type\":\"ListItem\",\"position\":2,\"name\":\"Sabores de Portugal\"}]},{\"@type\":\"WebSite\",\"@id\":\"https:\/\/mcities.com.br\/curitiba\/#website\",\"url\":\"https:\/\/mcities.com.br\/curitiba\/\",\"name\":\"MCities Curitiba\",\"description\":\"MCities \u00e9 um sistema que tem a disposic\u0327a\u0303o de dinamizar a integrac\u0327a\u0303o entre pessoas e cidades. Somos um sistema que oferece conte\u00fados de experi\u00eancias divertidas para voc\u00ea curtir e viver momentos incr\u00edveis, seja em casa ou nas ruas da cidade.\",\"publisher\":{\"@id\":\"https:\/\/mcities.com.br\/curitiba\/#organization\"},\"potentialAction\":[{\"@type\":\"SearchAction\",\"target\":{\"@type\":\"EntryPoint\",\"urlTemplate\":\"https:\/\/mcities.com.br\/curitiba\/?s={search_term_string}\"},\"query-input\":\"required name=search_term_string\"}],\"inLanguage\":\"pt-BR\"},{\"@type\":\"Organization\",\"@id\":\"https:\/\/mcities.com.br\/curitiba\/#organization\",\"name\":\"MCities\",\"url\":\"https:\/\/mcities.com.br\/curitiba\/\",\"logo\":{\"@type\":\"ImageObject\",\"inLanguage\":\"pt-BR\",\"@id\":\"https:\/\/mcities.com.br\/curitiba\/#\/schema\/logo\/image\/\",\"url\":\"https:\/\/mcities.com.br\/curitiba\/wp-content\/uploads\/sites\/3\/2017\/03\/mcities-color.png\",\"contentUrl\":\"https:\/\/mcities.com.br\/curitiba\/wp-content\/uploads\/sites\/3\/2017\/03\/mcities-color.png\",\"width\":248,\"height\":57,\"caption\":\"MCities\"},\"image\":{\"@id\":\"https:\/\/mcities.com.br\/curitiba\/#\/schema\/logo\/image\/\"}},{\"@type\":\"Person\",\"@id\":\"https:\/\/mcities.com.br\/curitiba\/#\/schema\/person\/d1d2f2ec42904682858920d202234f86\",\"name\":\"Inundaweb\",\"image\":{\"@type\":\"ImageObject\",\"inLanguage\":\"pt-BR\",\"@id\":\"https:\/\/mcities.com.br\/curitiba\/#\/schema\/person\/image\/\",\"url\":\"https:\/\/secure.gravatar.com\/avatar\/4573ed0880b6a3503fc776194d661e55?s=96&d=mm&r=g\",\"contentUrl\":\"https:\/\/secure.gravatar.com\/avatar\/4573ed0880b6a3503fc776194d661e55?s=96&d=mm&r=g\",\"caption\":\"Inundaweb\"}}]}<\/script>\n<!-- \/ Yoast SEO plugin. -->","yoast_head_json":{"title":"Sabores de Portugal | MCities Curitiba","robots":{"index":"index","follow":"follow","max-snippet":"max-snippet:-1","max-image-preview":"max-image-preview:large","max-video-preview":"max-video-preview:-1"},"canonical":"https:\/\/mcities.com.br\/curitiba\/sabor-curitiba\/sabores-de-portugal\/","og_locale":"pt_BR","og_type":"article","og_title":"Sabores de Portugal | MCities Curitiba","og_description":"Quer descobrir onde tem um bolinho de bacalhau incr\u00edvel, com uma receita que \u00e9 segredo de fam\u00edlia? E que tal\u00a0comer uns docinhos portugueses deliciosos?","og_url":"https:\/\/mcities.com.br\/curitiba\/sabor-curitiba\/sabores-de-portugal\/","og_site_name":"MCities Curitiba","article_published_time":"2019-04-17T11:47:42+00:00","article_modified_time":"2021-04-14T22:52:24+00:00","og_image":[{"width":1066,"height":922,"url":"https:\/\/mcities.com.br\/curitiba\/wp-content\/uploads\/sites\/3\/2019\/02\/sardinhas.jpg","type":"image\/jpeg"}],"author":"Inundaweb","twitter_card":"summary_large_image","twitter_misc":{"Written by":"Inundaweb","Est. reading time":"4 minutos"},"schema":{"@context":"https:\/\/schema.org","@graph":[{"@type":"Article","@id":"https:\/\/mcities.com.br\/curitiba\/sabor-curitiba\/sabores-de-portugal\/#article","isPartOf":{"@id":"https:\/\/mcities.com.br\/curitiba\/sabor-curitiba\/sabores-de-portugal\/"},"author":{"name":"Inundaweb","@id":"https:\/\/mcities.com.br\/curitiba\/#\/schema\/person\/d1d2f2ec42904682858920d202234f86"},"headline":"Sabores de Portugal","datePublished":"2019-04-17T11:47:42+00:00","dateModified":"2021-04-14T22:52:24+00:00","mainEntityOfPage":{"@id":"https:\/\/mcities.com.br\/curitiba\/sabor-curitiba\/sabores-de-portugal\/"},"wordCount":894,"commentCount":0,"publisher":{"@id":"https:\/\/mcities.com.br\/curitiba\/#organization"},"keywords":["comida portuguesa","sabor portugues","delicia portugues","bacalhau","sardinha"],"articleSection":["Sabor Curitiba"],"inLanguage":"pt-BR","potentialAction":[{"@type":"CommentAction","name":"Comment","target":["https:\/\/mcities.com.br\/curitiba\/sabor-curitiba\/sabores-de-portugal\/#respond"]}]},{"@type":"WebPage","@id":"https:\/\/mcities.com.br\/curitiba\/sabor-curitiba\/sabores-de-portugal\/","url":"https:\/\/mcities.com.br\/curitiba\/sabor-curitiba\/sabores-de-portugal\/","name":"Sabores de Portugal | MCities Curitiba","isPartOf":{"@id":"https:\/\/mcities.com.br\/curitiba\/#website"},"datePublished":"2019-04-17T11:47:42+00:00","dateModified":"2021-04-14T22:52:24+00:00","breadcrumb":{"@id":"https:\/\/mcities.com.br\/curitiba\/sabor-curitiba\/sabores-de-portugal\/#breadcrumb"},"inLanguage":"pt-BR","potentialAction":[{"@type":"ReadAction","target":["https:\/\/mcities.com.br\/curitiba\/sabor-curitiba\/sabores-de-portugal\/"]}]},{"@type":"BreadcrumbList","@id":"https:\/\/mcities.com.br\/curitiba\/sabor-curitiba\/sabores-de-portugal\/#breadcrumb","itemListElement":[{"@type":"ListItem","position":1,"name":"Home","item":"https:\/\/mcities.com.br\/curitiba\/"},{"@type":"ListItem","position":2,"name":"Sabores de Portugal"}]},{"@type":"WebSite","@id":"https:\/\/mcities.com.br\/curitiba\/#website","url":"https:\/\/mcities.com.br\/curitiba\/","name":"MCities Curitiba","description":"MCities \u00e9 um sistema que tem a disposic\u0327a\u0303o de dinamizar a integrac\u0327a\u0303o entre pessoas e cidades. Somos um sistema que oferece conte\u00fados de experi\u00eancias divertidas para voc\u00ea curtir e viver momentos incr\u00edveis, seja em casa ou nas ruas da cidade.","publisher":{"@id":"https:\/\/mcities.com.br\/curitiba\/#organization"},"potentialAction":[{"@type":"SearchAction","target":{"@type":"EntryPoint","urlTemplate":"https:\/\/mcities.com.br\/curitiba\/?s={search_term_string}"},"query-input":"required name=search_term_string"}],"inLanguage":"pt-BR"},{"@type":"Organization","@id":"https:\/\/mcities.com.br\/curitiba\/#organization","name":"MCities","url":"https:\/\/mcities.com.br\/curitiba\/","logo":{"@type":"ImageObject","inLanguage":"pt-BR","@id":"https:\/\/mcities.com.br\/curitiba\/#\/schema\/logo\/image\/","url":"https:\/\/mcities.com.br\/curitiba\/wp-content\/uploads\/sites\/3\/2017\/03\/mcities-color.png","contentUrl":"https:\/\/mcities.com.br\/curitiba\/wp-content\/uploads\/sites\/3\/2017\/03\/mcities-color.png","width":248,"height":57,"caption":"MCities"},"image":{"@id":"https:\/\/mcities.com.br\/curitiba\/#\/schema\/logo\/image\/"}},{"@type":"Person","@id":"https:\/\/mcities.com.br\/curitiba\/#\/schema\/person\/d1d2f2ec42904682858920d202234f86","name":"Inundaweb","image":{"@type":"ImageObject","inLanguage":"pt-BR","@id":"https:\/\/mcities.com.br\/curitiba\/#\/schema\/person\/image\/","url":"https:\/\/secure.gravatar.com\/avatar\/4573ed0880b6a3503fc776194d661e55?s=96&d=mm&r=g","contentUrl":"https:\/\/secure.gravatar.com\/avatar\/4573ed0880b6a3503fc776194d661e55?s=96&d=mm&r=g","caption":"Inundaweb"}}]}},"_links":{"self":[{"href":"https:\/\/mcities.com.br\/curitiba\/wp-json\/wp\/v2\/posts\/7891"}],"collection":[{"href":"https:\/\/mcities.com.br\/curitiba\/wp-json\/wp\/v2\/posts"}],"about":[{"href":"https:\/\/mcities.com.br\/curitiba\/wp-json\/wp\/v2\/types\/post"}],"author":[{"embeddable":true,"href":"https:\/\/mcities.com.br\/curitiba\/wp-json\/wp\/v2\/users\/1"}],"replies":[{"embeddable":true,"href":"https:\/\/mcities.com.br\/curitiba\/wp-json\/wp\/v2\/comments?post=7891"}],"version-history":[{"count":25,"href":"https:\/\/mcities.com.br\/curitiba\/wp-json\/wp\/v2\/posts\/7891\/revisions"}],"predecessor-version":[{"id":8160,"href":"https:\/\/mcities.com.br\/curitiba\/wp-json\/wp\/v2\/posts\/7891\/revisions\/8160"}],"wp:featuredmedia":[{"embeddable":true,"href":"https:\/\/mcities.com.br\/curitiba\/wp-json\/wp\/v2\/media\/8092"}],"wp:attachment":[{"href":"https:\/\/mcities.com.br\/curitiba\/wp-json\/wp\/v2\/media?parent=7891"}],"wp:term":[{"taxonomy":"category","embeddable":true,"href":"https:\/\/mcities.com.br\/curitiba\/wp-json\/wp\/v2\/categories?post=7891"},{"taxonomy":"post_tag","embeddable":true,"href":"https:\/\/mcities.com.br\/curitiba\/wp-json\/wp\/v2\/tags?post=7891"}],"curies":[{"name":"wp","href":"https:\/\/api.w.org\/{rel}","templated":true}]}}