{"id":741,"date":"2019-11-22T14:49:50","date_gmt":"2019-11-22T17:49:50","guid":{"rendered":"http:\/\/mcities.com.br\/curitiba\/?p=741"},"modified":"2021-04-16T20:10:14","modified_gmt":"2021-04-16T23:10:14","slug":"onde-comer-os-doces-tipicos-de-curitiba","status":"publish","type":"post","link":"https:\/\/mcities.com.br\/curitiba\/sabor-curitiba\/onde-comer-os-doces-tipicos-de-curitiba\/","title":{"rendered":"Docerias de outro mundo! Doces t\u00edpicos que voc\u00ea tem que provar!"},"content":{"rendered":"<h2>Que tal provar as del\u00edcias doces que a nossa culin\u00e1ria local adotou destes pa\u00edses?<\/h2>\n<p>Separamos os doces mais pedidos na culin\u00e1ria Curitibana, que t\u00eam que entrar no seu mapa.<\/p>\n<p>Siga o nosso rastro de a\u00e7\u00facar e conhe\u00e7a sabores que v\u00e3o fazer voc\u00ea viajar!<\/p>\n<h3>Polonesa: Doce do Papa e passeio no Bosque<\/h3>\n<p>Um cantinho super charmoso e bem escondidinho no Bosque do Papa \u00e9 a Kawiarnia Krakowiak (sim \u00e9 dif\u00edcil falar e, confessamos, quase ningu\u00e9m sabe direito o nome). Localizada uma casa de madeira super charmosa, traz a sensa\u00e7\u00e3o de se estar no interior da Pol\u00f4nia. Os aromas e a decora\u00e7\u00e3o tamb\u00e9m s\u00e3o bem caracter\u00edsticos e fica ainda mais aconchegante no inverno.<\/p>\n<p>Al\u00e9m de um menu recheado de gostosuras coloniais, uma vitrine com as tortas e bolos enchem os olhos. Dif\u00edcil escolher, hein?! Na d\u00favida, que tal um doce que \u00e9 aben\u00e7oado de t\u00e3o bom? A Kremowka (se fala \u201ccremusca\u201d) \u00e9 o Doce do Papa, que Jo\u00e3o Paulo II comia muito em Crac\u00f3via. \u00c9 um folhado de creme de baunilha e nata. Se preferir, esse mesmo doce acrescentado de ma\u00e7a assada vira a Torta Polonesa.<\/p>\n<p>Para acompanhar, o Ch\u00e1 da Vov\u00f3, ch\u00e1 natural da casa de ma\u00e7a, canela e cravo . Aproveite ainda para passear no Bosque que \u00e9 lindo, com casinhas de madeira e ainda um palco onde acontecem apresenta\u00e7\u00f5es folcl\u00f3ricas polonesas na P\u00e1scoa.<\/p>\n<p><em>Endere\u00e7o: Travessa Wellington de Oliveira Vianna, 40 &#8211; Bosque Jo\u00e3o Paulo II | Telefone: (41) 3026-7462 | <a href=\"http:\/\/www.facebook.com\/nsdialisisckideabreu\/\" target=\"_blank\" rel=\"noopener\">Facebook da Kawiarnia<\/a><\/em><\/p>\n<div id=\"attachment_742\" style=\"width: 990px\" class=\"wp-caption aligncenter\"><img fetchpriority=\"high\" decoding=\"async\" aria-describedby=\"caption-attachment-742\" class=\"wp-image-742 size-full\" src=\"http:\/\/mcities.com.br\/curitiba\/wp-content\/uploads\/sites\/3\/2017\/08\/Bosque-do-Papo.jpg\" alt=\"\" width=\"980\" height=\"653\" srcset=\"https:\/\/mcities.com.br\/curitiba\/wp-content\/uploads\/sites\/3\/2017\/08\/Bosque-do-Papo.jpg 980w, https:\/\/mcities.com.br\/curitiba\/wp-content\/uploads\/sites\/3\/2017\/08\/Bosque-do-Papo-300x200.jpg 300w, https:\/\/mcities.com.br\/curitiba\/wp-content\/uploads\/sites\/3\/2017\/08\/Bosque-do-Papo-768x512.jpg 768w, https:\/\/mcities.com.br\/curitiba\/wp-content\/uploads\/sites\/3\/2017\/08\/Bosque-do-Papo-600x400.jpg 600w\" sizes=\"(max-width: 980px) 100vw, 980px\" \/><p id=\"caption-attachment-742\" class=\"wp-caption-text\">Clima de casa de v\u00f3<\/p><\/div>\n<h3>Alem\u00e3: Strudel e os encantos da trilha de Jo\u00e3o Maria<\/h3>\n<p>No mesmo esquema boque + doceria, dentro do Bosque Alem\u00e3o voc\u00ea encontra a confeitaria alem\u00e3 Deustsche Ecke. Ali voc\u00ea encontra um ambiente super agrad\u00e1vel com mesinhas externas e uma variedade de biscoitos artesanais e tortas tradicionais da Dona Erika, que h\u00e1 mais de 30 anos vende seus quitutes alem\u00e3es na cidade e em 1996, com a constru\u00e7\u00e3o do Bosque, montou sua confeitaria nesse lugar super especial.<\/p>\n<p>Bom, n\u00e3o precisa nem dizer que o ApfelStrudel de ma\u00e7\u00e3 com am\u00eandoa, passas e condimentos \u00e9 obrigat\u00f3rio, mas tamb\u00e9m vale guardar um espacinho para a Torta de Amora. Outra pedida bem alem\u00e3 \u00e9 a Sachertorte, feita de massa de chocolate com uma camada de marzipan e a cobertura tamb\u00e9m de chocolate. \u00c9 uma \u00f3tima op\u00e7\u00e3o tamb\u00e9m para comprar quitutes natalinos como os biscoitos artesanais condimentados.<\/p>\n<p>Aqui tamb\u00e9m vale um passeio para uma tarde em fam\u00edlia. A visita ao Bosque Alem\u00e3o tem uma linda vista da cidade. A crian\u00e7ada vai adorar a trilha do Jo\u00e3o e Maria que acaba em conta\u00e7\u00e3o de hist\u00f3rias para crian\u00e7as na Casa da Bruxa, aos finais de semana.<\/p>\n<p><em>Endere\u00e7o: Rua Niccolo Paganini, 282 &#8211; Jardim Schaffer |Telefone (41) 3338-8385 | <a href=\"http:\/\/www.erikabiscoitos.com.br\/\" target=\"_blank\" rel=\"noopener\">Site da Erika<\/a><\/em><\/p>\n<div id=\"attachment_743\" style=\"width: 1741px\" class=\"wp-caption aligncenter\"><img decoding=\"async\" aria-describedby=\"caption-attachment-743\" class=\"wp-image-743 size-full\" src=\"http:\/\/mcities.com.br\/curitiba\/wp-content\/uploads\/sites\/3\/2017\/08\/Bosque-alem\u00e3o-Mcities.jpg\" alt=\"bosque alem\u00e3o\" width=\"1731\" height=\"1546\" srcset=\"https:\/\/mcities.com.br\/curitiba\/wp-content\/uploads\/sites\/3\/2017\/08\/Bosque-alem\u00e3o-Mcities.jpg 1731w, https:\/\/mcities.com.br\/curitiba\/wp-content\/uploads\/sites\/3\/2017\/08\/Bosque-alem\u00e3o-Mcities-300x268.jpg 300w, https:\/\/mcities.com.br\/curitiba\/wp-content\/uploads\/sites\/3\/2017\/08\/Bosque-alem\u00e3o-Mcities-768x686.jpg 768w, https:\/\/mcities.com.br\/curitiba\/wp-content\/uploads\/sites\/3\/2017\/08\/Bosque-alem\u00e3o-Mcities-1024x915.jpg 1024w\" sizes=\"(max-width: 1731px) 100vw, 1731px\" \/><p id=\"caption-attachment-743\" class=\"wp-caption-text\">Del\u00edcias alem\u00e3s em meio \u00e0 natureza<\/p><\/div>\n<h3>Libanesa: A grande mesa de doces \u00e1rabes<\/h3>\n<p>No Centro de Curitiba est\u00e3o concentrados muitos com\u00e9rcios \u00e1rabes, de gastronomia ou as lojinhas mesmo. Entre eles est\u00e1 o Emp\u00f3rio Al B\u00e1ba, a confeitaria \u00e1rabe da cidade. Os doces s\u00e3o apresentados em uma grande bancada central e voc\u00ea pode se servir tipo buffet, por peso.<\/p>\n<p>Uma grande variedade de tipos e sabores encanta os olhos e o est\u00f4mago. S\u00e3o receitas tradicionais que vieram na bagagem do confeiteiro Houssein Ibrahim. Ele chegou do L\u00edbano h\u00e1 mais de 25 anos, com cerca de 200 receitas.<\/p>\n<p>O ambiente tamb\u00e9m remete \u00e0s confeitarias de l\u00e1. Os mais populares e mais vendidos \u00e9 o doce t\u00edpico baklawa de pistache, feito com massa folhada de castanha de caju. A dica para sentir o esp\u00edrito das ar\u00e1bias \u00e9 optar pelas op\u00e7\u00f5es de Damasco.<\/p>\n<p>Uma das tradi\u00e7\u00f5es do local \u00e9 um caf\u00e9 da manh\u00e3 no domingo, regado a muito doce, mas tamb\u00e9m a um menu de del\u00edcias \u00e1rabes, que podem ser consumidas no local ou ent\u00e3o levadas para casa.<\/p>\n<p><em>Rua Emiliano Perneta, 865 \u2013 Centro | Telefone: (41) 3018-1077 | <a href=\"https:\/\/www.facebook.com\/Albaba-164206120775277\/\">Facebook do Al B\u00e1ba<\/a>\u00a0<\/em><\/p>\n<div id=\"attachment_744\" style=\"width: 1034px\" class=\"wp-caption alignnone\"><img decoding=\"async\" aria-describedby=\"caption-attachment-744\" class=\"wp-image-744 size-full\" src=\"http:\/\/mcities.com.br\/curitiba\/wp-content\/uploads\/sites\/3\/2017\/08\/albaba_mcities.jpg\" alt=\"doce \u00e1rabe\" width=\"1024\" height=\"768\" srcset=\"https:\/\/mcities.com.br\/curitiba\/wp-content\/uploads\/sites\/3\/2017\/08\/albaba_mcities.jpg 1024w, https:\/\/mcities.com.br\/curitiba\/wp-content\/uploads\/sites\/3\/2017\/08\/albaba_mcities-300x225.jpg 300w, https:\/\/mcities.com.br\/curitiba\/wp-content\/uploads\/sites\/3\/2017\/08\/albaba_mcities-768x576.jpg 768w\" sizes=\"(max-width: 1024px) 100vw, 1024px\" \/><p id=\"caption-attachment-744\" class=\"wp-caption-text\">Doces t\u00edpicos de pistache e damasco<\/p><\/div>\n","protected":false},"excerpt":{"rendered":"<p>Que tal provar as del\u00edcias doces que a nossa culin\u00e1ria local adotou destes pa\u00edses? Separamos os doces mais pedidos na culin\u00e1ria Curitibana, que t\u00eam que entrar no seu mapa. Siga o nosso rastro de a\u00e7\u00facar e conhe\u00e7a sabores que v\u00e3o fazer voc\u00ea viajar! Polonesa: Doce do Papa e passeio no Bosque Um cantinho super charmoso [&hellip;]<\/p>\n","protected":false},"author":16,"featured_media":744,"comment_status":"open","ping_status":"open","sticky":false,"template":"","format":"standard","meta":{"footnotes":""},"categories":[12],"tags":[],"yoast_head":"<!-- This site is optimized with the Yoast SEO plugin v21.9.1 - https:\/\/yoast.com\/wordpress\/plugins\/seo\/ -->\n<title>Docerias de outro mundo! Doces t\u00edpicos que voc\u00ea tem que provar! | MCities Curitiba<\/title>\n<meta name=\"description\" content=\"Curitiba \u00e9 formada por gente dos quatro cantos do mundo. Agora, que tal provar as del\u00edcias doces que a nossa culin\u00e1ria local\" \/>\n<meta name=\"robots\" content=\"index, follow, max-snippet:-1, max-image-preview:large, max-video-preview:-1\" \/>\n<link rel=\"canonical\" href=\"https:\/\/mcities.com.br\/curitiba\/sabor-curitiba\/onde-comer-os-doces-tipicos-de-curitiba\/\" \/>\n<meta property=\"og:locale\" content=\"pt_BR\" \/>\n<meta property=\"og:type\" content=\"article\" \/>\n<meta property=\"og:title\" content=\"Docerias de outro mundo! Doces t\u00edpicos que voc\u00ea tem que provar! | MCities Curitiba\" \/>\n<meta property=\"og:description\" content=\"Curitiba \u00e9 formada por gente dos quatro cantos do mundo. Agora, que tal provar as del\u00edcias doces que a nossa culin\u00e1ria local\" \/>\n<meta property=\"og:url\" content=\"https:\/\/mcities.com.br\/curitiba\/sabor-curitiba\/onde-comer-os-doces-tipicos-de-curitiba\/\" \/>\n<meta property=\"og:site_name\" content=\"MCities Curitiba\" \/>\n<meta property=\"article:published_time\" content=\"2019-11-22T17:49:50+00:00\" \/>\n<meta property=\"article:modified_time\" content=\"2021-04-16T23:10:14+00:00\" \/>\n<meta property=\"og:image\" content=\"https:\/\/mcities.com.br\/curitiba\/wp-content\/uploads\/sites\/3\/2017\/08\/albaba_mcities.jpg\" \/>\n\t<meta property=\"og:image:width\" content=\"1024\" \/>\n\t<meta property=\"og:image:height\" content=\"768\" \/>\n\t<meta property=\"og:image:type\" content=\"image\/jpeg\" \/>\n<meta name=\"author\" content=\"noarcomunicacao\" \/>\n<meta name=\"twitter:card\" content=\"summary_large_image\" \/>\n<meta name=\"twitter:label1\" content=\"Written by\" \/>\n\t<meta name=\"twitter:data1\" content=\"noarcomunicacao\" \/>\n\t<meta name=\"twitter:label2\" content=\"Est. reading time\" \/>\n\t<meta name=\"twitter:data2\" content=\"4 minutos\" \/>\n<script type=\"application\/ld+json\" class=\"yoast-schema-graph\">{\"@context\":\"https:\/\/schema.org\",\"@graph\":[{\"@type\":\"Article\",\"@id\":\"https:\/\/mcities.com.br\/curitiba\/sabor-curitiba\/onde-comer-os-doces-tipicos-de-curitiba\/#article\",\"isPartOf\":{\"@id\":\"https:\/\/mcities.com.br\/curitiba\/sabor-curitiba\/onde-comer-os-doces-tipicos-de-curitiba\/\"},\"author\":{\"name\":\"noarcomunicacao\",\"@id\":\"https:\/\/mcities.com.br\/curitiba\/#\/schema\/person\/c9bb3dd550173a12872408b86300a52d\"},\"headline\":\"Docerias de outro mundo! Doces t\u00edpicos que voc\u00ea tem que provar!\",\"datePublished\":\"2019-11-22T17:49:50+00:00\",\"dateModified\":\"2021-04-16T23:10:14+00:00\",\"mainEntityOfPage\":{\"@id\":\"https:\/\/mcities.com.br\/curitiba\/sabor-curitiba\/onde-comer-os-doces-tipicos-de-curitiba\/\"},\"wordCount\":721,\"commentCount\":0,\"publisher\":{\"@id\":\"https:\/\/mcities.com.br\/curitiba\/#organization\"},\"articleSection\":[\"Sabor Curitiba\"],\"inLanguage\":\"pt-BR\",\"potentialAction\":[{\"@type\":\"CommentAction\",\"name\":\"Comment\",\"target\":[\"https:\/\/mcities.com.br\/curitiba\/sabor-curitiba\/onde-comer-os-doces-tipicos-de-curitiba\/#respond\"]}]},{\"@type\":\"WebPage\",\"@id\":\"https:\/\/mcities.com.br\/curitiba\/sabor-curitiba\/onde-comer-os-doces-tipicos-de-curitiba\/\",\"url\":\"https:\/\/mcities.com.br\/curitiba\/sabor-curitiba\/onde-comer-os-doces-tipicos-de-curitiba\/\",\"name\":\"Docerias de outro mundo! Doces t\u00edpicos que voc\u00ea tem que provar! | MCities Curitiba\",\"isPartOf\":{\"@id\":\"https:\/\/mcities.com.br\/curitiba\/#website\"},\"datePublished\":\"2019-11-22T17:49:50+00:00\",\"dateModified\":\"2021-04-16T23:10:14+00:00\",\"description\":\"Curitiba \u00e9 formada por gente dos quatro cantos do mundo. Agora, que tal provar as del\u00edcias doces que a nossa culin\u00e1ria local\",\"breadcrumb\":{\"@id\":\"https:\/\/mcities.com.br\/curitiba\/sabor-curitiba\/onde-comer-os-doces-tipicos-de-curitiba\/#breadcrumb\"},\"inLanguage\":\"pt-BR\",\"potentialAction\":[{\"@type\":\"ReadAction\",\"target\":[\"https:\/\/mcities.com.br\/curitiba\/sabor-curitiba\/onde-comer-os-doces-tipicos-de-curitiba\/\"]}]},{\"@type\":\"BreadcrumbList\",\"@id\":\"https:\/\/mcities.com.br\/curitiba\/sabor-curitiba\/onde-comer-os-doces-tipicos-de-curitiba\/#breadcrumb\",\"itemListElement\":[{\"@type\":\"ListItem\",\"position\":1,\"name\":\"Home\",\"item\":\"https:\/\/mcities.com.br\/curitiba\/\"},{\"@type\":\"ListItem\",\"position\":2,\"name\":\"Docerias de outro mundo! Doces t\u00edpicos que voc\u00ea tem que provar!\"}]},{\"@type\":\"WebSite\",\"@id\":\"https:\/\/mcities.com.br\/curitiba\/#website\",\"url\":\"https:\/\/mcities.com.br\/curitiba\/\",\"name\":\"MCities Curitiba\",\"description\":\"MCities \u00e9 um sistema que tem a disposic\u0327a\u0303o de dinamizar a integrac\u0327a\u0303o entre pessoas e cidades. Somos um sistema que oferece conte\u00fados de experi\u00eancias divertidas para voc\u00ea curtir e viver momentos incr\u00edveis, seja em casa ou nas ruas da cidade.\",\"publisher\":{\"@id\":\"https:\/\/mcities.com.br\/curitiba\/#organization\"},\"potentialAction\":[{\"@type\":\"SearchAction\",\"target\":{\"@type\":\"EntryPoint\",\"urlTemplate\":\"https:\/\/mcities.com.br\/curitiba\/?s={search_term_string}\"},\"query-input\":\"required name=search_term_string\"}],\"inLanguage\":\"pt-BR\"},{\"@type\":\"Organization\",\"@id\":\"https:\/\/mcities.com.br\/curitiba\/#organization\",\"name\":\"MCities\",\"url\":\"https:\/\/mcities.com.br\/curitiba\/\",\"logo\":{\"@type\":\"ImageObject\",\"inLanguage\":\"pt-BR\",\"@id\":\"https:\/\/mcities.com.br\/curitiba\/#\/schema\/logo\/image\/\",\"url\":\"https:\/\/mcities.com.br\/curitiba\/wp-content\/uploads\/sites\/3\/2017\/03\/mcities-color.png\",\"contentUrl\":\"https:\/\/mcities.com.br\/curitiba\/wp-content\/uploads\/sites\/3\/2017\/03\/mcities-color.png\",\"width\":248,\"height\":57,\"caption\":\"MCities\"},\"image\":{\"@id\":\"https:\/\/mcities.com.br\/curitiba\/#\/schema\/logo\/image\/\"}},{\"@type\":\"Person\",\"@id\":\"https:\/\/mcities.com.br\/curitiba\/#\/schema\/person\/c9bb3dd550173a12872408b86300a52d\",\"name\":\"noarcomunicacao\",\"image\":{\"@type\":\"ImageObject\",\"inLanguage\":\"pt-BR\",\"@id\":\"https:\/\/mcities.com.br\/curitiba\/#\/schema\/person\/image\/\",\"url\":\"https:\/\/secure.gravatar.com\/avatar\/c59827c0770427ea942772b5add7fa96?s=96&d=mm&r=g\",\"contentUrl\":\"https:\/\/secure.gravatar.com\/avatar\/c59827c0770427ea942772b5add7fa96?s=96&d=mm&r=g\",\"caption\":\"noarcomunicacao\"}}]}<\/script>\n<!-- \/ Yoast SEO plugin. -->","yoast_head_json":{"title":"Docerias de outro mundo! Doces t\u00edpicos que voc\u00ea tem que provar! | MCities Curitiba","description":"Curitiba \u00e9 formada por gente dos quatro cantos do mundo. Agora, que tal provar as del\u00edcias doces que a nossa culin\u00e1ria local","robots":{"index":"index","follow":"follow","max-snippet":"max-snippet:-1","max-image-preview":"max-image-preview:large","max-video-preview":"max-video-preview:-1"},"canonical":"https:\/\/mcities.com.br\/curitiba\/sabor-curitiba\/onde-comer-os-doces-tipicos-de-curitiba\/","og_locale":"pt_BR","og_type":"article","og_title":"Docerias de outro mundo! Doces t\u00edpicos que voc\u00ea tem que provar! | MCities Curitiba","og_description":"Curitiba \u00e9 formada por gente dos quatro cantos do mundo. Agora, que tal provar as del\u00edcias doces que a nossa culin\u00e1ria local","og_url":"https:\/\/mcities.com.br\/curitiba\/sabor-curitiba\/onde-comer-os-doces-tipicos-de-curitiba\/","og_site_name":"MCities Curitiba","article_published_time":"2019-11-22T17:49:50+00:00","article_modified_time":"2021-04-16T23:10:14+00:00","og_image":[{"width":"1024","height":"768","url":"https:\/\/mcities.com.br\/curitiba\/wp-content\/uploads\/sites\/3\/2017\/08\/albaba_mcities.jpg","type":"image\/jpeg"}],"author":"noarcomunicacao","twitter_card":"summary_large_image","twitter_misc":{"Written by":"noarcomunicacao","Est. reading time":"4 minutos"},"schema":{"@context":"https:\/\/schema.org","@graph":[{"@type":"Article","@id":"https:\/\/mcities.com.br\/curitiba\/sabor-curitiba\/onde-comer-os-doces-tipicos-de-curitiba\/#article","isPartOf":{"@id":"https:\/\/mcities.com.br\/curitiba\/sabor-curitiba\/onde-comer-os-doces-tipicos-de-curitiba\/"},"author":{"name":"noarcomunicacao","@id":"https:\/\/mcities.com.br\/curitiba\/#\/schema\/person\/c9bb3dd550173a12872408b86300a52d"},"headline":"Docerias de outro mundo! Doces t\u00edpicos que voc\u00ea tem que provar!","datePublished":"2019-11-22T17:49:50+00:00","dateModified":"2021-04-16T23:10:14+00:00","mainEntityOfPage":{"@id":"https:\/\/mcities.com.br\/curitiba\/sabor-curitiba\/onde-comer-os-doces-tipicos-de-curitiba\/"},"wordCount":721,"commentCount":0,"publisher":{"@id":"https:\/\/mcities.com.br\/curitiba\/#organization"},"articleSection":["Sabor Curitiba"],"inLanguage":"pt-BR","potentialAction":[{"@type":"CommentAction","name":"Comment","target":["https:\/\/mcities.com.br\/curitiba\/sabor-curitiba\/onde-comer-os-doces-tipicos-de-curitiba\/#respond"]}]},{"@type":"WebPage","@id":"https:\/\/mcities.com.br\/curitiba\/sabor-curitiba\/onde-comer-os-doces-tipicos-de-curitiba\/","url":"https:\/\/mcities.com.br\/curitiba\/sabor-curitiba\/onde-comer-os-doces-tipicos-de-curitiba\/","name":"Docerias de outro mundo! Doces t\u00edpicos que voc\u00ea tem que provar! | MCities Curitiba","isPartOf":{"@id":"https:\/\/mcities.com.br\/curitiba\/#website"},"datePublished":"2019-11-22T17:49:50+00:00","dateModified":"2021-04-16T23:10:14+00:00","description":"Curitiba \u00e9 formada por gente dos quatro cantos do mundo. Agora, que tal provar as del\u00edcias doces que a nossa culin\u00e1ria local","breadcrumb":{"@id":"https:\/\/mcities.com.br\/curitiba\/sabor-curitiba\/onde-comer-os-doces-tipicos-de-curitiba\/#breadcrumb"},"inLanguage":"pt-BR","potentialAction":[{"@type":"ReadAction","target":["https:\/\/mcities.com.br\/curitiba\/sabor-curitiba\/onde-comer-os-doces-tipicos-de-curitiba\/"]}]},{"@type":"BreadcrumbList","@id":"https:\/\/mcities.com.br\/curitiba\/sabor-curitiba\/onde-comer-os-doces-tipicos-de-curitiba\/#breadcrumb","itemListElement":[{"@type":"ListItem","position":1,"name":"Home","item":"https:\/\/mcities.com.br\/curitiba\/"},{"@type":"ListItem","position":2,"name":"Docerias de outro mundo! Doces t\u00edpicos que voc\u00ea tem que provar!"}]},{"@type":"WebSite","@id":"https:\/\/mcities.com.br\/curitiba\/#website","url":"https:\/\/mcities.com.br\/curitiba\/","name":"MCities Curitiba","description":"MCities \u00e9 um sistema que tem a disposic\u0327a\u0303o de dinamizar a integrac\u0327a\u0303o entre pessoas e cidades. Somos um sistema que oferece conte\u00fados de experi\u00eancias divertidas para voc\u00ea curtir e viver momentos incr\u00edveis, seja em casa ou nas ruas da cidade.","publisher":{"@id":"https:\/\/mcities.com.br\/curitiba\/#organization"},"potentialAction":[{"@type":"SearchAction","target":{"@type":"EntryPoint","urlTemplate":"https:\/\/mcities.com.br\/curitiba\/?s={search_term_string}"},"query-input":"required name=search_term_string"}],"inLanguage":"pt-BR"},{"@type":"Organization","@id":"https:\/\/mcities.com.br\/curitiba\/#organization","name":"MCities","url":"https:\/\/mcities.com.br\/curitiba\/","logo":{"@type":"ImageObject","inLanguage":"pt-BR","@id":"https:\/\/mcities.com.br\/curitiba\/#\/schema\/logo\/image\/","url":"https:\/\/mcities.com.br\/curitiba\/wp-content\/uploads\/sites\/3\/2017\/03\/mcities-color.png","contentUrl":"https:\/\/mcities.com.br\/curitiba\/wp-content\/uploads\/sites\/3\/2017\/03\/mcities-color.png","width":248,"height":57,"caption":"MCities"},"image":{"@id":"https:\/\/mcities.com.br\/curitiba\/#\/schema\/logo\/image\/"}},{"@type":"Person","@id":"https:\/\/mcities.com.br\/curitiba\/#\/schema\/person\/c9bb3dd550173a12872408b86300a52d","name":"noarcomunicacao","image":{"@type":"ImageObject","inLanguage":"pt-BR","@id":"https:\/\/mcities.com.br\/curitiba\/#\/schema\/person\/image\/","url":"https:\/\/secure.gravatar.com\/avatar\/c59827c0770427ea942772b5add7fa96?s=96&d=mm&r=g","contentUrl":"https:\/\/secure.gravatar.com\/avatar\/c59827c0770427ea942772b5add7fa96?s=96&d=mm&r=g","caption":"noarcomunicacao"}}]}},"_links":{"self":[{"href":"https:\/\/mcities.com.br\/curitiba\/wp-json\/wp\/v2\/posts\/741"}],"collection":[{"href":"https:\/\/mcities.com.br\/curitiba\/wp-json\/wp\/v2\/posts"}],"about":[{"href":"https:\/\/mcities.com.br\/curitiba\/wp-json\/wp\/v2\/types\/post"}],"author":[{"embeddable":true,"href":"https:\/\/mcities.com.br\/curitiba\/wp-json\/wp\/v2\/users\/16"}],"replies":[{"embeddable":true,"href":"https:\/\/mcities.com.br\/curitiba\/wp-json\/wp\/v2\/comments?post=741"}],"version-history":[{"count":9,"href":"https:\/\/mcities.com.br\/curitiba\/wp-json\/wp\/v2\/posts\/741\/revisions"}],"predecessor-version":[{"id":12142,"href":"https:\/\/mcities.com.br\/curitiba\/wp-json\/wp\/v2\/posts\/741\/revisions\/12142"}],"wp:featuredmedia":[{"embeddable":true,"href":"https:\/\/mcities.com.br\/curitiba\/wp-json\/wp\/v2\/media\/744"}],"wp:attachment":[{"href":"https:\/\/mcities.com.br\/curitiba\/wp-json\/wp\/v2\/media?parent=741"}],"wp:term":[{"taxonomy":"category","embeddable":true,"href":"https:\/\/mcities.com.br\/curitiba\/wp-json\/wp\/v2\/categories?post=741"},{"taxonomy":"post_tag","embeddable":true,"href":"https:\/\/mcities.com.br\/curitiba\/wp-json\/wp\/v2\/tags?post=741"}],"curies":[{"name":"wp","href":"https:\/\/api.w.org\/{rel}","templated":true}]}}