{"id":7300,"date":"2019-11-22T16:27:41","date_gmt":"2019-11-22T19:27:41","guid":{"rendered":"https:\/\/mcities.com.br\/curitiba\/?p=7300"},"modified":"2021-04-16T20:25:31","modified_gmt":"2021-04-16T23:25:31","slug":"panetone","status":"publish","type":"post","link":"https:\/\/mcities.com.br\/curitiba\/sabor-curitiba\/panetone\/","title":{"rendered":"Eles chegaram: \u00e9 tempo de panetone"},"content":{"rendered":"<h2>Nada de passar este Natal sem eles! Separamos os\u00a0panetones que voc\u00ea precisa\u00a0provar.<\/h2>\n<p>Eles costumam ser o an\u00fancio de que uma das \u00e9pocas mais lindas do ano est\u00e1 chegando. Quando os panetones invadem as prateleiras, as mesas dos caf\u00e9s e das nossas casas, \u00e9 sinal de que o Natal est\u00e1 pertinho e \u00e9 tempo de comemorar!<\/p>\n<p>Em Curitiba, v\u00e1rias confeitarias oferecem esta del\u00edcia no final de ano. E voc\u00ea precisa provar! N\u00f3s separamos algumas delas. D\u00e1 uma espiada:<\/p>\n<div id=\"attachment_7319\" style=\"width: 810px\" class=\"wp-caption aligncenter\"><img fetchpriority=\"high\" decoding=\"async\" aria-describedby=\"caption-attachment-7319\" class=\"wp-image-7319\" src=\"https:\/\/mcities.com.br\/curitiba\/wp-content\/uploads\/sites\/3\/2018\/11\/44777339_962946237229284_4185022627212951552_o-Cropped-1024x768.jpg\" alt=\"\" width=\"800\" height=\"600\" srcset=\"https:\/\/mcities.com.br\/curitiba\/wp-content\/uploads\/sites\/3\/2018\/11\/44777339_962946237229284_4185022627212951552_o-Cropped-1024x768.jpg 1024w, https:\/\/mcities.com.br\/curitiba\/wp-content\/uploads\/sites\/3\/2018\/11\/44777339_962946237229284_4185022627212951552_o-Cropped-300x225.jpg 300w, https:\/\/mcities.com.br\/curitiba\/wp-content\/uploads\/sites\/3\/2018\/11\/44777339_962946237229284_4185022627212951552_o-Cropped-768x576.jpg 768w, https:\/\/mcities.com.br\/curitiba\/wp-content\/uploads\/sites\/3\/2018\/11\/44777339_962946237229284_4185022627212951552_o-Cropped.jpg 1080w\" sizes=\"(max-width: 800px) 100vw, 800px\" \/><p id=\"caption-attachment-7319\" class=\"wp-caption-text\">Panetones e mais Panetones. Foto Divulga\u00e7\u00e3o<\/p><\/div>\n<h3>Festa de sabores<\/h3>\n<p>Em um ambiente simples e super aconchegante, a Pantucci oferece n\u00e3o apenas um caf\u00e9 colonial maravilhoso (e super recomendado). A confeitaria tamb\u00e9m preparou v\u00e1rias receitas especiais para o Natal.<\/p>\n<div id=\"attachment_7320\" style=\"width: 810px\" class=\"wp-caption aligncenter\"><img decoding=\"async\" aria-describedby=\"caption-attachment-7320\" class=\"wp-image-7320\" src=\"https:\/\/mcities.com.br\/curitiba\/wp-content\/uploads\/sites\/3\/2018\/11\/IMG_0978-1024x683.jpg\" alt=\"\" width=\"800\" height=\"533\" srcset=\"https:\/\/mcities.com.br\/curitiba\/wp-content\/uploads\/sites\/3\/2018\/11\/IMG_0978-1024x683.jpg 1024w, https:\/\/mcities.com.br\/curitiba\/wp-content\/uploads\/sites\/3\/2018\/11\/IMG_0978-300x200.jpg 300w, https:\/\/mcities.com.br\/curitiba\/wp-content\/uploads\/sites\/3\/2018\/11\/IMG_0978-768x512.jpg 768w, https:\/\/mcities.com.br\/curitiba\/wp-content\/uploads\/sites\/3\/2018\/11\/IMG_0978-600x400.jpg 600w, https:\/\/mcities.com.br\/curitiba\/wp-content\/uploads\/sites\/3\/2018\/11\/IMG_0978.jpg 2048w\" sizes=\"(max-width: 800px) 100vw, 800px\" \/><p id=\"caption-attachment-7320\" class=\"wp-caption-text\">O sabor tradicional do Natal, R$ 32,90\/Kg. Foto: Divulga\u00e7\u00e3o<\/p><\/div>\n<p>O carro-chefe \u00e9 ele: o panetone trufado, com destaque para o sabor chocolate, com um recheio generoso, que derrete na boca e deixa aquele gostinho de quero mais! Os trufados custam, em m\u00e9dia, R$55,90\/kg.<\/p>\n<p>Tem tamb\u00e9m os tradicionais chocotones e panetones recheados com frutas. Docinhos e apaixonantes, todos saem por cerca de R$ 36,90\/kg.<\/p>\n<div id=\"attachment_7321\" style=\"width: 810px\" class=\"wp-caption aligncenter\"><img decoding=\"async\" aria-describedby=\"caption-attachment-7321\" class=\"wp-image-7321\" src=\"https:\/\/mcities.com.br\/curitiba\/wp-content\/uploads\/sites\/3\/2018\/11\/IMG_0999-1024x683.jpg\" alt=\"\" width=\"800\" height=\"533\" srcset=\"https:\/\/mcities.com.br\/curitiba\/wp-content\/uploads\/sites\/3\/2018\/11\/IMG_0999-1024x683.jpg 1024w, https:\/\/mcities.com.br\/curitiba\/wp-content\/uploads\/sites\/3\/2018\/11\/IMG_0999-300x200.jpg 300w, https:\/\/mcities.com.br\/curitiba\/wp-content\/uploads\/sites\/3\/2018\/11\/IMG_0999-768x512.jpg 768w, https:\/\/mcities.com.br\/curitiba\/wp-content\/uploads\/sites\/3\/2018\/11\/IMG_0999-600x400.jpg 600w, https:\/\/mcities.com.br\/curitiba\/wp-content\/uploads\/sites\/3\/2018\/11\/IMG_0999.jpg 2048w\" sizes=\"(max-width: 800px) 100vw, 800px\" \/><p id=\"caption-attachment-7321\" class=\"wp-caption-text\">\u00c9 muito chocolate, para quem quer um Natal super doce. Foto: Divulga\u00e7\u00e3o<\/p><\/div>\n<p>Para completar, a Pantucci tem receitas imperd\u00edveis de bolo rei, folhado de nozes e tran\u00e7a de Natal, todas elas\u00a0exclusivas e feitas com ingredientes de qualidade, fresquinhos! Todas colocam em evid\u00eancia esses ingredientes deliciosos dessa \u00e9poca do ano; frutas, castanhas, nozes e muito mais. Uma mesa completa s\u00f3 para voc\u00ea!<\/p>\n<div id=\"attachment_7322\" style=\"width: 810px\" class=\"wp-caption aligncenter\"><img loading=\"lazy\" decoding=\"async\" aria-describedby=\"caption-attachment-7322\" class=\"wp-image-7322\" src=\"https:\/\/mcities.com.br\/curitiba\/wp-content\/uploads\/sites\/3\/2018\/11\/IMG_9888-1024x683.jpg\" alt=\"\" width=\"800\" height=\"533\" srcset=\"https:\/\/mcities.com.br\/curitiba\/wp-content\/uploads\/sites\/3\/2018\/11\/IMG_9888-1024x683.jpg 1024w, https:\/\/mcities.com.br\/curitiba\/wp-content\/uploads\/sites\/3\/2018\/11\/IMG_9888-300x200.jpg 300w, https:\/\/mcities.com.br\/curitiba\/wp-content\/uploads\/sites\/3\/2018\/11\/IMG_9888-768x512.jpg 768w, https:\/\/mcities.com.br\/curitiba\/wp-content\/uploads\/sites\/3\/2018\/11\/IMG_9888-600x400.jpg 600w, https:\/\/mcities.com.br\/curitiba\/wp-content\/uploads\/sites\/3\/2018\/11\/IMG_9888.jpg 2048w\" sizes=\"(max-width: 800px) 100vw, 800px\" \/><p id=\"caption-attachment-7322\" class=\"wp-caption-text\">Os sabores trufados s\u00e3o o carro-chefe da Pantucci. Foto: Divulga\u00e7\u00e3o<\/p><\/div>\n<p><em>Endere\u00e7o: R. Prof. Sebasti\u00e3o Paran\u00e1, 270 &#8211; Vila Izabel | Telefone: (41) 3242-8665 | <a href=\"https:\/\/www.facebook.com\/PanificadoraPantucci\/\">Face da Pantucci<\/a> <\/em><\/p>\n<h3>Del\u00edcias tradicionais<\/h3>\n<p>O Emp\u00f3rio Kaminski \u00e9 o lugar certo para quem procura receitas tradicionais, com qualidade mais do\u00a0que garantida. E, neste ano, a confeitaria est\u00e1 promovendo um verdadeiro Festival de Natal!<\/p>\n<p>Entre as receitas est\u00e3o\u00a0lan\u00e7amentos como o chocotone recheado de cookies n&#8217;cream com lim\u00e3o, uma combina\u00e7\u00e3o surpreendente de do\u00e7ura e frescor, por R$ 65,95\/kg.\u00a0Tem tamb\u00e9m panetone recheado de brigadeiro de churros e caramelo salgado, por R$ 54,65\/kg, e rabanada recheada com doce de leite, por\u00a0R$ 43,40\/kg.<\/p>\n<div id=\"attachment_7323\" style=\"width: 810px\" class=\"wp-caption aligncenter\"><img loading=\"lazy\" decoding=\"async\" aria-describedby=\"caption-attachment-7323\" class=\"wp-image-7323\" src=\"https:\/\/mcities.com.br\/curitiba\/wp-content\/uploads\/sites\/3\/2018\/11\/creditos-eduardo-moura-natal-kaminski-2018-2-1024x683.jpg\" alt=\"\" width=\"800\" height=\"534\" srcset=\"https:\/\/mcities.com.br\/curitiba\/wp-content\/uploads\/sites\/3\/2018\/11\/creditos-eduardo-moura-natal-kaminski-2018-2-1024x683.jpg 1024w, https:\/\/mcities.com.br\/curitiba\/wp-content\/uploads\/sites\/3\/2018\/11\/creditos-eduardo-moura-natal-kaminski-2018-2-300x200.jpg 300w, https:\/\/mcities.com.br\/curitiba\/wp-content\/uploads\/sites\/3\/2018\/11\/creditos-eduardo-moura-natal-kaminski-2018-2-768x512.jpg 768w, https:\/\/mcities.com.br\/curitiba\/wp-content\/uploads\/sites\/3\/2018\/11\/creditos-eduardo-moura-natal-kaminski-2018-2-600x400.jpg 600w, https:\/\/mcities.com.br\/curitiba\/wp-content\/uploads\/sites\/3\/2018\/11\/creditos-eduardo-moura-natal-kaminski-2018-2.jpg 2048w\" sizes=\"(max-width: 800px) 100vw, 800px\" \/><p id=\"caption-attachment-7323\" class=\"wp-caption-text\">S\u00e3o diversos sabores para voc\u00ea provar. Foto: Eduardo Moura<\/p><\/div>\n<p>Al\u00e9m das receitas especiais, voc\u00ea ainda pode provar bolachas de Natal (n\u00e3o tem como ficar sem elas, n\u00e9?) e chocotones com recheios de Leite Ninho, strogonoff de nozes ou Nutella!<\/p>\n<div id=\"attachment_7324\" style=\"width: 810px\" class=\"wp-caption aligncenter\"><img loading=\"lazy\" decoding=\"async\" aria-describedby=\"caption-attachment-7324\" class=\"wp-image-7324\" src=\"https:\/\/mcities.com.br\/curitiba\/wp-content\/uploads\/sites\/3\/2018\/11\/creditos-eduardo-moura-natal-kaminski-2018-5-1024x718.jpg\" alt=\"\" width=\"800\" height=\"561\" srcset=\"https:\/\/mcities.com.br\/curitiba\/wp-content\/uploads\/sites\/3\/2018\/11\/creditos-eduardo-moura-natal-kaminski-2018-5-1024x718.jpg 1024w, https:\/\/mcities.com.br\/curitiba\/wp-content\/uploads\/sites\/3\/2018\/11\/creditos-eduardo-moura-natal-kaminski-2018-5-300x210.jpg 300w, https:\/\/mcities.com.br\/curitiba\/wp-content\/uploads\/sites\/3\/2018\/11\/creditos-eduardo-moura-natal-kaminski-2018-5-768x539.jpg 768w, https:\/\/mcities.com.br\/curitiba\/wp-content\/uploads\/sites\/3\/2018\/11\/creditos-eduardo-moura-natal-kaminski-2018-5.jpg 2048w\" sizes=\"(max-width: 800px) 100vw, 800px\" \/><p id=\"caption-attachment-7324\" class=\"wp-caption-text\">At\u00e9 mesmo os sabores tradicionais v\u00e3o surpreender voc\u00ea. Foto: Eduardo Moura<\/p><\/div>\n<p>Al\u00e9m, \u00e9 claro, das receitas amadas de\u00a0Stollen recheado com doce de leite e damasco e tortas de diversos sabores, todas decoradas com todo capricho. Voc\u00ea pode tamb\u00e9m montar cestas, fazer encomendas para a ceia e almo\u00e7o de Natal! Ufa!<\/p>\n<div id=\"attachment_7325\" style=\"width: 814px\" class=\"wp-caption aligncenter\"><img loading=\"lazy\" decoding=\"async\" aria-describedby=\"caption-attachment-7325\" class=\"wp-image-7325\" src=\"https:\/\/mcities.com.br\/curitiba\/wp-content\/uploads\/sites\/3\/2018\/11\/creditos-eduardo-moura-natal-kaminski-2018-1-1024x683.jpg\" alt=\"\" width=\"804\" height=\"536\" srcset=\"https:\/\/mcities.com.br\/curitiba\/wp-content\/uploads\/sites\/3\/2018\/11\/creditos-eduardo-moura-natal-kaminski-2018-1-1024x683.jpg 1024w, https:\/\/mcities.com.br\/curitiba\/wp-content\/uploads\/sites\/3\/2018\/11\/creditos-eduardo-moura-natal-kaminski-2018-1-300x200.jpg 300w, https:\/\/mcities.com.br\/curitiba\/wp-content\/uploads\/sites\/3\/2018\/11\/creditos-eduardo-moura-natal-kaminski-2018-1-768x512.jpg 768w, https:\/\/mcities.com.br\/curitiba\/wp-content\/uploads\/sites\/3\/2018\/11\/creditos-eduardo-moura-natal-kaminski-2018-1-600x400.jpg 600w, https:\/\/mcities.com.br\/curitiba\/wp-content\/uploads\/sites\/3\/2018\/11\/creditos-eduardo-moura-natal-kaminski-2018-1.jpg 2048w\" sizes=\"(max-width: 804px) 100vw, 804px\" \/><p id=\"caption-attachment-7325\" class=\"wp-caption-text\">Panetone cookies. Foto Eduardo Moura<\/p><\/div>\n<p><em>Endere\u00e7os: Avenida Sete de Setembro, 6355 &#8211;\u00a0Semin\u00e1rio | Telefone:\u00a0(41) 3342-7371\u00a0\u00a0<a href=\"https:\/\/www.facebook.com\/EmporioKaminski\/\">Face da Emp\u00f3rio Kaminski<\/a><\/em><\/p>\n<h3>Para todos, com amor<\/h3>\n<p>A Gru\u00e9 capricha nos doces e no atendimento. Em um ambiente com aquela carinha de lar, voc\u00ea poder\u00e1 provar os chocotones de massa tradicional macia e gotas de chocolate, vendido a R$ 18.<\/p>\n<div id=\"attachment_7326\" style=\"width: 810px\" class=\"wp-caption aligncenter\"><img loading=\"lazy\" decoding=\"async\" aria-describedby=\"caption-attachment-7326\" class=\"wp-image-7326\" src=\"https:\/\/mcities.com.br\/curitiba\/wp-content\/uploads\/sites\/3\/2018\/11\/Gru\u00e9-Cropped.jpg\" alt=\"\" width=\"800\" height=\"600\" srcset=\"https:\/\/mcities.com.br\/curitiba\/wp-content\/uploads\/sites\/3\/2018\/11\/Gru\u00e9-Cropped.jpg 480w, https:\/\/mcities.com.br\/curitiba\/wp-content\/uploads\/sites\/3\/2018\/11\/Gru\u00e9-Cropped-300x225.jpg 300w\" sizes=\"(max-width: 800px) 100vw, 800px\" \/><p id=\"caption-attachment-7326\" class=\"wp-caption-text\">A Gru\u00e9 capricha nos recheios. Foto: Divulga\u00e7\u00e3o<\/p><\/div>\n<p>E quem quer mais, muito mais, precisa pedir os sabores especiais trufados. S\u00e3o massas com consist\u00eancia deliciosa e\u00a0muito recheio. Muito mesmo! Voc\u00ea poder\u00e1 escolher entre o amado brigadeiro trufado, o irresist\u00edvel doce de leite e o surpreendente brigadeiro de lim\u00e3o, todos com um recheio saboroso. S\u00e3o panetones de 1 kg que custam R$ 62 cada!<\/p>\n<div id=\"attachment_7328\" style=\"width: 810px\" class=\"wp-caption aligncenter\"><img loading=\"lazy\" decoding=\"async\" aria-describedby=\"caption-attachment-7328\" class=\"wp-image-7328\" src=\"https:\/\/mcities.com.br\/curitiba\/wp-content\/uploads\/sites\/3\/2018\/11\/665420_399278996817710_1256024677_o-1-1024x768.jpg\" alt=\"\" width=\"800\" height=\"600\" srcset=\"https:\/\/mcities.com.br\/curitiba\/wp-content\/uploads\/sites\/3\/2018\/11\/665420_399278996817710_1256024677_o-1-1024x768.jpg 1024w, https:\/\/mcities.com.br\/curitiba\/wp-content\/uploads\/sites\/3\/2018\/11\/665420_399278996817710_1256024677_o-1-300x225.jpg 300w, https:\/\/mcities.com.br\/curitiba\/wp-content\/uploads\/sites\/3\/2018\/11\/665420_399278996817710_1256024677_o-1-768x576.jpg 768w, https:\/\/mcities.com.br\/curitiba\/wp-content\/uploads\/sites\/3\/2018\/11\/665420_399278996817710_1256024677_o-1.jpg 2048w\" sizes=\"(max-width: 800px) 100vw, 800px\" \/><p id=\"caption-attachment-7328\" class=\"wp-caption-text\">S\u00e3o v\u00e1rias op\u00e7\u00f5es de sabores feitos artesanalmente. Foto: Divulga\u00e7\u00e3o<\/p><\/div>\n<p>N\u00e3o deixe de provar os outros doces dispon\u00edveis, entre eles, as tortinhas de v\u00e1rios sabores. Tem de caf\u00e9 com avel\u00e3, para quem quer um sabor luxuoso, e lim\u00e3o com am\u00eandoa e chocolate, para quem ama essa combina\u00e7\u00e3o de azedinho e docinho!<\/p>\n<p><em>Endere\u00e7o: Rua Alberto Bolliger, 754 &#8211; Juvev\u00ea | Telefone: (41) 3093-7292 | <a href=\"https:\/\/www.facebook.com\/pg\/Gruechocolatecafe\/\">Face da Gru\u00e9<\/a><\/em><\/p>\n<h3>Doces sem culpa<\/h3>\n<p>No Sem Culpa, voc\u00ea aproveita o Natal assim mesmo, sem culpa! O card\u00e1pio de panetones inclui\u00a0del\u00edcias sem a\u00e7\u00facar e sem\u00a0leite, para quem tem restri\u00e7\u00f5es alimentares!<\/p>\n<p>Voc\u00ea poder\u00e1 provar os tradicionais chocotone com gotas de chocolate belga a partir de R$ 35\u00a0e panetone de gojiberries, cramberries e damasco, a partir de R$ 25.<\/p>\n<div id=\"attachment_7329\" style=\"width: 810px\" class=\"wp-caption aligncenter\"><img loading=\"lazy\" decoding=\"async\" aria-describedby=\"caption-attachment-7329\" class=\"wp-image-7329\" src=\"https:\/\/mcities.com.br\/curitiba\/wp-content\/uploads\/sites\/3\/2018\/11\/46473867_974811619376079_5890244391708131328_o-Cropped-1024x768.jpg\" alt=\"\" width=\"800\" height=\"600\" srcset=\"https:\/\/mcities.com.br\/curitiba\/wp-content\/uploads\/sites\/3\/2018\/11\/46473867_974811619376079_5890244391708131328_o-Cropped-1024x768.jpg 1024w, https:\/\/mcities.com.br\/curitiba\/wp-content\/uploads\/sites\/3\/2018\/11\/46473867_974811619376079_5890244391708131328_o-Cropped-300x225.jpg 300w, https:\/\/mcities.com.br\/curitiba\/wp-content\/uploads\/sites\/3\/2018\/11\/46473867_974811619376079_5890244391708131328_o-Cropped-768x576.jpg 768w, https:\/\/mcities.com.br\/curitiba\/wp-content\/uploads\/sites\/3\/2018\/11\/46473867_974811619376079_5890244391708131328_o-Cropped.jpg 1054w\" sizes=\"(max-width: 800px) 100vw, 800px\" \/><p id=\"caption-attachment-7329\" class=\"wp-caption-text\">Del\u00edcias para quem quer comer sem sair da dieta. Foto: Divulga\u00e7\u00e3o<\/p><\/div>\n<p>Tem tamb\u00e9m as vers\u00f5es recheadas com brigadeiro e doce de leite, a partir de R$ 30 e com vers\u00f5es trufadas!\u00a0Tem ainda o panetone Red Velvet, com recheio de cream cheese cremos\u00edssimo, a partir de R$ 40.\u00a0As massas s\u00e3o feitas com am\u00eandoas e outros ingredientes naturais, tudo artesanal e tudo leve.<\/p>\n<div id=\"attachment_7330\" style=\"width: 810px\" class=\"wp-caption aligncenter\"><img loading=\"lazy\" decoding=\"async\" aria-describedby=\"caption-attachment-7330\" class=\"wp-image-7330\" src=\"https:\/\/mcities.com.br\/curitiba\/wp-content\/uploads\/sites\/3\/2018\/11\/45590106_970921396431768_2499066191927050240_o-Cropped-1024x768.jpg\" alt=\"\" width=\"800\" height=\"600\" srcset=\"https:\/\/mcities.com.br\/curitiba\/wp-content\/uploads\/sites\/3\/2018\/11\/45590106_970921396431768_2499066191927050240_o-Cropped-1024x768.jpg 1024w, https:\/\/mcities.com.br\/curitiba\/wp-content\/uploads\/sites\/3\/2018\/11\/45590106_970921396431768_2499066191927050240_o-Cropped-300x225.jpg 300w, https:\/\/mcities.com.br\/curitiba\/wp-content\/uploads\/sites\/3\/2018\/11\/45590106_970921396431768_2499066191927050240_o-Cropped-768x576.jpg 768w, https:\/\/mcities.com.br\/curitiba\/wp-content\/uploads\/sites\/3\/2018\/11\/45590106_970921396431768_2499066191927050240_o-Cropped.jpg 1080w\" sizes=\"(max-width: 800px) 100vw, 800px\" \/><p id=\"caption-attachment-7330\" class=\"wp-caption-text\">As receitas n\u00e3o t\u00eam gl\u00faten e s\u00e3o super saud\u00e1veis. Foto: Divulga\u00e7\u00e3o<\/p><\/div>\n<p>E quer uma dica valiosa? Prove os outros docinhos. Tem at\u00e9 brigadeiro feito com leite condensado de am\u00eandoas. Docinhos perfeitos para quem n\u00e3o abre m\u00e3o de ser feliz!<\/p>\n<div id=\"attachment_7331\" style=\"width: 810px\" class=\"wp-caption aligncenter\"><img loading=\"lazy\" decoding=\"async\" aria-describedby=\"caption-attachment-7331\" class=\"wp-image-7331\" src=\"https:\/\/mcities.com.br\/curitiba\/wp-content\/uploads\/sites\/3\/2018\/11\/45005982_966134830243758_4813082661343985664_o-Cropped-1024x768.jpg\" alt=\"\" width=\"800\" height=\"600\" srcset=\"https:\/\/mcities.com.br\/curitiba\/wp-content\/uploads\/sites\/3\/2018\/11\/45005982_966134830243758_4813082661343985664_o-Cropped-1024x768.jpg 1024w, https:\/\/mcities.com.br\/curitiba\/wp-content\/uploads\/sites\/3\/2018\/11\/45005982_966134830243758_4813082661343985664_o-Cropped-300x225.jpg 300w, https:\/\/mcities.com.br\/curitiba\/wp-content\/uploads\/sites\/3\/2018\/11\/45005982_966134830243758_4813082661343985664_o-Cropped-768x576.jpg 768w, https:\/\/mcities.com.br\/curitiba\/wp-content\/uploads\/sites\/3\/2018\/11\/45005982_966134830243758_4813082661343985664_o-Cropped.jpg 1080w\" sizes=\"(max-width: 800px) 100vw, 800px\" \/><p id=\"caption-attachment-7331\" class=\"wp-caption-text\">Quem tem restri\u00e7\u00f5es alimentares n\u00e3o precisa ficar de fora da festa. Foto: Divulga\u00e7\u00e3o<\/p><\/div>\n<p><em>Endere\u00e7o: Avenida\u00a0Desembargador Hugo Simas, 1249 &#8211; Bom Retiro |\u00a0Telefone: (41) 3015-1575 | <a href=\"https:\/\/www.facebook.com\/pg\/semculpafuncional\/\">Face do Sem Culpa<\/a><\/em><\/p>\n<p>*Os valores podem ser alterados sem aviso pr\u00e9vio dos estabelecimentos.<\/p>\n","protected":false},"excerpt":{"rendered":"<p>Nada de passar este Natal sem eles! Separamos os melhores panetones de Curitiba para voc\u00ea provar e amar.<\/p>\n","protected":false},"author":1,"featured_media":7335,"comment_status":"open","ping_status":"open","sticky":false,"template":"","format":"standard","meta":{"footnotes":""},"categories":[12],"tags":[],"yoast_head":"<!-- This site is optimized with the Yoast SEO plugin v21.9.1 - https:\/\/yoast.com\/wordpress\/plugins\/seo\/ -->\n<title>Eles chegaram: \u00e9 tempo de panetone | MCities Curitiba<\/title>\n<meta name=\"robots\" content=\"index, follow, max-snippet:-1, max-image-preview:large, max-video-preview:-1\" \/>\n<link rel=\"canonical\" href=\"https:\/\/mcities.com.br\/curitiba\/sabor-curitiba\/panetone\/\" \/>\n<meta property=\"og:locale\" content=\"pt_BR\" \/>\n<meta property=\"og:type\" content=\"article\" \/>\n<meta property=\"og:title\" content=\"Eles chegaram: \u00e9 tempo de panetone | MCities Curitiba\" \/>\n<meta property=\"og:description\" content=\"Nada de passar este Natal sem eles! Separamos os melhores panetones de Curitiba para voc\u00ea provar e amar.\" \/>\n<meta property=\"og:url\" content=\"https:\/\/mcities.com.br\/curitiba\/sabor-curitiba\/panetone\/\" \/>\n<meta property=\"og:site_name\" content=\"MCities Curitiba\" \/>\n<meta property=\"article:published_time\" content=\"2019-11-22T19:27:41+00:00\" \/>\n<meta property=\"article:modified_time\" content=\"2021-04-16T23:25:31+00:00\" \/>\n<meta property=\"og:image\" content=\"https:\/\/mcities.com.br\/curitiba\/wp-content\/uploads\/sites\/3\/2018\/11\/panetone.jpg\" \/>\n\t<meta property=\"og:image:width\" content=\"793\" \/>\n\t<meta property=\"og:image:height\" content=\"557\" \/>\n\t<meta property=\"og:image:type\" content=\"image\/jpeg\" \/>\n<meta name=\"author\" content=\"Inundaweb\" \/>\n<meta name=\"twitter:card\" content=\"summary_large_image\" \/>\n<meta name=\"twitter:label1\" content=\"Written by\" \/>\n\t<meta name=\"twitter:data1\" content=\"Inundaweb\" \/>\n\t<meta name=\"twitter:label2\" content=\"Est. reading time\" \/>\n\t<meta name=\"twitter:data2\" content=\"5 minutos\" \/>\n<script type=\"application\/ld+json\" class=\"yoast-schema-graph\">{\"@context\":\"https:\/\/schema.org\",\"@graph\":[{\"@type\":\"Article\",\"@id\":\"https:\/\/mcities.com.br\/curitiba\/sabor-curitiba\/panetone\/#article\",\"isPartOf\":{\"@id\":\"https:\/\/mcities.com.br\/curitiba\/sabor-curitiba\/panetone\/\"},\"author\":{\"name\":\"Inundaweb\",\"@id\":\"https:\/\/mcities.com.br\/curitiba\/#\/schema\/person\/d1d2f2ec42904682858920d202234f86\"},\"headline\":\"Eles chegaram: \u00e9 tempo de panetone\",\"datePublished\":\"2019-11-22T19:27:41+00:00\",\"dateModified\":\"2021-04-16T23:25:31+00:00\",\"mainEntityOfPage\":{\"@id\":\"https:\/\/mcities.com.br\/curitiba\/sabor-curitiba\/panetone\/\"},\"wordCount\":969,\"commentCount\":0,\"publisher\":{\"@id\":\"https:\/\/mcities.com.br\/curitiba\/#organization\"},\"articleSection\":[\"Sabor Curitiba\"],\"inLanguage\":\"pt-BR\",\"potentialAction\":[{\"@type\":\"CommentAction\",\"name\":\"Comment\",\"target\":[\"https:\/\/mcities.com.br\/curitiba\/sabor-curitiba\/panetone\/#respond\"]}]},{\"@type\":\"WebPage\",\"@id\":\"https:\/\/mcities.com.br\/curitiba\/sabor-curitiba\/panetone\/\",\"url\":\"https:\/\/mcities.com.br\/curitiba\/sabor-curitiba\/panetone\/\",\"name\":\"Eles chegaram: \u00e9 tempo de panetone | MCities Curitiba\",\"isPartOf\":{\"@id\":\"https:\/\/mcities.com.br\/curitiba\/#website\"},\"datePublished\":\"2019-11-22T19:27:41+00:00\",\"dateModified\":\"2021-04-16T23:25:31+00:00\",\"breadcrumb\":{\"@id\":\"https:\/\/mcities.com.br\/curitiba\/sabor-curitiba\/panetone\/#breadcrumb\"},\"inLanguage\":\"pt-BR\",\"potentialAction\":[{\"@type\":\"ReadAction\",\"target\":[\"https:\/\/mcities.com.br\/curitiba\/sabor-curitiba\/panetone\/\"]}]},{\"@type\":\"BreadcrumbList\",\"@id\":\"https:\/\/mcities.com.br\/curitiba\/sabor-curitiba\/panetone\/#breadcrumb\",\"itemListElement\":[{\"@type\":\"ListItem\",\"position\":1,\"name\":\"Home\",\"item\":\"https:\/\/mcities.com.br\/curitiba\/\"},{\"@type\":\"ListItem\",\"position\":2,\"name\":\"Eles chegaram: \u00e9 tempo de panetone\"}]},{\"@type\":\"WebSite\",\"@id\":\"https:\/\/mcities.com.br\/curitiba\/#website\",\"url\":\"https:\/\/mcities.com.br\/curitiba\/\",\"name\":\"MCities Curitiba\",\"description\":\"MCities \u00e9 um sistema que tem a disposic\u0327a\u0303o de dinamizar a integrac\u0327a\u0303o entre pessoas e cidades. Somos um sistema que oferece conte\u00fados de experi\u00eancias divertidas para voc\u00ea curtir e viver momentos incr\u00edveis, seja em casa ou nas ruas da cidade.\",\"publisher\":{\"@id\":\"https:\/\/mcities.com.br\/curitiba\/#organization\"},\"potentialAction\":[{\"@type\":\"SearchAction\",\"target\":{\"@type\":\"EntryPoint\",\"urlTemplate\":\"https:\/\/mcities.com.br\/curitiba\/?s={search_term_string}\"},\"query-input\":\"required name=search_term_string\"}],\"inLanguage\":\"pt-BR\"},{\"@type\":\"Organization\",\"@id\":\"https:\/\/mcities.com.br\/curitiba\/#organization\",\"name\":\"MCities\",\"url\":\"https:\/\/mcities.com.br\/curitiba\/\",\"logo\":{\"@type\":\"ImageObject\",\"inLanguage\":\"pt-BR\",\"@id\":\"https:\/\/mcities.com.br\/curitiba\/#\/schema\/logo\/image\/\",\"url\":\"https:\/\/mcities.com.br\/curitiba\/wp-content\/uploads\/sites\/3\/2017\/03\/mcities-color.png\",\"contentUrl\":\"https:\/\/mcities.com.br\/curitiba\/wp-content\/uploads\/sites\/3\/2017\/03\/mcities-color.png\",\"width\":248,\"height\":57,\"caption\":\"MCities\"},\"image\":{\"@id\":\"https:\/\/mcities.com.br\/curitiba\/#\/schema\/logo\/image\/\"}},{\"@type\":\"Person\",\"@id\":\"https:\/\/mcities.com.br\/curitiba\/#\/schema\/person\/d1d2f2ec42904682858920d202234f86\",\"name\":\"Inundaweb\",\"image\":{\"@type\":\"ImageObject\",\"inLanguage\":\"pt-BR\",\"@id\":\"https:\/\/mcities.com.br\/curitiba\/#\/schema\/person\/image\/\",\"url\":\"https:\/\/secure.gravatar.com\/avatar\/4573ed0880b6a3503fc776194d661e55?s=96&d=mm&r=g\",\"contentUrl\":\"https:\/\/secure.gravatar.com\/avatar\/4573ed0880b6a3503fc776194d661e55?s=96&d=mm&r=g\",\"caption\":\"Inundaweb\"}}]}<\/script>\n<!-- \/ Yoast SEO plugin. -->","yoast_head_json":{"title":"Eles chegaram: \u00e9 tempo de panetone | MCities Curitiba","robots":{"index":"index","follow":"follow","max-snippet":"max-snippet:-1","max-image-preview":"max-image-preview:large","max-video-preview":"max-video-preview:-1"},"canonical":"https:\/\/mcities.com.br\/curitiba\/sabor-curitiba\/panetone\/","og_locale":"pt_BR","og_type":"article","og_title":"Eles chegaram: \u00e9 tempo de panetone | MCities Curitiba","og_description":"Nada de passar este Natal sem eles! Separamos os melhores panetones de Curitiba para voc\u00ea provar e amar.","og_url":"https:\/\/mcities.com.br\/curitiba\/sabor-curitiba\/panetone\/","og_site_name":"MCities Curitiba","article_published_time":"2019-11-22T19:27:41+00:00","article_modified_time":"2021-04-16T23:25:31+00:00","og_image":[{"width":"793","height":"557","url":"https:\/\/mcities.com.br\/curitiba\/wp-content\/uploads\/sites\/3\/2018\/11\/panetone.jpg","type":"image\/jpeg"}],"author":"Inundaweb","twitter_card":"summary_large_image","twitter_misc":{"Written by":"Inundaweb","Est. reading time":"5 minutos"},"schema":{"@context":"https:\/\/schema.org","@graph":[{"@type":"Article","@id":"https:\/\/mcities.com.br\/curitiba\/sabor-curitiba\/panetone\/#article","isPartOf":{"@id":"https:\/\/mcities.com.br\/curitiba\/sabor-curitiba\/panetone\/"},"author":{"name":"Inundaweb","@id":"https:\/\/mcities.com.br\/curitiba\/#\/schema\/person\/d1d2f2ec42904682858920d202234f86"},"headline":"Eles chegaram: \u00e9 tempo de panetone","datePublished":"2019-11-22T19:27:41+00:00","dateModified":"2021-04-16T23:25:31+00:00","mainEntityOfPage":{"@id":"https:\/\/mcities.com.br\/curitiba\/sabor-curitiba\/panetone\/"},"wordCount":969,"commentCount":0,"publisher":{"@id":"https:\/\/mcities.com.br\/curitiba\/#organization"},"articleSection":["Sabor Curitiba"],"inLanguage":"pt-BR","potentialAction":[{"@type":"CommentAction","name":"Comment","target":["https:\/\/mcities.com.br\/curitiba\/sabor-curitiba\/panetone\/#respond"]}]},{"@type":"WebPage","@id":"https:\/\/mcities.com.br\/curitiba\/sabor-curitiba\/panetone\/","url":"https:\/\/mcities.com.br\/curitiba\/sabor-curitiba\/panetone\/","name":"Eles chegaram: \u00e9 tempo de panetone | MCities Curitiba","isPartOf":{"@id":"https:\/\/mcities.com.br\/curitiba\/#website"},"datePublished":"2019-11-22T19:27:41+00:00","dateModified":"2021-04-16T23:25:31+00:00","breadcrumb":{"@id":"https:\/\/mcities.com.br\/curitiba\/sabor-curitiba\/panetone\/#breadcrumb"},"inLanguage":"pt-BR","potentialAction":[{"@type":"ReadAction","target":["https:\/\/mcities.com.br\/curitiba\/sabor-curitiba\/panetone\/"]}]},{"@type":"BreadcrumbList","@id":"https:\/\/mcities.com.br\/curitiba\/sabor-curitiba\/panetone\/#breadcrumb","itemListElement":[{"@type":"ListItem","position":1,"name":"Home","item":"https:\/\/mcities.com.br\/curitiba\/"},{"@type":"ListItem","position":2,"name":"Eles chegaram: \u00e9 tempo de panetone"}]},{"@type":"WebSite","@id":"https:\/\/mcities.com.br\/curitiba\/#website","url":"https:\/\/mcities.com.br\/curitiba\/","name":"MCities Curitiba","description":"MCities \u00e9 um sistema que tem a disposic\u0327a\u0303o de dinamizar a integrac\u0327a\u0303o entre pessoas e cidades. Somos um sistema que oferece conte\u00fados de experi\u00eancias divertidas para voc\u00ea curtir e viver momentos incr\u00edveis, seja em casa ou nas ruas da cidade.","publisher":{"@id":"https:\/\/mcities.com.br\/curitiba\/#organization"},"potentialAction":[{"@type":"SearchAction","target":{"@type":"EntryPoint","urlTemplate":"https:\/\/mcities.com.br\/curitiba\/?s={search_term_string}"},"query-input":"required name=search_term_string"}],"inLanguage":"pt-BR"},{"@type":"Organization","@id":"https:\/\/mcities.com.br\/curitiba\/#organization","name":"MCities","url":"https:\/\/mcities.com.br\/curitiba\/","logo":{"@type":"ImageObject","inLanguage":"pt-BR","@id":"https:\/\/mcities.com.br\/curitiba\/#\/schema\/logo\/image\/","url":"https:\/\/mcities.com.br\/curitiba\/wp-content\/uploads\/sites\/3\/2017\/03\/mcities-color.png","contentUrl":"https:\/\/mcities.com.br\/curitiba\/wp-content\/uploads\/sites\/3\/2017\/03\/mcities-color.png","width":248,"height":57,"caption":"MCities"},"image":{"@id":"https:\/\/mcities.com.br\/curitiba\/#\/schema\/logo\/image\/"}},{"@type":"Person","@id":"https:\/\/mcities.com.br\/curitiba\/#\/schema\/person\/d1d2f2ec42904682858920d202234f86","name":"Inundaweb","image":{"@type":"ImageObject","inLanguage":"pt-BR","@id":"https:\/\/mcities.com.br\/curitiba\/#\/schema\/person\/image\/","url":"https:\/\/secure.gravatar.com\/avatar\/4573ed0880b6a3503fc776194d661e55?s=96&d=mm&r=g","contentUrl":"https:\/\/secure.gravatar.com\/avatar\/4573ed0880b6a3503fc776194d661e55?s=96&d=mm&r=g","caption":"Inundaweb"}}]}},"_links":{"self":[{"href":"https:\/\/mcities.com.br\/curitiba\/wp-json\/wp\/v2\/posts\/7300"}],"collection":[{"href":"https:\/\/mcities.com.br\/curitiba\/wp-json\/wp\/v2\/posts"}],"about":[{"href":"https:\/\/mcities.com.br\/curitiba\/wp-json\/wp\/v2\/types\/post"}],"author":[{"embeddable":true,"href":"https:\/\/mcities.com.br\/curitiba\/wp-json\/wp\/v2\/users\/1"}],"replies":[{"embeddable":true,"href":"https:\/\/mcities.com.br\/curitiba\/wp-json\/wp\/v2\/comments?post=7300"}],"version-history":[{"count":8,"href":"https:\/\/mcities.com.br\/curitiba\/wp-json\/wp\/v2\/posts\/7300\/revisions"}],"predecessor-version":[{"id":7337,"href":"https:\/\/mcities.com.br\/curitiba\/wp-json\/wp\/v2\/posts\/7300\/revisions\/7337"}],"wp:featuredmedia":[{"embeddable":true,"href":"https:\/\/mcities.com.br\/curitiba\/wp-json\/wp\/v2\/media\/7335"}],"wp:attachment":[{"href":"https:\/\/mcities.com.br\/curitiba\/wp-json\/wp\/v2\/media?parent=7300"}],"wp:term":[{"taxonomy":"category","embeddable":true,"href":"https:\/\/mcities.com.br\/curitiba\/wp-json\/wp\/v2\/categories?post=7300"},{"taxonomy":"post_tag","embeddable":true,"href":"https:\/\/mcities.com.br\/curitiba\/wp-json\/wp\/v2\/tags?post=7300"}],"curies":[{"name":"wp","href":"https:\/\/api.w.org\/{rel}","templated":true}]}}