{"id":6376,"date":"2019-02-01T12:16:32","date_gmt":"2019-02-01T14:16:32","guid":{"rendered":"https:\/\/mcities.com.br\/curitiba\/?p=6376"},"modified":"2019-02-01T12:16:32","modified_gmt":"2019-02-01T14:16:32","slug":"buchada-rabada-lingua-dobradinha","status":"publish","type":"post","link":"https:\/\/mcities.com.br\/curitiba\/sabor-curitiba\/buchada-rabada-lingua-dobradinha\/","title":{"rendered":"Onde comer del\u00edcias da culin\u00e1ria raiz"},"content":{"rendered":"<h2>Que tal uma buchada, rabada, l\u00edngua e dobradinha?<\/h2>\n<p>Em alguns lugares essas iguarias chegam a ser o prato mais cl\u00e1ssico da casa e forma at\u00e9 fila para provar. Ficou com \u00e1gua na boca? Conhe\u00e7a alguns lugares bem bacanas para provar esses pratos em Curitiba.<\/p>\n<h3><strong>Tradicionalmente saboroso<\/strong><\/h3>\n<p>O Maneko&#8217;s\u00a0 \u00e9 um bar pertinho da Pra\u00e7a Os\u00f3rio, que\u00a0nas quintas-feiras serve no almo\u00e7o uma rabada especial que \u00e9 o grande sucesso da casa.<\/p>\n<p>O prato, preparado com tempero super caseiro, acompanha ainda batata cozida, arroz, salada mista e polenta, que \u00e9 pra juntar com o delicioso caldinho da rabada. Em dias de frio, uma excelente pedida.<\/p>\n<p>O prato \u00e9 individual, com uma carne que derrete na boca de t\u00e3o macia. \u00c9 bom chegar cedo pra garantir lugar, pois em dia de rabada forma at\u00e9 fila pra experimentar essa del\u00edcia!<\/p>\n<div id=\"attachment_6436\" style=\"width: 810px\" class=\"wp-caption aligncenter\"><img fetchpriority=\"high\" decoding=\"async\" aria-describedby=\"caption-attachment-6436\" class=\"wp-image-6436\" src=\"https:\/\/mcities.com.br\/curitiba\/wp-content\/uploads\/sites\/3\/2018\/09\/Rabada_manekos.jpg\" alt=\"\" width=\"800\" height=\"545\" srcset=\"https:\/\/mcities.com.br\/curitiba\/wp-content\/uploads\/sites\/3\/2018\/09\/Rabada_manekos.jpg 1023w, https:\/\/mcities.com.br\/curitiba\/wp-content\/uploads\/sites\/3\/2018\/09\/Rabada_manekos-300x204.jpg 300w, https:\/\/mcities.com.br\/curitiba\/wp-content\/uploads\/sites\/3\/2018\/09\/Rabada_manekos-768x523.jpg 768w\" sizes=\"(max-width: 800px) 100vw, 800px\" \/><p id=\"caption-attachment-6436\" class=\"wp-caption-text\">Rabada do Manekos Bar. Foto Divulga\u00e7\u00e3o<\/p><\/div>\n<p><em>Endere\u00e7o: Alameda Cabral, 19 \u2013 Centro | Telefone: (41) 3324-8299 | <a href=\"https:\/\/www.facebook.com\/pages\/Manekos-Bar\/141912669312140\" target=\"_blank\" rel=\"noopener\">Manekos Bar<\/a><\/em><\/p>\n<h3><strong>Dobra daqui, dobra dali<\/strong><\/h3>\n<p>Bucho, feij\u00e3o branco, costelinha defumada, lingui\u00e7a calabresa e temperos. Estamos falando da dobradinha. Esse &#8220;cassoulet&#8221; abrasileirado \u00e9 delicioso.<\/p>\n<p>E voc\u00ea encontra no Bar do Pach\u00e1, \u00e0s segundas-feiras a partir das 18h. O prato \u00e9 individual, mas \u00e9 muito bem servido.<\/p>\n<p>O ambiente do Bar do Pach\u00e1 \u00e9 super aconchegante e traz experi\u00eancia inusitadas. Que tal levar livros para trocar na biblioteca do Bar do Pach\u00e1? Sim, bar tamb\u00e9m \u00e9 cultura!<\/p>\n<div id=\"attachment_6396\" style=\"width: 810px\" class=\"wp-caption aligncenter\"><img decoding=\"async\" aria-describedby=\"caption-attachment-6396\" class=\"wp-image-6396\" src=\"https:\/\/mcities.com.br\/curitiba\/wp-content\/uploads\/sites\/3\/2018\/08\/dobradinha.jpg\" alt=\"Dobradinha do Pach\u00e1. Foto: Bar do Pach\u00e1.\" width=\"800\" height=\"684\" srcset=\"https:\/\/mcities.com.br\/curitiba\/wp-content\/uploads\/sites\/3\/2018\/08\/dobradinha.jpg 717w, https:\/\/mcities.com.br\/curitiba\/wp-content\/uploads\/sites\/3\/2018\/08\/dobradinha-300x256.jpg 300w\" sizes=\"(max-width: 800px) 100vw, 800px\" \/><p id=\"caption-attachment-6396\" class=\"wp-caption-text\">Dobradinha do Pach\u00e1. Foto: Bar do Pach\u00e1.<\/p><\/div>\n<p><em>Endere\u00e7o: Rua Claudio Manoel da Costa, 548 \u2013 Bom Retiro | Telefone: (41) 3044-4480 | <a href=\"https:\/\/www.facebook.com\/bardopacha\/\" target=\"_blank\" rel=\"noopener\">Bar do Pach\u00e1<\/a><\/em><\/p>\n<h3><strong>Pra morder a l\u00edngua<\/strong><\/h3>\n<p>No Mukeka, voc\u00ea encontra a iguaria prato de l\u00edngua de boi, que \u00e9 servida como entrada. S\u00e3o 3 fatias cozidas, defumadas por cerca de 1 hora e depois grelhadas. Mas s\u00f3 isso? Calma! Ela vem acompanhada de um molho de carne que d\u00e1 um gostinho especial.<\/p>\n<p>De acompanhamento, um picles de cebola roxa e um pur\u00ea de batata. Este prato voc\u00ea encontra no card\u00e1pio, tanto para almo\u00e7o e jantar.<\/p>\n<div id=\"attachment_6380\" style=\"width: 810px\" class=\"wp-caption aligncenter\"><img decoding=\"async\" aria-describedby=\"caption-attachment-6380\" class=\"wp-image-6380\" src=\"https:\/\/mcities.com.br\/curitiba\/wp-content\/uploads\/sites\/3\/2018\/08\/WhatsApp-Image-2018-08-27-at-16.51.15-1024x573.jpeg\" alt=\"L\u00edngua pra chef nenhum botar defeito. Foto: Divulga\u00e7\u00e3o.\" width=\"800\" height=\"448\" srcset=\"https:\/\/mcities.com.br\/curitiba\/wp-content\/uploads\/sites\/3\/2018\/08\/WhatsApp-Image-2018-08-27-at-16.51.15-1024x573.jpeg 1024w, https:\/\/mcities.com.br\/curitiba\/wp-content\/uploads\/sites\/3\/2018\/08\/WhatsApp-Image-2018-08-27-at-16.51.15-300x168.jpeg 300w, https:\/\/mcities.com.br\/curitiba\/wp-content\/uploads\/sites\/3\/2018\/08\/WhatsApp-Image-2018-08-27-at-16.51.15-768x430.jpeg 768w, https:\/\/mcities.com.br\/curitiba\/wp-content\/uploads\/sites\/3\/2018\/08\/WhatsApp-Image-2018-08-27-at-16.51.15.jpeg 1280w\" sizes=\"(max-width: 800px) 100vw, 800px\" \/><p id=\"caption-attachment-6380\" class=\"wp-caption-text\">L\u00edngua pra chef nenhum botar defeito. Foto: Divulga\u00e7\u00e3o.<\/p><\/div>\n<p><em>Endere\u00e7o: Rua Machado de Assis, 417 \u2013 Juvev\u00ea | Telefone: (41) 3156-3028 | <a href=\"https:\/\/www.facebook.com\/MukekaCozinhaBrasileira\/\" target=\"_blank\" rel=\"noopener\">Mukeka Cozinha Brasileira<\/a><\/em><\/p>\n<p>Vai de feijoada mesmo? Ent\u00e3o conhe\u00e7a <a href=\"https:\/\/mcities.com.br\/curitiba\/sabor-curitiba\/dia-de-feijoada-veja-onde-comer-em-curitiba\/\" target=\"_blank\" rel=\"noopener\">lugares em Curitiba que v\u00e3o te fazer saborear as mais deliciosas feijoadas<\/a>.<\/p>\n<p><em>* Os valores podem ser alterados sem aviso pr\u00e9vio pelo estabelecimento.<\/em><\/p>\n","protected":false},"excerpt":{"rendered":"<p>Que tal uma buchada, rabada, l\u00edngua e dobradinha? Em alguns lugares essas iguarias chegam a ser o prato mais cl\u00e1ssico da casa e forma at\u00e9 fila para provar. Ficou com \u00e1gua na boca? Conhe\u00e7a alguns lugares bem bacanas para provar esses pratos em Curitiba. Tradicionalmente saboroso O Maneko&#8217;s\u00a0 \u00e9 um bar pertinho da Pra\u00e7a Os\u00f3rio, [&hellip;]<\/p>\n","protected":false},"author":45,"featured_media":7929,"comment_status":"open","ping_status":"open","sticky":false,"template":"","format":"standard","meta":{"footnotes":""},"categories":[12],"tags":[154,155,156,158,157],"yoast_head":"<!-- This site is optimized with the Yoast SEO plugin v21.9.1 - https:\/\/yoast.com\/wordpress\/plugins\/seo\/ -->\n<title>Onde comer del\u00edcias da culin\u00e1ria raiz | MCities Curitiba<\/title>\n<meta name=\"description\" content=\"Conhe\u00e7a alguns lugares que servem deliciosos pratos t\u00edpicos da culin\u00e1ria brasileira. Tem buchada, tem l\u00edngua, tem rabada e dobradinha. Vem!\" \/>\n<meta name=\"robots\" content=\"index, follow, max-snippet:-1, max-image-preview:large, max-video-preview:-1\" \/>\n<link rel=\"canonical\" href=\"https:\/\/mcities.com.br\/curitiba\/sabor-curitiba\/buchada-rabada-lingua-dobradinha\/\" \/>\n<meta property=\"og:locale\" content=\"pt_BR\" \/>\n<meta property=\"og:type\" content=\"article\" \/>\n<meta property=\"og:title\" content=\"Onde comer del\u00edcias da culin\u00e1ria raiz | MCities Curitiba\" \/>\n<meta property=\"og:description\" content=\"Conhe\u00e7a alguns lugares que servem deliciosos pratos t\u00edpicos da culin\u00e1ria brasileira. Tem buchada, tem l\u00edngua, tem rabada e dobradinha. Vem!\" \/>\n<meta property=\"og:url\" content=\"https:\/\/mcities.com.br\/curitiba\/sabor-curitiba\/buchada-rabada-lingua-dobradinha\/\" \/>\n<meta property=\"og:site_name\" content=\"MCities Curitiba\" \/>\n<meta property=\"article:published_time\" content=\"2019-02-01T14:16:32+00:00\" \/>\n<meta property=\"og:image\" content=\"https:\/\/mcities.com.br\/curitiba\/wp-content\/uploads\/sites\/3\/2019\/02\/rabada.jpg\" \/>\n\t<meta property=\"og:image:width\" content=\"600\" \/>\n\t<meta property=\"og:image:height\" content=\"400\" \/>\n\t<meta property=\"og:image:type\" content=\"image\/jpeg\" \/>\n<meta name=\"author\" content=\"Conteudo Cwb\" \/>\n<meta name=\"twitter:card\" content=\"summary_large_image\" \/>\n<meta name=\"twitter:label1\" content=\"Written by\" \/>\n\t<meta name=\"twitter:data1\" content=\"Conteudo Cwb\" \/>\n\t<meta name=\"twitter:label2\" content=\"Est. reading time\" \/>\n\t<meta name=\"twitter:data2\" content=\"2 minutos\" \/>\n<script type=\"application\/ld+json\" class=\"yoast-schema-graph\">{\"@context\":\"https:\/\/schema.org\",\"@graph\":[{\"@type\":\"Article\",\"@id\":\"https:\/\/mcities.com.br\/curitiba\/sabor-curitiba\/buchada-rabada-lingua-dobradinha\/#article\",\"isPartOf\":{\"@id\":\"https:\/\/mcities.com.br\/curitiba\/sabor-curitiba\/buchada-rabada-lingua-dobradinha\/\"},\"author\":{\"name\":\"Conteudo Cwb\",\"@id\":\"https:\/\/mcities.com.br\/curitiba\/#\/schema\/person\/6ac15b1e4a1d6d27839240a8178970e9\"},\"headline\":\"Onde comer del\u00edcias da culin\u00e1ria raiz\",\"datePublished\":\"2019-02-01T14:16:32+00:00\",\"dateModified\":\"2019-02-01T14:16:32+00:00\",\"mainEntityOfPage\":{\"@id\":\"https:\/\/mcities.com.br\/curitiba\/sabor-curitiba\/buchada-rabada-lingua-dobradinha\/\"},\"wordCount\":408,\"commentCount\":0,\"publisher\":{\"@id\":\"https:\/\/mcities.com.br\/curitiba\/#organization\"},\"keywords\":[\"buchada\",\"rabada\",\"lingua\",\"comida brasileira\",\"dobradinha\"],\"articleSection\":[\"Sabor Curitiba\"],\"inLanguage\":\"pt-BR\",\"potentialAction\":[{\"@type\":\"CommentAction\",\"name\":\"Comment\",\"target\":[\"https:\/\/mcities.com.br\/curitiba\/sabor-curitiba\/buchada-rabada-lingua-dobradinha\/#respond\"]}]},{\"@type\":\"WebPage\",\"@id\":\"https:\/\/mcities.com.br\/curitiba\/sabor-curitiba\/buchada-rabada-lingua-dobradinha\/\",\"url\":\"https:\/\/mcities.com.br\/curitiba\/sabor-curitiba\/buchada-rabada-lingua-dobradinha\/\",\"name\":\"Onde comer del\u00edcias da culin\u00e1ria raiz | MCities Curitiba\",\"isPartOf\":{\"@id\":\"https:\/\/mcities.com.br\/curitiba\/#website\"},\"datePublished\":\"2019-02-01T14:16:32+00:00\",\"dateModified\":\"2019-02-01T14:16:32+00:00\",\"description\":\"Conhe\u00e7a alguns lugares que servem deliciosos pratos t\u00edpicos da culin\u00e1ria brasileira. Tem buchada, tem l\u00edngua, tem rabada e dobradinha. Vem!\",\"breadcrumb\":{\"@id\":\"https:\/\/mcities.com.br\/curitiba\/sabor-curitiba\/buchada-rabada-lingua-dobradinha\/#breadcrumb\"},\"inLanguage\":\"pt-BR\",\"potentialAction\":[{\"@type\":\"ReadAction\",\"target\":[\"https:\/\/mcities.com.br\/curitiba\/sabor-curitiba\/buchada-rabada-lingua-dobradinha\/\"]}]},{\"@type\":\"BreadcrumbList\",\"@id\":\"https:\/\/mcities.com.br\/curitiba\/sabor-curitiba\/buchada-rabada-lingua-dobradinha\/#breadcrumb\",\"itemListElement\":[{\"@type\":\"ListItem\",\"position\":1,\"name\":\"Home\",\"item\":\"https:\/\/mcities.com.br\/curitiba\/\"},{\"@type\":\"ListItem\",\"position\":2,\"name\":\"Onde comer del\u00edcias da culin\u00e1ria raiz\"}]},{\"@type\":\"WebSite\",\"@id\":\"https:\/\/mcities.com.br\/curitiba\/#website\",\"url\":\"https:\/\/mcities.com.br\/curitiba\/\",\"name\":\"MCities Curitiba\",\"description\":\"MCities \u00e9 um sistema que tem a disposic\u0327a\u0303o de dinamizar a integrac\u0327a\u0303o entre pessoas e cidades. Somos um sistema que oferece conte\u00fados de experi\u00eancias divertidas para voc\u00ea curtir e viver momentos incr\u00edveis, seja em casa ou nas ruas da cidade.\",\"publisher\":{\"@id\":\"https:\/\/mcities.com.br\/curitiba\/#organization\"},\"potentialAction\":[{\"@type\":\"SearchAction\",\"target\":{\"@type\":\"EntryPoint\",\"urlTemplate\":\"https:\/\/mcities.com.br\/curitiba\/?s={search_term_string}\"},\"query-input\":\"required name=search_term_string\"}],\"inLanguage\":\"pt-BR\"},{\"@type\":\"Organization\",\"@id\":\"https:\/\/mcities.com.br\/curitiba\/#organization\",\"name\":\"MCities\",\"url\":\"https:\/\/mcities.com.br\/curitiba\/\",\"logo\":{\"@type\":\"ImageObject\",\"inLanguage\":\"pt-BR\",\"@id\":\"https:\/\/mcities.com.br\/curitiba\/#\/schema\/logo\/image\/\",\"url\":\"https:\/\/mcities.com.br\/curitiba\/wp-content\/uploads\/sites\/3\/2017\/03\/mcities-color.png\",\"contentUrl\":\"https:\/\/mcities.com.br\/curitiba\/wp-content\/uploads\/sites\/3\/2017\/03\/mcities-color.png\",\"width\":248,\"height\":57,\"caption\":\"MCities\"},\"image\":{\"@id\":\"https:\/\/mcities.com.br\/curitiba\/#\/schema\/logo\/image\/\"}},{\"@type\":\"Person\",\"@id\":\"https:\/\/mcities.com.br\/curitiba\/#\/schema\/person\/6ac15b1e4a1d6d27839240a8178970e9\",\"name\":\"Conteudo Cwb\",\"image\":{\"@type\":\"ImageObject\",\"inLanguage\":\"pt-BR\",\"@id\":\"https:\/\/mcities.com.br\/curitiba\/#\/schema\/person\/image\/\",\"url\":\"https:\/\/secure.gravatar.com\/avatar\/810323ba12b7a5cfdc385403d222624d?s=96&d=mm&r=g\",\"contentUrl\":\"https:\/\/secure.gravatar.com\/avatar\/810323ba12b7a5cfdc385403d222624d?s=96&d=mm&r=g\",\"caption\":\"Conteudo Cwb\"}}]}<\/script>\n<!-- \/ Yoast SEO plugin. -->","yoast_head_json":{"title":"Onde comer del\u00edcias da culin\u00e1ria raiz | MCities Curitiba","description":"Conhe\u00e7a alguns lugares que servem deliciosos pratos t\u00edpicos da culin\u00e1ria brasileira. Tem buchada, tem l\u00edngua, tem rabada e dobradinha. Vem!","robots":{"index":"index","follow":"follow","max-snippet":"max-snippet:-1","max-image-preview":"max-image-preview:large","max-video-preview":"max-video-preview:-1"},"canonical":"https:\/\/mcities.com.br\/curitiba\/sabor-curitiba\/buchada-rabada-lingua-dobradinha\/","og_locale":"pt_BR","og_type":"article","og_title":"Onde comer del\u00edcias da culin\u00e1ria raiz | MCities Curitiba","og_description":"Conhe\u00e7a alguns lugares que servem deliciosos pratos t\u00edpicos da culin\u00e1ria brasileira. Tem buchada, tem l\u00edngua, tem rabada e dobradinha. Vem!","og_url":"https:\/\/mcities.com.br\/curitiba\/sabor-curitiba\/buchada-rabada-lingua-dobradinha\/","og_site_name":"MCities Curitiba","article_published_time":"2019-02-01T14:16:32+00:00","og_image":[{"width":600,"height":400,"url":"https:\/\/mcities.com.br\/curitiba\/wp-content\/uploads\/sites\/3\/2019\/02\/rabada.jpg","type":"image\/jpeg"}],"author":"Conteudo Cwb","twitter_card":"summary_large_image","twitter_misc":{"Written by":"Conteudo Cwb","Est. reading time":"2 minutos"},"schema":{"@context":"https:\/\/schema.org","@graph":[{"@type":"Article","@id":"https:\/\/mcities.com.br\/curitiba\/sabor-curitiba\/buchada-rabada-lingua-dobradinha\/#article","isPartOf":{"@id":"https:\/\/mcities.com.br\/curitiba\/sabor-curitiba\/buchada-rabada-lingua-dobradinha\/"},"author":{"name":"Conteudo Cwb","@id":"https:\/\/mcities.com.br\/curitiba\/#\/schema\/person\/6ac15b1e4a1d6d27839240a8178970e9"},"headline":"Onde comer del\u00edcias da culin\u00e1ria raiz","datePublished":"2019-02-01T14:16:32+00:00","dateModified":"2019-02-01T14:16:32+00:00","mainEntityOfPage":{"@id":"https:\/\/mcities.com.br\/curitiba\/sabor-curitiba\/buchada-rabada-lingua-dobradinha\/"},"wordCount":408,"commentCount":0,"publisher":{"@id":"https:\/\/mcities.com.br\/curitiba\/#organization"},"keywords":["buchada","rabada","lingua","comida brasileira","dobradinha"],"articleSection":["Sabor Curitiba"],"inLanguage":"pt-BR","potentialAction":[{"@type":"CommentAction","name":"Comment","target":["https:\/\/mcities.com.br\/curitiba\/sabor-curitiba\/buchada-rabada-lingua-dobradinha\/#respond"]}]},{"@type":"WebPage","@id":"https:\/\/mcities.com.br\/curitiba\/sabor-curitiba\/buchada-rabada-lingua-dobradinha\/","url":"https:\/\/mcities.com.br\/curitiba\/sabor-curitiba\/buchada-rabada-lingua-dobradinha\/","name":"Onde comer del\u00edcias da culin\u00e1ria raiz | MCities Curitiba","isPartOf":{"@id":"https:\/\/mcities.com.br\/curitiba\/#website"},"datePublished":"2019-02-01T14:16:32+00:00","dateModified":"2019-02-01T14:16:32+00:00","description":"Conhe\u00e7a alguns lugares que servem deliciosos pratos t\u00edpicos da culin\u00e1ria brasileira. Tem buchada, tem l\u00edngua, tem rabada e dobradinha. Vem!","breadcrumb":{"@id":"https:\/\/mcities.com.br\/curitiba\/sabor-curitiba\/buchada-rabada-lingua-dobradinha\/#breadcrumb"},"inLanguage":"pt-BR","potentialAction":[{"@type":"ReadAction","target":["https:\/\/mcities.com.br\/curitiba\/sabor-curitiba\/buchada-rabada-lingua-dobradinha\/"]}]},{"@type":"BreadcrumbList","@id":"https:\/\/mcities.com.br\/curitiba\/sabor-curitiba\/buchada-rabada-lingua-dobradinha\/#breadcrumb","itemListElement":[{"@type":"ListItem","position":1,"name":"Home","item":"https:\/\/mcities.com.br\/curitiba\/"},{"@type":"ListItem","position":2,"name":"Onde comer del\u00edcias da culin\u00e1ria raiz"}]},{"@type":"WebSite","@id":"https:\/\/mcities.com.br\/curitiba\/#website","url":"https:\/\/mcities.com.br\/curitiba\/","name":"MCities Curitiba","description":"MCities \u00e9 um sistema que tem a disposic\u0327a\u0303o de dinamizar a integrac\u0327a\u0303o entre pessoas e cidades. Somos um sistema que oferece conte\u00fados de experi\u00eancias divertidas para voc\u00ea curtir e viver momentos incr\u00edveis, seja em casa ou nas ruas da cidade.","publisher":{"@id":"https:\/\/mcities.com.br\/curitiba\/#organization"},"potentialAction":[{"@type":"SearchAction","target":{"@type":"EntryPoint","urlTemplate":"https:\/\/mcities.com.br\/curitiba\/?s={search_term_string}"},"query-input":"required name=search_term_string"}],"inLanguage":"pt-BR"},{"@type":"Organization","@id":"https:\/\/mcities.com.br\/curitiba\/#organization","name":"MCities","url":"https:\/\/mcities.com.br\/curitiba\/","logo":{"@type":"ImageObject","inLanguage":"pt-BR","@id":"https:\/\/mcities.com.br\/curitiba\/#\/schema\/logo\/image\/","url":"https:\/\/mcities.com.br\/curitiba\/wp-content\/uploads\/sites\/3\/2017\/03\/mcities-color.png","contentUrl":"https:\/\/mcities.com.br\/curitiba\/wp-content\/uploads\/sites\/3\/2017\/03\/mcities-color.png","width":248,"height":57,"caption":"MCities"},"image":{"@id":"https:\/\/mcities.com.br\/curitiba\/#\/schema\/logo\/image\/"}},{"@type":"Person","@id":"https:\/\/mcities.com.br\/curitiba\/#\/schema\/person\/6ac15b1e4a1d6d27839240a8178970e9","name":"Conteudo Cwb","image":{"@type":"ImageObject","inLanguage":"pt-BR","@id":"https:\/\/mcities.com.br\/curitiba\/#\/schema\/person\/image\/","url":"https:\/\/secure.gravatar.com\/avatar\/810323ba12b7a5cfdc385403d222624d?s=96&d=mm&r=g","contentUrl":"https:\/\/secure.gravatar.com\/avatar\/810323ba12b7a5cfdc385403d222624d?s=96&d=mm&r=g","caption":"Conteudo Cwb"}}]}},"_links":{"self":[{"href":"https:\/\/mcities.com.br\/curitiba\/wp-json\/wp\/v2\/posts\/6376"}],"collection":[{"href":"https:\/\/mcities.com.br\/curitiba\/wp-json\/wp\/v2\/posts"}],"about":[{"href":"https:\/\/mcities.com.br\/curitiba\/wp-json\/wp\/v2\/types\/post"}],"author":[{"embeddable":true,"href":"https:\/\/mcities.com.br\/curitiba\/wp-json\/wp\/v2\/users\/45"}],"replies":[{"embeddable":true,"href":"https:\/\/mcities.com.br\/curitiba\/wp-json\/wp\/v2\/comments?post=6376"}],"version-history":[{"count":7,"href":"https:\/\/mcities.com.br\/curitiba\/wp-json\/wp\/v2\/posts\/6376\/revisions"}],"predecessor-version":[{"id":7928,"href":"https:\/\/mcities.com.br\/curitiba\/wp-json\/wp\/v2\/posts\/6376\/revisions\/7928"}],"wp:featuredmedia":[{"embeddable":true,"href":"https:\/\/mcities.com.br\/curitiba\/wp-json\/wp\/v2\/media\/7929"}],"wp:attachment":[{"href":"https:\/\/mcities.com.br\/curitiba\/wp-json\/wp\/v2\/media?parent=6376"}],"wp:term":[{"taxonomy":"category","embeddable":true,"href":"https:\/\/mcities.com.br\/curitiba\/wp-json\/wp\/v2\/categories?post=6376"},{"taxonomy":"post_tag","embeddable":true,"href":"https:\/\/mcities.com.br\/curitiba\/wp-json\/wp\/v2\/tags?post=6376"}],"curies":[{"name":"wp","href":"https:\/\/api.w.org\/{rel}","templated":true}]}}