{"id":4534,"date":"2018-08-27T16:15:51","date_gmt":"2018-08-27T19:15:51","guid":{"rendered":"https:\/\/mcities.com.br\/curitiba\/?p=4534"},"modified":"2021-04-16T11:15:23","modified_gmt":"2021-04-16T14:15:23","slug":"moda-autoral-curitiba","status":"publish","type":"post","link":"https:\/\/mcities.com.br\/curitiba\/o-que-fazer-em-familia\/moda-autoral-curitiba\/","title":{"rendered":"Moda autoral pra quem tem estilo"},"content":{"rendered":"<h2>Conhe\u00e7a lugares em Curitiba que te ajudam a tirar do papel aquela super ideia de moda autoral<\/h2>\n<p>O cen\u00e1rio fashionista cada vez vem ganhando mais artistas que trazem ao ao p\u00fablico novas op\u00e7\u00f5es da chamada <em>slow fashion<\/em>, movimento que acompanha a moda autoral.<\/p>\n<p>A moda autoral busca produzir modelos exclusivos, produ\u00e7\u00e3o de pe\u00e7a a pe\u00e7a, desenvolvidas por designers que prezam pela criatividade e n\u00e3o apenas as tend\u00eancias de mercado. Explorando dois temas: projetos para tirar do papel e onde expor.<\/p>\n<h3>Projetos para tirar do papel<\/h3>\n<p>A gente sabe que tirar uma ideia do papel nem sempre \u00e9 f\u00e1cil.\u00a0Voc\u00ea ama o mundo fashion, mas ainda n\u00e3o se sente preparado para produzir sozinho? Alguns espa\u00e7os em Curitiba prometem n\u00e3o s\u00f3 cursos, mas espa\u00e7os de debate para se pensar a moda autoral.<\/p>\n<h4>Centro Europeu<\/h4>\n<p>Outro lugar bem bacana e que investe em moda autoral \u00e9 o Centro Europeu, que oferece um curso de Design de Moda com apenas um ano de dura\u00e7\u00e3o. Voltado para o desenvolvimento do profissional, o curso oferece tamb\u00e9m uma programa\u00e7\u00e3o extra, com palestras e bate-papos. Os eventos s\u00e3o organizados pelo N\u00facleo de Moda da escola, que tem o objetivo de inserir o aluno no mercado de trabalho.<\/p>\n<p>O Centro Europeu conta ainda com uma incubadora de moda, que busca ajudar alunos e ex-alunos a tirarem suas ideias da cabe\u00e7a. Ent\u00e3o, se era esse incentivo que faltava, t\u00e1 a\u00ed!<\/p>\n<p><em>Endere\u00e7o: Rua Benjamin Lins, 999 &#8211; Batel | Telefone: 3233 6669 | <a href=\"http:\/\/centroeuropeu.com.br\/portal\/\" target=\"_blank\" rel=\"noopener\">Site do Centro Europeu<\/a><\/em><\/p>\n<div id=\"attachment_4540\" style=\"width: 1034px\" class=\"wp-caption alignnone\"><img fetchpriority=\"high\" decoding=\"async\" aria-describedby=\"caption-attachment-4540\" class=\"wp-image-4540 size-large\" src=\"https:\/\/mcities.com.br\/curitiba\/wp-content\/uploads\/sites\/3\/2018\/05\/Centro-Europeu-1024x777.jpg\" alt=\"No Centro Europeu, uma incubadora auxilia os alunos a viabilizarem seus projetos.\" width=\"1024\" height=\"777\" srcset=\"https:\/\/mcities.com.br\/curitiba\/wp-content\/uploads\/sites\/3\/2018\/05\/Centro-Europeu-1024x777.jpg 1024w, https:\/\/mcities.com.br\/curitiba\/wp-content\/uploads\/sites\/3\/2018\/05\/Centro-Europeu-300x228.jpg 300w, https:\/\/mcities.com.br\/curitiba\/wp-content\/uploads\/sites\/3\/2018\/05\/Centro-Europeu-768x582.jpg 768w, https:\/\/mcities.com.br\/curitiba\/wp-content\/uploads\/sites\/3\/2018\/05\/Centro-Europeu.jpg 1080w\" sizes=\"(max-width: 1024px) 100vw, 1024px\" \/><p id=\"caption-attachment-4540\" class=\"wp-caption-text\"><em>No Centro Europeu, uma incubadora auxilia os alunos a viabilizarem seus projetos. Fotos: Facebook Centro Europeu<\/em><\/p><\/div>\n<h4>Instituto de Moda do Paran\u00e1<\/h4>\n<p>No IMOP, o Instituto de Moda do Paran\u00e1, voc\u00ea pode participar de uma programa\u00e7\u00e3o bem diversificada, feita para clarear suas ideias e come\u00e7ar sua investida nessa \u00e1rea. Os temas englobam toda a cadeia de produ\u00e7\u00e3o, incluindo n\u00e3o s\u00f3 t\u00e9cnicas, mas tamb\u00e9m styling, produ\u00e7\u00e3o de moda, e at\u00e9 mesmo na \u00e1rea de comunica\u00e7\u00e3o.<\/p>\n<p>O Instituto \u00e9 o lugar perfeito para conseguir apoio, pois o pessoal \u00e9 bem engajado e luta pelo reconhecimento de Curitiba como capital da moda autoral. Al\u00e9m de ser a cara de Curitiba, essa \u00e9 uma ideia que se mostra bem vi\u00e1vel, pois hoje, a capital conta com cerca de 120 ateliers voltados \u00e0 cria\u00e7\u00e3o de moda.<\/p>\n<p>Al\u00e9m dos cursos, periodicamente promove encontros sobre o assunto e ainda foi o respons\u00e1vel pelo AMA, a 1\u00ba Amostra de Moda Autoral de Curitiba. Assim, toda a equipe do IMOP est\u00e1 sempre pronta a acolher iniciativas que reforcem a import\u00e2ncia n\u00e3o s\u00f3 da moda autoral, mas tamb\u00e9m das discuss\u00f5es sobre economia criativa e a ind\u00fastria da moda.<\/p>\n<p><strong>Dica MCities:<\/strong> O idealizador do projeto, Paulo Martins, \u00e9 um dos grandes nomes da moda autoral na cidade. Se essa \u00e9 uma \u00e1rea que te interessa, procure trocar uma ideia com ele, ser\u00e1 uma grande experi\u00eancia um excelente aprendizado.<\/p>\n<p><em>Endere\u00e7o: Rua Presidente Carlos Cavalcanti, 1157- S\u00e3o Francisco | Telefone: (41) 99677-6592 | <a href=\"http:\/\/www.imopr.com.br\/\" target=\"_blank\" rel=\"noopener\">Site do IMOP<\/a><\/em><\/p>\n<div id=\"attachment_4538\" style=\"width: 1034px\" class=\"wp-caption alignnone\"><img decoding=\"async\" aria-describedby=\"caption-attachment-4538\" class=\"wp-image-4538 size-large\" src=\"https:\/\/mcities.com.br\/curitiba\/wp-content\/uploads\/sites\/3\/2018\/05\/IMOP-1024x777.jpg\" alt=\"O Instituto de Moda do Paran\u00e1 \u00e9 um grande articulador da Moda Autoral de Curitiba.\" width=\"1024\" height=\"777\" srcset=\"https:\/\/mcities.com.br\/curitiba\/wp-content\/uploads\/sites\/3\/2018\/05\/IMOP-1024x777.jpg 1024w, https:\/\/mcities.com.br\/curitiba\/wp-content\/uploads\/sites\/3\/2018\/05\/IMOP-300x227.jpg 300w, https:\/\/mcities.com.br\/curitiba\/wp-content\/uploads\/sites\/3\/2018\/05\/IMOP-768x582.jpg 768w, https:\/\/mcities.com.br\/curitiba\/wp-content\/uploads\/sites\/3\/2018\/05\/IMOP.jpg 2048w\" sizes=\"(max-width: 1024px) 100vw, 1024px\" \/><p id=\"caption-attachment-4538\" class=\"wp-caption-text\">O Instituto de Moda do Paran\u00e1 \u00e9 um grande articulador da Moda Autoral de Curitiba. Foto: Facebook IMOP<\/p><\/div>\n<h4>Faculdades da Ind\u00fastria<\/h4>\n<p>Agora, se voc\u00ea quer entrar com tudo na passarela da moda, a Faculdades da Ind\u00fastria, do sistema FIEP, oferece um curso Superior de Tecnologia em Design de Moda. Com 3 anos de dura\u00e7\u00e3o, o curso te d\u00e1 todo o suporte para se tornar um excelente designer de moda.<\/p>\n<p>O local tem uma estrutura bem legal, com laborat\u00f3rios, e com uma ementa que aborda, sobretudo a inova\u00e7\u00e3o. A ideia \u00e9 formar profissionais que saibam desde planejar uma cole\u00e7\u00e3o at\u00e9 viabilizar a grandes oportunidades comerciais. E n\u00e3o \u00e9 s\u00f3 isso, a institui\u00e7\u00e3o oferece regularmente cursos de extens\u00e3o espec\u00edficos e que possuem curta dura\u00e7\u00e3o. \u00c9 pra realmente brilhar.<\/p>\n<p><em>Endere\u00e7o: Av. Comendador Franco, 1.341 &#8211; Jardim Bot\u00e2nico | Telefone: 3503 1200 | <a href=\"https:\/\/www.facebook.com\/Faculdades-da-Ind%C3%BAstria-409119406178183\/\" target=\"_blank\" rel=\"noopener\">Facebook Faculdades da Ind\u00fastria<\/a><\/em><\/p>\n<div id=\"attachment_4539\" style=\"width: 650px\" class=\"wp-caption alignnone\"><img decoding=\"async\" aria-describedby=\"caption-attachment-4539\" class=\"wp-image-4539 size-full\" src=\"https:\/\/mcities.com.br\/curitiba\/wp-content\/uploads\/sites\/3\/2018\/05\/FIEP.jpg\" alt=\"Na Faculdades da Ind\u00fastria, os alunos t\u00eam 3 anos de aula.\" width=\"640\" height=\"300\" srcset=\"https:\/\/mcities.com.br\/curitiba\/wp-content\/uploads\/sites\/3\/2018\/05\/FIEP.jpg 640w, https:\/\/mcities.com.br\/curitiba\/wp-content\/uploads\/sites\/3\/2018\/05\/FIEP-300x141.jpg 300w\" sizes=\"(max-width: 640px) 100vw, 640px\" \/><p id=\"caption-attachment-4539\" class=\"wp-caption-text\">Na Faculdades da Ind\u00fastria, os alunos t\u00eam 3 anos de aula. Foto: Portal da Ind\u00fastria<\/p><\/div>\n<h3>Pra expor em Curitiba<\/h3>\n<p>Separamos alguns lugares bem legais para que voc\u00ea possa mostrar toda sua arte, talento e dedica\u00e7\u00e3o.<\/p>\n<h4>Novo Louvre<\/h4>\n<p>O Novo Louvre, que fica bem no meio do agito da Trajano Reis, \u00e9 um desses espa\u00e7os super descolados e que te fazem sentir \u00e0 vontade. O local, que tamb\u00e9m \u00e9 uma marca, funciona como um espa\u00e7o colaborativo de moda e como uma incubadora.<\/p>\n<p>Os jovens designers contam com maquin\u00e1rio especializado para entrar em a\u00e7\u00e3o. Al\u00e9m disso, t\u00eam uma excelente troca de experi\u00eancias e ideias com designers j\u00e1 consagrados deste universo. Os artistas podem comercializar suas pe\u00e7as no espa\u00e7o ou no e-commerce da marca.<\/p>\n<p><strong>Dica MCities:<\/strong> O legal do Novo Louvre \u00e9 que al\u00e9m de ser um atelier e uma loja de moda autoral, o espa\u00e7o abriga um charmoso caf\u00e9 e um coworking. Espa\u00e7o que transpira criatividade e inova\u00e7\u00e3o. Al\u00e9m disso, fica no agito do S\u00e3o Francisco, ou seja, ainda d\u00e1 pra curtir um rol\u00ea por ali.<\/p>\n<p><em>Endere\u00e7o: Rua Trajano Reis, 36 &#8211; S\u00e3o Francisco | Telefone: 41 3232 0055 | <a href=\"https:\/\/www.facebook.com\/novolouvre\/\" target=\"_blank\" rel=\"noopener\">Facebook do Novo Louvre<\/a><\/em><\/p>\n<div id=\"attachment_4541\" style=\"width: 789px\" class=\"wp-caption alignnone\"><img loading=\"lazy\" decoding=\"async\" aria-describedby=\"caption-attachment-4541\" class=\"wp-image-4541 size-full\" src=\"https:\/\/mcities.com.br\/curitiba\/wp-content\/uploads\/sites\/3\/2018\/05\/Novo-Louvre.png\" alt=\"O Novo Louvre fica bem no centro de Curitiba.\" width=\"779\" height=\"519\" srcset=\"https:\/\/mcities.com.br\/curitiba\/wp-content\/uploads\/sites\/3\/2018\/05\/Novo-Louvre.png 779w, https:\/\/mcities.com.br\/curitiba\/wp-content\/uploads\/sites\/3\/2018\/05\/Novo-Louvre-300x200.png 300w, https:\/\/mcities.com.br\/curitiba\/wp-content\/uploads\/sites\/3\/2018\/05\/Novo-Louvre-768x512.png 768w, https:\/\/mcities.com.br\/curitiba\/wp-content\/uploads\/sites\/3\/2018\/05\/Novo-Louvre-600x400.png 600w\" sizes=\"(max-width: 779px) 100vw, 779px\" \/><p id=\"caption-attachment-4541\" class=\"wp-caption-text\"><em>O Novo Louvre fica bem no centro de Curitiba. Foto: Facebook Novo Louvre<\/em><\/p><\/div>\n<h4>Casa 102<\/h4>\n<p>O Casa 102 \u00e9 um espa\u00e7o bem bacana de coworking e tem cerca de 70% do espa\u00e7o reservado \u00e0 moda. No local,\u00a0\u00e9 poss\u00edvel encontrar um atelier e uma loja, onde os artistas podem comercializar suas pe\u00e7as. Ainda, dentro do espa\u00e7o, um Coletivo de Moda prop\u00f5e debates, eventos, bazares, sempre no intuito de divulgar a moda autoral. Quest\u00f5es como sustentabilidade e ecodesign s\u00e3o abordados por l\u00e1.<\/p>\n<p><em>Endere\u00e7o: Alameda J\u00falia da Costa, 102 &#8211; S\u00e3o Francisco | Telefone: 41 99936-8604|<\/em> <a href=\"https:\/\/www.facebook.com\/casa102\/\" target=\"_blank\" rel=\"noopener\">Facebook da Casa 102<\/a><\/p>\n<div id=\"attachment_4542\" style=\"width: 1034px\" class=\"wp-caption alignnone\"><img loading=\"lazy\" decoding=\"async\" aria-describedby=\"caption-attachment-4542\" class=\"wp-image-4542 size-large\" src=\"https:\/\/mcities.com.br\/curitiba\/wp-content\/uploads\/sites\/3\/2018\/05\/casa-102-1024x724.jpg\" alt=\"A Casa 102 dedica quase 70% do neg\u00f3cio para a moda\" width=\"1024\" height=\"724\" srcset=\"https:\/\/mcities.com.br\/curitiba\/wp-content\/uploads\/sites\/3\/2018\/05\/casa-102-1024x724.jpg 1024w, https:\/\/mcities.com.br\/curitiba\/wp-content\/uploads\/sites\/3\/2018\/05\/casa-102-300x212.jpg 300w, https:\/\/mcities.com.br\/curitiba\/wp-content\/uploads\/sites\/3\/2018\/05\/casa-102-768x543.jpg 768w, https:\/\/mcities.com.br\/curitiba\/wp-content\/uploads\/sites\/3\/2018\/05\/casa-102.jpg 1080w\" sizes=\"(max-width: 1024px) 100vw, 1024px\" \/><p id=\"caption-attachment-4542\" class=\"wp-caption-text\">A Casa 102 dedica quase 70% do neg\u00f3cio para a moda. Foto: Facebook Casa 102<\/p><\/div>\n<p>Animou? Ent\u00e3o bora colocar o sonho em pr\u00e1tica! Quer saber mais criatividade, que tal? Clicar aqui e ficar por dentro da\u00a0<a href=\"https:\/\/mcities.com.br\/curitiba\/network\/economia-criativa-cursos-para-voce-ficar\/\" target=\"_blank\" rel=\"noopener\">Economia criativa<\/a>.<\/p>\n","protected":false},"excerpt":{"rendered":"<p>Conhe\u00e7a lugares em Curitiba que te ajudam a tirar do papel aquela super ideia de moda autoral O cen\u00e1rio fashionista cada vez vem ganhando mais artistas que trazem ao ao p\u00fablico novas op\u00e7\u00f5es da chamada slow fashion, movimento que acompanha a moda autoral. A moda autoral busca produzir modelos exclusivos, produ\u00e7\u00e3o de pe\u00e7a a pe\u00e7a, [&hellip;]<\/p>\n","protected":false},"author":45,"featured_media":4540,"comment_status":"open","ping_status":"open","sticky":false,"template":"","format":"standard","meta":{"footnotes":""},"categories":[4],"tags":[],"yoast_head":"<!-- This site is optimized with the Yoast SEO plugin v21.9.1 - https:\/\/yoast.com\/wordpress\/plugins\/seo\/ -->\n<title>Moda autoral pra quem tem estilo | MCities Curitiba<\/title>\n<meta name=\"description\" content=\"Conhe\u00e7a lugares em Curitiba que te ajudam a tirar do papel a sua ideia.\" \/>\n<meta name=\"robots\" content=\"index, follow, max-snippet:-1, max-image-preview:large, max-video-preview:-1\" \/>\n<link rel=\"canonical\" href=\"https:\/\/mcities.com.br\/curitiba\/o-que-fazer-em-familia\/moda-autoral-curitiba\/\" \/>\n<meta property=\"og:locale\" content=\"pt_BR\" \/>\n<meta property=\"og:type\" content=\"article\" \/>\n<meta property=\"og:title\" content=\"Moda autoral pra quem tem estilo | MCities Curitiba\" \/>\n<meta property=\"og:description\" content=\"Conhe\u00e7a lugares em Curitiba que te ajudam a tirar do papel a sua ideia.\" \/>\n<meta property=\"og:url\" content=\"https:\/\/mcities.com.br\/curitiba\/o-que-fazer-em-familia\/moda-autoral-curitiba\/\" \/>\n<meta property=\"og:site_name\" content=\"MCities Curitiba\" \/>\n<meta property=\"article:published_time\" content=\"2018-08-27T19:15:51+00:00\" \/>\n<meta property=\"article:modified_time\" content=\"2021-04-16T14:15:23+00:00\" \/>\n<meta property=\"og:image\" content=\"https:\/\/mcities.com.br\/curitiba\/wp-content\/uploads\/sites\/3\/2018\/05\/Centro-Europeu.jpg\" \/>\n\t<meta property=\"og:image:width\" content=\"1080\" \/>\n\t<meta property=\"og:image:height\" content=\"819\" \/>\n\t<meta property=\"og:image:type\" content=\"image\/jpeg\" \/>\n<meta name=\"author\" content=\"Conteudo Cwb\" \/>\n<meta name=\"twitter:card\" content=\"summary_large_image\" \/>\n<meta name=\"twitter:label1\" content=\"Written by\" \/>\n\t<meta name=\"twitter:data1\" content=\"Conteudo Cwb\" \/>\n\t<meta name=\"twitter:label2\" content=\"Est. reading time\" \/>\n\t<meta name=\"twitter:data2\" content=\"5 minutos\" \/>\n<script type=\"application\/ld+json\" class=\"yoast-schema-graph\">{\"@context\":\"https:\/\/schema.org\",\"@graph\":[{\"@type\":\"Article\",\"@id\":\"https:\/\/mcities.com.br\/curitiba\/o-que-fazer-em-familia\/moda-autoral-curitiba\/#article\",\"isPartOf\":{\"@id\":\"https:\/\/mcities.com.br\/curitiba\/o-que-fazer-em-familia\/moda-autoral-curitiba\/\"},\"author\":{\"name\":\"Conteudo Cwb\",\"@id\":\"https:\/\/mcities.com.br\/curitiba\/#\/schema\/person\/6ac15b1e4a1d6d27839240a8178970e9\"},\"headline\":\"Moda autoral pra quem tem estilo\",\"datePublished\":\"2018-08-27T19:15:51+00:00\",\"dateModified\":\"2021-04-16T14:15:23+00:00\",\"mainEntityOfPage\":{\"@id\":\"https:\/\/mcities.com.br\/curitiba\/o-que-fazer-em-familia\/moda-autoral-curitiba\/\"},\"wordCount\":1041,\"commentCount\":0,\"publisher\":{\"@id\":\"https:\/\/mcities.com.br\/curitiba\/#organization\"},\"articleSection\":[\"Em Fam\u00edlia\"],\"inLanguage\":\"pt-BR\",\"potentialAction\":[{\"@type\":\"CommentAction\",\"name\":\"Comment\",\"target\":[\"https:\/\/mcities.com.br\/curitiba\/o-que-fazer-em-familia\/moda-autoral-curitiba\/#respond\"]}]},{\"@type\":\"WebPage\",\"@id\":\"https:\/\/mcities.com.br\/curitiba\/o-que-fazer-em-familia\/moda-autoral-curitiba\/\",\"url\":\"https:\/\/mcities.com.br\/curitiba\/o-que-fazer-em-familia\/moda-autoral-curitiba\/\",\"name\":\"Moda autoral pra quem tem estilo | MCities Curitiba\",\"isPartOf\":{\"@id\":\"https:\/\/mcities.com.br\/curitiba\/#website\"},\"datePublished\":\"2018-08-27T19:15:51+00:00\",\"dateModified\":\"2021-04-16T14:15:23+00:00\",\"description\":\"Conhe\u00e7a lugares em Curitiba que te ajudam a tirar do papel a sua ideia.\",\"breadcrumb\":{\"@id\":\"https:\/\/mcities.com.br\/curitiba\/o-que-fazer-em-familia\/moda-autoral-curitiba\/#breadcrumb\"},\"inLanguage\":\"pt-BR\",\"potentialAction\":[{\"@type\":\"ReadAction\",\"target\":[\"https:\/\/mcities.com.br\/curitiba\/o-que-fazer-em-familia\/moda-autoral-curitiba\/\"]}]},{\"@type\":\"BreadcrumbList\",\"@id\":\"https:\/\/mcities.com.br\/curitiba\/o-que-fazer-em-familia\/moda-autoral-curitiba\/#breadcrumb\",\"itemListElement\":[{\"@type\":\"ListItem\",\"position\":1,\"name\":\"Home\",\"item\":\"https:\/\/mcities.com.br\/curitiba\/\"},{\"@type\":\"ListItem\",\"position\":2,\"name\":\"Moda autoral pra quem tem estilo\"}]},{\"@type\":\"WebSite\",\"@id\":\"https:\/\/mcities.com.br\/curitiba\/#website\",\"url\":\"https:\/\/mcities.com.br\/curitiba\/\",\"name\":\"MCities Curitiba\",\"description\":\"MCities \u00e9 um sistema que tem a disposic\u0327a\u0303o de dinamizar a integrac\u0327a\u0303o entre pessoas e cidades. Somos um sistema que oferece conte\u00fados de experi\u00eancias divertidas para voc\u00ea curtir e viver momentos incr\u00edveis, seja em casa ou nas ruas da cidade.\",\"publisher\":{\"@id\":\"https:\/\/mcities.com.br\/curitiba\/#organization\"},\"potentialAction\":[{\"@type\":\"SearchAction\",\"target\":{\"@type\":\"EntryPoint\",\"urlTemplate\":\"https:\/\/mcities.com.br\/curitiba\/?s={search_term_string}\"},\"query-input\":\"required name=search_term_string\"}],\"inLanguage\":\"pt-BR\"},{\"@type\":\"Organization\",\"@id\":\"https:\/\/mcities.com.br\/curitiba\/#organization\",\"name\":\"MCities\",\"url\":\"https:\/\/mcities.com.br\/curitiba\/\",\"logo\":{\"@type\":\"ImageObject\",\"inLanguage\":\"pt-BR\",\"@id\":\"https:\/\/mcities.com.br\/curitiba\/#\/schema\/logo\/image\/\",\"url\":\"https:\/\/mcities.com.br\/curitiba\/wp-content\/uploads\/sites\/3\/2017\/03\/mcities-color.png\",\"contentUrl\":\"https:\/\/mcities.com.br\/curitiba\/wp-content\/uploads\/sites\/3\/2017\/03\/mcities-color.png\",\"width\":248,\"height\":57,\"caption\":\"MCities\"},\"image\":{\"@id\":\"https:\/\/mcities.com.br\/curitiba\/#\/schema\/logo\/image\/\"}},{\"@type\":\"Person\",\"@id\":\"https:\/\/mcities.com.br\/curitiba\/#\/schema\/person\/6ac15b1e4a1d6d27839240a8178970e9\",\"name\":\"Conteudo Cwb\",\"image\":{\"@type\":\"ImageObject\",\"inLanguage\":\"pt-BR\",\"@id\":\"https:\/\/mcities.com.br\/curitiba\/#\/schema\/person\/image\/\",\"url\":\"https:\/\/secure.gravatar.com\/avatar\/810323ba12b7a5cfdc385403d222624d?s=96&d=mm&r=g\",\"contentUrl\":\"https:\/\/secure.gravatar.com\/avatar\/810323ba12b7a5cfdc385403d222624d?s=96&d=mm&r=g\",\"caption\":\"Conteudo Cwb\"}}]}<\/script>\n<!-- \/ Yoast SEO plugin. -->","yoast_head_json":{"title":"Moda autoral pra quem tem estilo | MCities Curitiba","description":"Conhe\u00e7a lugares em Curitiba que te ajudam a tirar do papel a sua ideia.","robots":{"index":"index","follow":"follow","max-snippet":"max-snippet:-1","max-image-preview":"max-image-preview:large","max-video-preview":"max-video-preview:-1"},"canonical":"https:\/\/mcities.com.br\/curitiba\/o-que-fazer-em-familia\/moda-autoral-curitiba\/","og_locale":"pt_BR","og_type":"article","og_title":"Moda autoral pra quem tem estilo | MCities Curitiba","og_description":"Conhe\u00e7a lugares em Curitiba que te ajudam a tirar do papel a sua ideia.","og_url":"https:\/\/mcities.com.br\/curitiba\/o-que-fazer-em-familia\/moda-autoral-curitiba\/","og_site_name":"MCities Curitiba","article_published_time":"2018-08-27T19:15:51+00:00","article_modified_time":"2021-04-16T14:15:23+00:00","og_image":[{"width":"1080","height":"819","url":"https:\/\/mcities.com.br\/curitiba\/wp-content\/uploads\/sites\/3\/2018\/05\/Centro-Europeu.jpg","type":"image\/jpeg"}],"author":"Conteudo Cwb","twitter_card":"summary_large_image","twitter_misc":{"Written by":"Conteudo Cwb","Est. reading time":"5 minutos"},"schema":{"@context":"https:\/\/schema.org","@graph":[{"@type":"Article","@id":"https:\/\/mcities.com.br\/curitiba\/o-que-fazer-em-familia\/moda-autoral-curitiba\/#article","isPartOf":{"@id":"https:\/\/mcities.com.br\/curitiba\/o-que-fazer-em-familia\/moda-autoral-curitiba\/"},"author":{"name":"Conteudo Cwb","@id":"https:\/\/mcities.com.br\/curitiba\/#\/schema\/person\/6ac15b1e4a1d6d27839240a8178970e9"},"headline":"Moda autoral pra quem tem estilo","datePublished":"2018-08-27T19:15:51+00:00","dateModified":"2021-04-16T14:15:23+00:00","mainEntityOfPage":{"@id":"https:\/\/mcities.com.br\/curitiba\/o-que-fazer-em-familia\/moda-autoral-curitiba\/"},"wordCount":1041,"commentCount":0,"publisher":{"@id":"https:\/\/mcities.com.br\/curitiba\/#organization"},"articleSection":["Em Fam\u00edlia"],"inLanguage":"pt-BR","potentialAction":[{"@type":"CommentAction","name":"Comment","target":["https:\/\/mcities.com.br\/curitiba\/o-que-fazer-em-familia\/moda-autoral-curitiba\/#respond"]}]},{"@type":"WebPage","@id":"https:\/\/mcities.com.br\/curitiba\/o-que-fazer-em-familia\/moda-autoral-curitiba\/","url":"https:\/\/mcities.com.br\/curitiba\/o-que-fazer-em-familia\/moda-autoral-curitiba\/","name":"Moda autoral pra quem tem estilo | MCities Curitiba","isPartOf":{"@id":"https:\/\/mcities.com.br\/curitiba\/#website"},"datePublished":"2018-08-27T19:15:51+00:00","dateModified":"2021-04-16T14:15:23+00:00","description":"Conhe\u00e7a lugares em Curitiba que te ajudam a tirar do papel a sua ideia.","breadcrumb":{"@id":"https:\/\/mcities.com.br\/curitiba\/o-que-fazer-em-familia\/moda-autoral-curitiba\/#breadcrumb"},"inLanguage":"pt-BR","potentialAction":[{"@type":"ReadAction","target":["https:\/\/mcities.com.br\/curitiba\/o-que-fazer-em-familia\/moda-autoral-curitiba\/"]}]},{"@type":"BreadcrumbList","@id":"https:\/\/mcities.com.br\/curitiba\/o-que-fazer-em-familia\/moda-autoral-curitiba\/#breadcrumb","itemListElement":[{"@type":"ListItem","position":1,"name":"Home","item":"https:\/\/mcities.com.br\/curitiba\/"},{"@type":"ListItem","position":2,"name":"Moda autoral pra quem tem estilo"}]},{"@type":"WebSite","@id":"https:\/\/mcities.com.br\/curitiba\/#website","url":"https:\/\/mcities.com.br\/curitiba\/","name":"MCities Curitiba","description":"MCities \u00e9 um sistema que tem a disposic\u0327a\u0303o de dinamizar a integrac\u0327a\u0303o entre pessoas e cidades. Somos um sistema que oferece conte\u00fados de experi\u00eancias divertidas para voc\u00ea curtir e viver momentos incr\u00edveis, seja em casa ou nas ruas da cidade.","publisher":{"@id":"https:\/\/mcities.com.br\/curitiba\/#organization"},"potentialAction":[{"@type":"SearchAction","target":{"@type":"EntryPoint","urlTemplate":"https:\/\/mcities.com.br\/curitiba\/?s={search_term_string}"},"query-input":"required name=search_term_string"}],"inLanguage":"pt-BR"},{"@type":"Organization","@id":"https:\/\/mcities.com.br\/curitiba\/#organization","name":"MCities","url":"https:\/\/mcities.com.br\/curitiba\/","logo":{"@type":"ImageObject","inLanguage":"pt-BR","@id":"https:\/\/mcities.com.br\/curitiba\/#\/schema\/logo\/image\/","url":"https:\/\/mcities.com.br\/curitiba\/wp-content\/uploads\/sites\/3\/2017\/03\/mcities-color.png","contentUrl":"https:\/\/mcities.com.br\/curitiba\/wp-content\/uploads\/sites\/3\/2017\/03\/mcities-color.png","width":248,"height":57,"caption":"MCities"},"image":{"@id":"https:\/\/mcities.com.br\/curitiba\/#\/schema\/logo\/image\/"}},{"@type":"Person","@id":"https:\/\/mcities.com.br\/curitiba\/#\/schema\/person\/6ac15b1e4a1d6d27839240a8178970e9","name":"Conteudo Cwb","image":{"@type":"ImageObject","inLanguage":"pt-BR","@id":"https:\/\/mcities.com.br\/curitiba\/#\/schema\/person\/image\/","url":"https:\/\/secure.gravatar.com\/avatar\/810323ba12b7a5cfdc385403d222624d?s=96&d=mm&r=g","contentUrl":"https:\/\/secure.gravatar.com\/avatar\/810323ba12b7a5cfdc385403d222624d?s=96&d=mm&r=g","caption":"Conteudo Cwb"}}]}},"_links":{"self":[{"href":"https:\/\/mcities.com.br\/curitiba\/wp-json\/wp\/v2\/posts\/4534"}],"collection":[{"href":"https:\/\/mcities.com.br\/curitiba\/wp-json\/wp\/v2\/posts"}],"about":[{"href":"https:\/\/mcities.com.br\/curitiba\/wp-json\/wp\/v2\/types\/post"}],"author":[{"embeddable":true,"href":"https:\/\/mcities.com.br\/curitiba\/wp-json\/wp\/v2\/users\/45"}],"replies":[{"embeddable":true,"href":"https:\/\/mcities.com.br\/curitiba\/wp-json\/wp\/v2\/comments?post=4534"}],"version-history":[{"count":12,"href":"https:\/\/mcities.com.br\/curitiba\/wp-json\/wp\/v2\/posts\/4534\/revisions"}],"predecessor-version":[{"id":6403,"href":"https:\/\/mcities.com.br\/curitiba\/wp-json\/wp\/v2\/posts\/4534\/revisions\/6403"}],"wp:featuredmedia":[{"embeddable":true,"href":"https:\/\/mcities.com.br\/curitiba\/wp-json\/wp\/v2\/media\/4540"}],"wp:attachment":[{"href":"https:\/\/mcities.com.br\/curitiba\/wp-json\/wp\/v2\/media?parent=4534"}],"wp:term":[{"taxonomy":"category","embeddable":true,"href":"https:\/\/mcities.com.br\/curitiba\/wp-json\/wp\/v2\/categories?post=4534"},{"taxonomy":"post_tag","embeddable":true,"href":"https:\/\/mcities.com.br\/curitiba\/wp-json\/wp\/v2\/tags?post=4534"}],"curies":[{"name":"wp","href":"https:\/\/api.w.org\/{rel}","templated":true}]}}