{"id":4518,"date":"2020-04-10T00:00:30","date_gmt":"2020-04-10T03:00:30","guid":{"rendered":"https:\/\/mcities.com.br\/curitiba\/?p=4518"},"modified":"2021-04-16T18:05:10","modified_gmt":"2021-04-16T21:05:10","slug":"onde-almocar-no-dia-das-maes","status":"publish","type":"post","link":"https:\/\/mcities.com.br\/curitiba\/sabor-curitiba\/onde-almocar-no-dia-das-maes\/","title":{"rendered":"Onde almo\u00e7ar no Dia das M\u00e3es ?"},"content":{"rendered":"<h2>Selecionamos algumas op\u00e7\u00f5es de restaurantes em Curitiba, para tornar a data ainda mais importante neste dia das M\u00e3es.<\/h2>\n<p>Confira e fa\u00e7a j\u00e1 a reserva!<\/p>\n<h3>Bom de vista e de pre\u00e7o<\/h3>\n<p>Procurando um restaurante que tenha comidinha caseira, vista maravilhosa e pre\u00e7o bom? Opa! Descobrimos um lugar que tem essa pegada. O Bistr\u00f4 Lago Azul \u00e9 um ref\u00fagio no meio da cidade. Al\u00e9m de receitas deliciosas, a vista do lugar \u00e9 sensacional, com um <em>deck<\/em>\u00a0para o lago at\u00e9 parece que voc\u00ea est\u00e1 no campo.<\/p>\n<p>\u00c0 la carte ou no buffet livre, o lugar n\u00e3o tem erro. O prato chefe da casa \u00e9 o Alcatr\u00e3o do Sandro. Delicioso peda\u00e7o de alcatra, acompanhado de maionese, arroz branco, salada mista e batata frita. Simples e gostoso. Serve at\u00e9 4 pessoas e custa R$82. A dica \u00e9 pedir para o pr\u00f3prio Sandro servir o prato. Al\u00e9m do criador, ele \u00e9 uma simpatia.<\/p>\n<p>O buffet tem variedades com a op\u00e7\u00e3o de carne assada ou grelhada ou peixe. Tudo isso por R$25 por pessoa. N\u00e3o tem como n\u00e3o deixar sua m\u00e3e feliz!<\/p>\n<p><strong>Dica MCities:<\/strong> Fa\u00e7a a reserva antecipadamente. Ela n\u00e3o \u00e9 obrigat\u00f3ria, mas o lugar \u00e9 pequeno, e sem reserva, \u00e9 bem prov\u00e1vel que voc\u00ea tenha que enfrentar a fila de espera.<\/p>\n<div id=\"attachment_4520\" style=\"width: 810px\" class=\"wp-caption alignnone\"><img fetchpriority=\"high\" decoding=\"async\" aria-describedby=\"caption-attachment-4520\" class=\"wp-image-4520 size-full\" src=\"https:\/\/mcities.com.br\/curitiba\/wp-content\/uploads\/sites\/3\/2018\/05\/bistro-lagoa-azul.jpg\" alt=\"Comida gostosa, pre\u00e7o justo e vista de tirar o f\u00f4lego. Foto: Facebook.\" width=\"800\" height=\"533\" srcset=\"https:\/\/mcities.com.br\/curitiba\/wp-content\/uploads\/sites\/3\/2018\/05\/bistro-lagoa-azul.jpg 800w, https:\/\/mcities.com.br\/curitiba\/wp-content\/uploads\/sites\/3\/2018\/05\/bistro-lagoa-azul-300x200.jpg 300w, https:\/\/mcities.com.br\/curitiba\/wp-content\/uploads\/sites\/3\/2018\/05\/bistro-lagoa-azul-768x512.jpg 768w, https:\/\/mcities.com.br\/curitiba\/wp-content\/uploads\/sites\/3\/2018\/05\/bistro-lagoa-azul-600x400.jpg 600w\" sizes=\"(max-width: 800px) 100vw, 800px\" \/><p id=\"caption-attachment-4520\" class=\"wp-caption-text\">Comida gostosa, pre\u00e7o justo e vista de tirar o f\u00f4lego. Foto: Facebook.<\/p><\/div>\n<p><em>Endere\u00e7o: Rua Colombo Merlin, 831 \u2013 Umbar\u00e1 | Telefone: (41) 3348-6233 |\u00a0<a href=\"https:\/\/www.facebook.com\/restaurantebistrolagoazul\/\" target=\"_blank\" rel=\"noopener\">Lago Azul\u00a0<\/a><\/em><\/p>\n<h3>Almo\u00e7o Mediterr\u00e2neo<\/h3>\n<p>Procura variedade no menu do dia das m\u00e3es? Ent\u00e3o o Restaurante Mediterr\u00e2neo no Park shopping Barigui n\u00e3o vai decepcionar as expectativas! Sua culin\u00e1ria envolve os tr\u00eas continentes: Europa, \u00c1sia e \u00c1frica.<\/p>\n<p>O restaurante oferece um buffet por R$ 68 por pessoa, que comp\u00f5em variedades de massas, risotos, carnes e peixes. N\u00e3o deixe de provar o\u00a0bob\u00f3 de camar\u00e3o e o escondidinho s\u00e3o deliciosos!<\/p>\n<p>Neste dia especial para acompanhar o almo\u00e7o, o restaurante servir\u00e1 um brunch, \u00e9 uma \u00f3tima sugest\u00e3o para quem acordou um pouco mais tarde e deseja comer um lanche.\u00a0 E n\u00e3o deixe de saborear\u00a0as sobremesas como bolos, tortas e pudins.<\/p>\n<p>De quebra, voc\u00ea ainda pode aproveitar para passear no shopping e escolher mais um mimo para mam\u00e3e! Sempre bom fazer a reserva com anteced\u00eancia, pois o local \u00e9 bem procurado.<\/p>\n<div id=\"attachment_4521\" style=\"width: 693px\" class=\"wp-caption alignnone\"><img decoding=\"async\" aria-describedby=\"caption-attachment-4521\" class=\"wp-image-4521 size-large\" src=\"https:\/\/mcities.com.br\/curitiba\/wp-content\/uploads\/sites\/3\/2018\/05\/mediterraneio-Barigui-683x1024.jpg\" alt=\"Tr\u00eas em um: gastronomia da Europa, \u00c1sia e \u00c1frica no Mediterr\u00e2neo. Foto: Facebook.\" width=\"683\" height=\"1024\" srcset=\"https:\/\/mcities.com.br\/curitiba\/wp-content\/uploads\/sites\/3\/2018\/05\/mediterraneio-Barigui-683x1024.jpg 683w, https:\/\/mcities.com.br\/curitiba\/wp-content\/uploads\/sites\/3\/2018\/05\/mediterraneio-Barigui-200x300.jpg 200w, https:\/\/mcities.com.br\/curitiba\/wp-content\/uploads\/sites\/3\/2018\/05\/mediterraneio-Barigui.jpg 687w\" sizes=\"(max-width: 683px) 100vw, 683px\" \/><p id=\"caption-attachment-4521\" class=\"wp-caption-text\">Tr\u00eas em um: gastronomia da Europa, \u00c1sia e \u00c1frica no Mediterr\u00e2neo. Foto: Facebook.<\/p><\/div>\n<p><em>Endere\u00e7o: Avenida Pedro Viriato Parigot de Souza, 600\u00a0 | Telefone: (41) 3317-6980 | <a href=\"http:\/\/www.mediterraneo.net.br\" target=\"_blank\" rel=\"noopener\">Site do Mediterr\u00e2neo\u00a0<\/a><\/em><\/p>\n<h3>O quilinho que cabe no seu bolso<\/h3>\n<p>O famoso quilinho ou buffet por quilo j\u00e1 faz parte do dia a dia de muitas fam\u00edlias. O Canto do Monge destaca pela comida caprichada, variada e pre\u00e7o atrativo. Uma \u00f3tima op\u00e7\u00e3o para o almo\u00e7o do dia das m\u00e3es.<\/p>\n<p>O Buffet tem grande variedade de saladas, diferentes tipos de carnes, massas e agrada a todos os gostos. O quilo sai por R$59,90 aos domingos e de quebra ainda tem uma mesa de doces!<\/p>\n<p><strong>Dica MCities:<\/strong> Escolha uma das cervejas artesanais para acompanhar seu almo\u00e7o! Elas s\u00e3o t\u00e3o especiais que at\u00e9 o r\u00f3tulo \u00e9 personalizado.<\/p>\n<p>O Cantinho do Monge est\u00e1 aceitando reservas para este dia. Aproveita e j\u00e1 reserva a mesa, para n\u00e3o ficar na fila de espera.<\/p>\n<div id=\"attachment_4524\" style=\"width: 836px\" class=\"wp-caption alignnone\"><img decoding=\"async\" aria-describedby=\"caption-attachment-4524\" class=\"wp-image-4524 size-full\" src=\"https:\/\/mcities.com.br\/curitiba\/wp-content\/uploads\/sites\/3\/2018\/05\/buffet-canto-do-monge.jpg\" alt=\" Canto do Monge. Foto: Facebook.\" width=\"826\" height=\"464\" srcset=\"https:\/\/mcities.com.br\/curitiba\/wp-content\/uploads\/sites\/3\/2018\/05\/buffet-canto-do-monge.jpg 826w, https:\/\/mcities.com.br\/curitiba\/wp-content\/uploads\/sites\/3\/2018\/05\/buffet-canto-do-monge-300x169.jpg 300w, https:\/\/mcities.com.br\/curitiba\/wp-content\/uploads\/sites\/3\/2018\/05\/buffet-canto-do-monge-768x431.jpg 768w\" sizes=\"(max-width: 826px) 100vw, 826px\" \/><p id=\"caption-attachment-4524\" class=\"wp-caption-text\">Canto do Monge. Foto: Facebook.<\/p><\/div>\n<p><em>Endere\u00e7o: Rua Professor \u00c1lvaro Jorge, 62 \u2013 \u00c1gua Verde | Telefone: (41) 3319 1393 | <a href=\"https:\/\/www.facebook.com\/cantodomonge\/\" target=\"_blank\" rel=\"noopener\">Facebook Canto do Monge\u00a0<\/a><\/em><\/p>\n<h3>Almo\u00e7o nas nuvens!<\/h3>\n<p>Com uma vista de perder o f\u00f4lego, o Terrazza 40 \u00e9\u00a0o \u00fanico restaurante na cobertura de um edif\u00edcio em Curitiba, um ponto tur\u00edstico para a cidade, e uma \u00f3tima pedida para o almo\u00e7o com uma vista para toda cidade, um encanto.<\/p>\n<p>O menu \u00e9 sempre uma perdi\u00e7\u00e3o. Tem para todos os gostos. O Funghi Ripiene \u2013 cogumelos paris frescos e gra\u00fados recheados com uma pasta de queijos variados, gratinados no forno com bacon e p\u00e1prica picante e servido com fettuccine artesanal ao molho de creme de leite fresco com cebola e bacon \u2013 custa R$64,80 e vale cada centavo. Sua m\u00e3e jamais vai esquecer esse momento!<\/p>\n<p>O card\u00e1pio do Terraza ainda tem a parte de carnes vermelhas com cortes uruguaios, experimentem o bife de chorizo, carne super macia e um sabor inigual\u00e1vel. Outra pedida \u00e9 o Tortellis di Queso Provolone, Papas Montevideo e Farofa de Morretes. Uma del\u00edcia!<\/p>\n<p><strong>Dica MCities:<\/strong> Como \u00e9 Dia das M\u00e3es e agradar nunca \u00e9 demais, entre no site e solicite o servi\u00e7o de Concierge do Terrazza 40. Voc\u00ea pode comprar uma flor, que ser\u00e1 entregue para a sua m\u00e3e, durante o almo\u00e7o. Se preferir, tamb\u00e9m pode solicitar m\u00fasica. Uma \u00f3tima surpresa para mam\u00e3e!<\/p>\n<div id=\"attachment_4701\" style=\"width: 970px\" class=\"wp-caption aligncenter\"><img loading=\"lazy\" decoding=\"async\" aria-describedby=\"caption-attachment-4701\" class=\"wp-image-4701 size-full\" src=\"https:\/\/mcities.com.br\/curitiba\/wp-content\/uploads\/sites\/3\/2018\/05\/terrazza-2.jpg\" alt=\"Tortellis di Queso Provolone\" width=\"960\" height=\"638\" srcset=\"https:\/\/mcities.com.br\/curitiba\/wp-content\/uploads\/sites\/3\/2018\/05\/terrazza-2.jpg 960w, https:\/\/mcities.com.br\/curitiba\/wp-content\/uploads\/sites\/3\/2018\/05\/terrazza-2-300x199.jpg 300w, https:\/\/mcities.com.br\/curitiba\/wp-content\/uploads\/sites\/3\/2018\/05\/terrazza-2-768x510.jpg 768w, https:\/\/mcities.com.br\/curitiba\/wp-content\/uploads\/sites\/3\/2018\/05\/terrazza-2-600x400.jpg 600w\" sizes=\"(max-width: 960px) 100vw, 960px\" \/><p id=\"caption-attachment-4701\" class=\"wp-caption-text\">Tortellis di Queso Provolone<\/p><\/div>\n<p><em>Endere\u00e7o: Rua Padre Anchieta, 1287 (Cobertura) \u2013 Bigorrilho| aberto no almo\u00e7o e jantar| Telefone: (41) 3014- 0141| <a href=\"http:\/\/www.terraza40.com\" target=\"_blank\" rel=\"noopener\">Site do Terraza <\/a><\/em><\/p>\n<p>Gostou das dicas? Agora \u00e9 s\u00f3 ver qual menu combina mais com a sua m\u00e3e e se programar. Fique de olho tamb\u00e9m em <a href=\"https:\/\/mcities.com.br\/curitiba\/em-familia\/todo-dia-e-dia-d\u2026azer-com-sua-mae\/\" target=\"_blank\" rel=\"noopener\">alguns roteiros para fazer com a sua m\u00e3e<\/a>. Um dia especial como esse, merece!<\/p>\n","protected":false},"excerpt":{"rendered":"<p>Selecionamos algumas op\u00e7\u00f5es de restaurantes em Curitiba, para tornar a data ainda mais importante neste dia das M\u00e3es. Confira e fa\u00e7a j\u00e1 a reserva! Bom de vista e de pre\u00e7o Procurando um restaurante que tenha comidinha caseira, vista maravilhosa e pre\u00e7o bom? Opa! Descobrimos um lugar que tem essa pegada. O Bistr\u00f4 Lago Azul \u00e9 [&hellip;]<\/p>\n","protected":false},"author":45,"featured_media":4701,"comment_status":"open","ping_status":"open","sticky":false,"template":"","format":"standard","meta":{"footnotes":""},"categories":[12],"tags":[],"yoast_head":"<!-- This site is optimized with the Yoast SEO plugin v21.9.1 - https:\/\/yoast.com\/wordpress\/plugins\/seo\/ -->\n<title>Onde almo\u00e7ar no Dia das M\u00e3es ? | MCities Curitiba<\/title>\n<meta name=\"description\" content=\"Um almo\u00e7o de Dia das M\u00e3es n\u00e3o \u00e9 s\u00f3 um almo\u00e7o. Merece ter prato especial, lugar escolhido \u00e0 dedo e tudo pensado para agradar as donas deste dia.\" \/>\n<meta name=\"robots\" content=\"index, follow, max-snippet:-1, max-image-preview:large, max-video-preview:-1\" \/>\n<link rel=\"canonical\" href=\"https:\/\/mcities.com.br\/curitiba\/sabor-curitiba\/onde-almocar-no-dia-das-maes\/\" \/>\n<meta property=\"og:locale\" content=\"pt_BR\" \/>\n<meta property=\"og:type\" content=\"article\" \/>\n<meta property=\"og:title\" content=\"Onde almo\u00e7ar no Dia das M\u00e3es ? | MCities Curitiba\" \/>\n<meta property=\"og:description\" content=\"Um almo\u00e7o de Dia das M\u00e3es n\u00e3o \u00e9 s\u00f3 um almo\u00e7o. Merece ter prato especial, lugar escolhido \u00e0 dedo e tudo pensado para agradar as donas deste dia.\" \/>\n<meta property=\"og:url\" content=\"https:\/\/mcities.com.br\/curitiba\/sabor-curitiba\/onde-almocar-no-dia-das-maes\/\" \/>\n<meta property=\"og:site_name\" content=\"MCities Curitiba\" \/>\n<meta property=\"article:published_time\" content=\"2020-04-10T03:00:30+00:00\" \/>\n<meta property=\"article:modified_time\" content=\"2021-04-16T21:05:10+00:00\" \/>\n<meta property=\"og:image\" content=\"https:\/\/mcities.com.br\/curitiba\/wp-content\/uploads\/sites\/3\/2018\/05\/terrazza-2.jpg\" \/>\n\t<meta property=\"og:image:width\" content=\"960\" \/>\n\t<meta property=\"og:image:height\" content=\"638\" \/>\n\t<meta property=\"og:image:type\" content=\"image\/jpeg\" \/>\n<meta name=\"author\" content=\"Conteudo Cwb\" \/>\n<meta name=\"twitter:card\" content=\"summary_large_image\" \/>\n<meta name=\"twitter:label1\" content=\"Written by\" \/>\n\t<meta name=\"twitter:data1\" content=\"Conteudo Cwb\" \/>\n\t<meta name=\"twitter:label2\" content=\"Est. reading time\" \/>\n\t<meta name=\"twitter:data2\" content=\"5 minutos\" \/>\n<script type=\"application\/ld+json\" class=\"yoast-schema-graph\">{\"@context\":\"https:\/\/schema.org\",\"@graph\":[{\"@type\":\"Article\",\"@id\":\"https:\/\/mcities.com.br\/curitiba\/sabor-curitiba\/onde-almocar-no-dia-das-maes\/#article\",\"isPartOf\":{\"@id\":\"https:\/\/mcities.com.br\/curitiba\/sabor-curitiba\/onde-almocar-no-dia-das-maes\/\"},\"author\":{\"name\":\"Conteudo Cwb\",\"@id\":\"https:\/\/mcities.com.br\/curitiba\/#\/schema\/person\/6ac15b1e4a1d6d27839240a8178970e9\"},\"headline\":\"Onde almo\u00e7ar no Dia das M\u00e3es ?\",\"datePublished\":\"2020-04-10T03:00:30+00:00\",\"dateModified\":\"2021-04-16T21:05:10+00:00\",\"mainEntityOfPage\":{\"@id\":\"https:\/\/mcities.com.br\/curitiba\/sabor-curitiba\/onde-almocar-no-dia-das-maes\/\"},\"wordCount\":878,\"commentCount\":0,\"publisher\":{\"@id\":\"https:\/\/mcities.com.br\/curitiba\/#organization\"},\"articleSection\":[\"Sabor Curitiba\"],\"inLanguage\":\"pt-BR\",\"potentialAction\":[{\"@type\":\"CommentAction\",\"name\":\"Comment\",\"target\":[\"https:\/\/mcities.com.br\/curitiba\/sabor-curitiba\/onde-almocar-no-dia-das-maes\/#respond\"]}]},{\"@type\":\"WebPage\",\"@id\":\"https:\/\/mcities.com.br\/curitiba\/sabor-curitiba\/onde-almocar-no-dia-das-maes\/\",\"url\":\"https:\/\/mcities.com.br\/curitiba\/sabor-curitiba\/onde-almocar-no-dia-das-maes\/\",\"name\":\"Onde almo\u00e7ar no Dia das M\u00e3es ? | MCities Curitiba\",\"isPartOf\":{\"@id\":\"https:\/\/mcities.com.br\/curitiba\/#website\"},\"datePublished\":\"2020-04-10T03:00:30+00:00\",\"dateModified\":\"2021-04-16T21:05:10+00:00\",\"description\":\"Um almo\u00e7o de Dia das M\u00e3es n\u00e3o \u00e9 s\u00f3 um almo\u00e7o. Merece ter prato especial, lugar escolhido \u00e0 dedo e tudo pensado para agradar as donas deste dia.\",\"breadcrumb\":{\"@id\":\"https:\/\/mcities.com.br\/curitiba\/sabor-curitiba\/onde-almocar-no-dia-das-maes\/#breadcrumb\"},\"inLanguage\":\"pt-BR\",\"potentialAction\":[{\"@type\":\"ReadAction\",\"target\":[\"https:\/\/mcities.com.br\/curitiba\/sabor-curitiba\/onde-almocar-no-dia-das-maes\/\"]}]},{\"@type\":\"BreadcrumbList\",\"@id\":\"https:\/\/mcities.com.br\/curitiba\/sabor-curitiba\/onde-almocar-no-dia-das-maes\/#breadcrumb\",\"itemListElement\":[{\"@type\":\"ListItem\",\"position\":1,\"name\":\"Home\",\"item\":\"https:\/\/mcities.com.br\/curitiba\/\"},{\"@type\":\"ListItem\",\"position\":2,\"name\":\"Onde almo\u00e7ar no Dia das M\u00e3es ?\"}]},{\"@type\":\"WebSite\",\"@id\":\"https:\/\/mcities.com.br\/curitiba\/#website\",\"url\":\"https:\/\/mcities.com.br\/curitiba\/\",\"name\":\"MCities Curitiba\",\"description\":\"MCities \u00e9 um sistema que tem a disposic\u0327a\u0303o de dinamizar a integrac\u0327a\u0303o entre pessoas e cidades. Somos um sistema que oferece conte\u00fados de experi\u00eancias divertidas para voc\u00ea curtir e viver momentos incr\u00edveis, seja em casa ou nas ruas da cidade.\",\"publisher\":{\"@id\":\"https:\/\/mcities.com.br\/curitiba\/#organization\"},\"potentialAction\":[{\"@type\":\"SearchAction\",\"target\":{\"@type\":\"EntryPoint\",\"urlTemplate\":\"https:\/\/mcities.com.br\/curitiba\/?s={search_term_string}\"},\"query-input\":\"required name=search_term_string\"}],\"inLanguage\":\"pt-BR\"},{\"@type\":\"Organization\",\"@id\":\"https:\/\/mcities.com.br\/curitiba\/#organization\",\"name\":\"MCities\",\"url\":\"https:\/\/mcities.com.br\/curitiba\/\",\"logo\":{\"@type\":\"ImageObject\",\"inLanguage\":\"pt-BR\",\"@id\":\"https:\/\/mcities.com.br\/curitiba\/#\/schema\/logo\/image\/\",\"url\":\"https:\/\/mcities.com.br\/curitiba\/wp-content\/uploads\/sites\/3\/2017\/03\/mcities-color.png\",\"contentUrl\":\"https:\/\/mcities.com.br\/curitiba\/wp-content\/uploads\/sites\/3\/2017\/03\/mcities-color.png\",\"width\":248,\"height\":57,\"caption\":\"MCities\"},\"image\":{\"@id\":\"https:\/\/mcities.com.br\/curitiba\/#\/schema\/logo\/image\/\"}},{\"@type\":\"Person\",\"@id\":\"https:\/\/mcities.com.br\/curitiba\/#\/schema\/person\/6ac15b1e4a1d6d27839240a8178970e9\",\"name\":\"Conteudo Cwb\",\"image\":{\"@type\":\"ImageObject\",\"inLanguage\":\"pt-BR\",\"@id\":\"https:\/\/mcities.com.br\/curitiba\/#\/schema\/person\/image\/\",\"url\":\"https:\/\/secure.gravatar.com\/avatar\/810323ba12b7a5cfdc385403d222624d?s=96&d=mm&r=g\",\"contentUrl\":\"https:\/\/secure.gravatar.com\/avatar\/810323ba12b7a5cfdc385403d222624d?s=96&d=mm&r=g\",\"caption\":\"Conteudo Cwb\"}}]}<\/script>\n<!-- \/ Yoast SEO plugin. -->","yoast_head_json":{"title":"Onde almo\u00e7ar no Dia das M\u00e3es ? | MCities Curitiba","description":"Um almo\u00e7o de Dia das M\u00e3es n\u00e3o \u00e9 s\u00f3 um almo\u00e7o. Merece ter prato especial, lugar escolhido \u00e0 dedo e tudo pensado para agradar as donas deste dia.","robots":{"index":"index","follow":"follow","max-snippet":"max-snippet:-1","max-image-preview":"max-image-preview:large","max-video-preview":"max-video-preview:-1"},"canonical":"https:\/\/mcities.com.br\/curitiba\/sabor-curitiba\/onde-almocar-no-dia-das-maes\/","og_locale":"pt_BR","og_type":"article","og_title":"Onde almo\u00e7ar no Dia das M\u00e3es ? | MCities Curitiba","og_description":"Um almo\u00e7o de Dia das M\u00e3es n\u00e3o \u00e9 s\u00f3 um almo\u00e7o. Merece ter prato especial, lugar escolhido \u00e0 dedo e tudo pensado para agradar as donas deste dia.","og_url":"https:\/\/mcities.com.br\/curitiba\/sabor-curitiba\/onde-almocar-no-dia-das-maes\/","og_site_name":"MCities Curitiba","article_published_time":"2020-04-10T03:00:30+00:00","article_modified_time":"2021-04-16T21:05:10+00:00","og_image":[{"width":"960","height":"638","url":"https:\/\/mcities.com.br\/curitiba\/wp-content\/uploads\/sites\/3\/2018\/05\/terrazza-2.jpg","type":"image\/jpeg"}],"author":"Conteudo Cwb","twitter_card":"summary_large_image","twitter_misc":{"Written by":"Conteudo Cwb","Est. reading time":"5 minutos"},"schema":{"@context":"https:\/\/schema.org","@graph":[{"@type":"Article","@id":"https:\/\/mcities.com.br\/curitiba\/sabor-curitiba\/onde-almocar-no-dia-das-maes\/#article","isPartOf":{"@id":"https:\/\/mcities.com.br\/curitiba\/sabor-curitiba\/onde-almocar-no-dia-das-maes\/"},"author":{"name":"Conteudo Cwb","@id":"https:\/\/mcities.com.br\/curitiba\/#\/schema\/person\/6ac15b1e4a1d6d27839240a8178970e9"},"headline":"Onde almo\u00e7ar no Dia das M\u00e3es ?","datePublished":"2020-04-10T03:00:30+00:00","dateModified":"2021-04-16T21:05:10+00:00","mainEntityOfPage":{"@id":"https:\/\/mcities.com.br\/curitiba\/sabor-curitiba\/onde-almocar-no-dia-das-maes\/"},"wordCount":878,"commentCount":0,"publisher":{"@id":"https:\/\/mcities.com.br\/curitiba\/#organization"},"articleSection":["Sabor Curitiba"],"inLanguage":"pt-BR","potentialAction":[{"@type":"CommentAction","name":"Comment","target":["https:\/\/mcities.com.br\/curitiba\/sabor-curitiba\/onde-almocar-no-dia-das-maes\/#respond"]}]},{"@type":"WebPage","@id":"https:\/\/mcities.com.br\/curitiba\/sabor-curitiba\/onde-almocar-no-dia-das-maes\/","url":"https:\/\/mcities.com.br\/curitiba\/sabor-curitiba\/onde-almocar-no-dia-das-maes\/","name":"Onde almo\u00e7ar no Dia das M\u00e3es ? | MCities Curitiba","isPartOf":{"@id":"https:\/\/mcities.com.br\/curitiba\/#website"},"datePublished":"2020-04-10T03:00:30+00:00","dateModified":"2021-04-16T21:05:10+00:00","description":"Um almo\u00e7o de Dia das M\u00e3es n\u00e3o \u00e9 s\u00f3 um almo\u00e7o. Merece ter prato especial, lugar escolhido \u00e0 dedo e tudo pensado para agradar as donas deste dia.","breadcrumb":{"@id":"https:\/\/mcities.com.br\/curitiba\/sabor-curitiba\/onde-almocar-no-dia-das-maes\/#breadcrumb"},"inLanguage":"pt-BR","potentialAction":[{"@type":"ReadAction","target":["https:\/\/mcities.com.br\/curitiba\/sabor-curitiba\/onde-almocar-no-dia-das-maes\/"]}]},{"@type":"BreadcrumbList","@id":"https:\/\/mcities.com.br\/curitiba\/sabor-curitiba\/onde-almocar-no-dia-das-maes\/#breadcrumb","itemListElement":[{"@type":"ListItem","position":1,"name":"Home","item":"https:\/\/mcities.com.br\/curitiba\/"},{"@type":"ListItem","position":2,"name":"Onde almo\u00e7ar no Dia das M\u00e3es ?"}]},{"@type":"WebSite","@id":"https:\/\/mcities.com.br\/curitiba\/#website","url":"https:\/\/mcities.com.br\/curitiba\/","name":"MCities Curitiba","description":"MCities \u00e9 um sistema que tem a disposic\u0327a\u0303o de dinamizar a integrac\u0327a\u0303o entre pessoas e cidades. Somos um sistema que oferece conte\u00fados de experi\u00eancias divertidas para voc\u00ea curtir e viver momentos incr\u00edveis, seja em casa ou nas ruas da cidade.","publisher":{"@id":"https:\/\/mcities.com.br\/curitiba\/#organization"},"potentialAction":[{"@type":"SearchAction","target":{"@type":"EntryPoint","urlTemplate":"https:\/\/mcities.com.br\/curitiba\/?s={search_term_string}"},"query-input":"required name=search_term_string"}],"inLanguage":"pt-BR"},{"@type":"Organization","@id":"https:\/\/mcities.com.br\/curitiba\/#organization","name":"MCities","url":"https:\/\/mcities.com.br\/curitiba\/","logo":{"@type":"ImageObject","inLanguage":"pt-BR","@id":"https:\/\/mcities.com.br\/curitiba\/#\/schema\/logo\/image\/","url":"https:\/\/mcities.com.br\/curitiba\/wp-content\/uploads\/sites\/3\/2017\/03\/mcities-color.png","contentUrl":"https:\/\/mcities.com.br\/curitiba\/wp-content\/uploads\/sites\/3\/2017\/03\/mcities-color.png","width":248,"height":57,"caption":"MCities"},"image":{"@id":"https:\/\/mcities.com.br\/curitiba\/#\/schema\/logo\/image\/"}},{"@type":"Person","@id":"https:\/\/mcities.com.br\/curitiba\/#\/schema\/person\/6ac15b1e4a1d6d27839240a8178970e9","name":"Conteudo Cwb","image":{"@type":"ImageObject","inLanguage":"pt-BR","@id":"https:\/\/mcities.com.br\/curitiba\/#\/schema\/person\/image\/","url":"https:\/\/secure.gravatar.com\/avatar\/810323ba12b7a5cfdc385403d222624d?s=96&d=mm&r=g","contentUrl":"https:\/\/secure.gravatar.com\/avatar\/810323ba12b7a5cfdc385403d222624d?s=96&d=mm&r=g","caption":"Conteudo Cwb"}}]}},"_links":{"self":[{"href":"https:\/\/mcities.com.br\/curitiba\/wp-json\/wp\/v2\/posts\/4518"}],"collection":[{"href":"https:\/\/mcities.com.br\/curitiba\/wp-json\/wp\/v2\/posts"}],"about":[{"href":"https:\/\/mcities.com.br\/curitiba\/wp-json\/wp\/v2\/types\/post"}],"author":[{"embeddable":true,"href":"https:\/\/mcities.com.br\/curitiba\/wp-json\/wp\/v2\/users\/45"}],"replies":[{"embeddable":true,"href":"https:\/\/mcities.com.br\/curitiba\/wp-json\/wp\/v2\/comments?post=4518"}],"version-history":[{"count":12,"href":"https:\/\/mcities.com.br\/curitiba\/wp-json\/wp\/v2\/posts\/4518\/revisions"}],"predecessor-version":[{"id":12090,"href":"https:\/\/mcities.com.br\/curitiba\/wp-json\/wp\/v2\/posts\/4518\/revisions\/12090"}],"wp:featuredmedia":[{"embeddable":true,"href":"https:\/\/mcities.com.br\/curitiba\/wp-json\/wp\/v2\/media\/4701"}],"wp:attachment":[{"href":"https:\/\/mcities.com.br\/curitiba\/wp-json\/wp\/v2\/media?parent=4518"}],"wp:term":[{"taxonomy":"category","embeddable":true,"href":"https:\/\/mcities.com.br\/curitiba\/wp-json\/wp\/v2\/categories?post=4518"},{"taxonomy":"post_tag","embeddable":true,"href":"https:\/\/mcities.com.br\/curitiba\/wp-json\/wp\/v2\/tags?post=4518"}],"curies":[{"name":"wp","href":"https:\/\/api.w.org\/{rel}","templated":true}]}}