{"id":35,"date":"2018-01-13T18:14:02","date_gmt":"2018-01-13T20:14:02","guid":{"rendered":"http:\/\/mcities.com.br\/curitiba\/?p=35"},"modified":"2021-04-16T20:19:51","modified_gmt":"2021-04-16T23:19:51","slug":"passeio-em-familia-curitiba","status":"publish","type":"post","link":"https:\/\/mcities.com.br\/curitiba\/o-que-fazer-em-familia\/passeio-em-familia-curitiba\/","title":{"rendered":"Para tirar a crian\u00e7ada do sof\u00e1!"},"content":{"rendered":"<h2>Fim de semana chegando e o tempo vai firmar?<\/h2>\n<p>Te damos tr\u00eas bons motivos para convencer a crian\u00e7ada a largar o videogame e p\u00f4r o p\u00e9 na rua! Anote a\u00ed:<\/p>\n<h3>Um s\u00e1bado old school: rolim\u00e3 + almo\u00e7o + \u00d3pera de Arame<\/h3>\n<p>Para come\u00e7ar o dia, que tal apresentar uma brincadeira da sua inf\u00e2ncia para os filhos? O Parque S\u00e3o Louren\u00e7o tem uma pista especialmente constru\u00edda para andar de carrinho de rolim\u00e3 \u2013 e se voc\u00ea n\u00e3o tem o carrinho, sempre tem uns guris gente fina que deixam o pessoal dar uma voltinha. Ainda no parque fica o Centro de Criatividade de Curitiba, onde as crian\u00e7as mais ligadas em arte podem desenhar, pintar, modelar e fazer trabalhos manuais. Tudo isso vai dar fome&#8230; mas ali perto, fica um restaurante italiano perfeito para a fam\u00edlia, o Mangiatto Bene.<\/p>\n<p>Al\u00e9m da comida boa, tem balan\u00e7os, um bosque, lago com peixes e tartarugas e at\u00e9 uma mina d\u2019\u00e1gua, onde voc\u00ea pode inclusive encher um garraf\u00e3o e levar para casa! A paleta de carneiro ao forno \u00e9 o carro chefe da casa, feito a base de vinho branco e a\u00e7afr\u00e3o. Para agradar o paladar da crian\u00e7ada, o card\u00e1pio tem v\u00e1rias op\u00e7\u00f5es de massas e carnes bem ao estilo cantina. E para fechar o dia com chave de ouro, vale uma passadinha na \u00d3pera de Arame (R. Jo\u00e3o Gava, 874), que fica um pouco adiante na mesma rua e rende belas fotos em fam\u00edlia.<\/p>\n<p><em>Parque S\u00e3o Louren\u00e7o &#8211; Endere\u00e7o:\u00a0R. Mateus Leme, s\/n &#8211; S\u00e3o Louren\u00e7o | Telefone: (41) 3350-9630 | <a href=\"http:\/\/www.curitiba.pr.gov.br\/conteudo\/parques-e-bosques-parque-sao-lourenco\/317\" target=\"_blank\" rel=\"noopener\">Site do Parque<\/a><\/em><\/p>\n<p><em>Mangiatto Bene &#8211; Endere\u00e7o:\u00a0Rua Jo\u00e3o Gava, 545 &#8211; S\u00e3o Louren\u00e7o | Telefone: (41) 3252-9287\u00a0| <a href=\"http:\/\/ristorantemangiattobene.com.br\/\" target=\"_blank\" rel=\"noopener\">Site do Magiatto Bene<\/a><\/em><\/p>\n<p><em>\u00d3pera de Arame &#8211; Endere\u00e7o: Rua Jo\u00e3o Gava, 874 &#8211; Abranches | Telefone: (41) 3354 4482\u00a0 | \u00a0<a href=\"http:\/\/www.turismo.curitiba.pr.gov.br\/conteudo\/opera-de-arame\/1611\" target=\"_blank\" rel=\"noopener\">Site da \u00d3pera<\/a><\/em><\/p>\n<div id=\"attachment_41\" style=\"width: 1090px\" class=\"wp-caption aligncenter\"><img fetchpriority=\"high\" decoding=\"async\" aria-describedby=\"caption-attachment-41\" class=\"size-full wp-image-41\" src=\"http:\/\/mcities.com.br\/curitiba\/wp-content\/uploads\/sites\/3\/2016\/07\/Em-Fam\u00edlia-Sao-Lourenco.jpg\" alt=\"ladeira de rolim\u00e3\" width=\"1080\" height=\"720\" srcset=\"https:\/\/mcities.com.br\/curitiba\/wp-content\/uploads\/sites\/3\/2016\/07\/Em-Fam\u00edlia-Sao-Lourenco.jpg 1080w, https:\/\/mcities.com.br\/curitiba\/wp-content\/uploads\/sites\/3\/2016\/07\/Em-Fam\u00edlia-Sao-Lourenco-300x200.jpg 300w, https:\/\/mcities.com.br\/curitiba\/wp-content\/uploads\/sites\/3\/2016\/07\/Em-Fam\u00edlia-Sao-Lourenco-768x512.jpg 768w, https:\/\/mcities.com.br\/curitiba\/wp-content\/uploads\/sites\/3\/2016\/07\/Em-Fam\u00edlia-Sao-Lourenco-1024x683.jpg 1024w, https:\/\/mcities.com.br\/curitiba\/wp-content\/uploads\/sites\/3\/2016\/07\/Em-Fam\u00edlia-Sao-Lourenco-600x400.jpg 600w\" sizes=\"(max-width: 1080px) 100vw, 1080px\" \/><p id=\"caption-attachment-41\" class=\"wp-caption-text\">Ladeira de rolim\u00e3<\/p><\/div>\n<h3>Passeio Ecogastron\u00f4mico: pastel na Graciosa + Barreado<\/h3>\n<p>Este \u00e9 um programa infal\u00edvel com a crian\u00e7ada e um \u00f3timo passeio em fam\u00edlia! Quer apostar? Junte a galera, pegue o carro e des\u00e7a a Serra pela Estrada da Graciosa at\u00e9 Morretes. Leva menos de uma hora e o caminho \u00e9 de encher os olhos \u2013 passa pelo meio de Mata Atl\u00e2ntica, entre morros e riachos, e tamb\u00e9m tem v\u00e1rios mirantes e churrasqueiras. Dependendo da \u00e9poca o caminho fica todo florido com as hort\u00eansias coloridas. N\u00e3o deixe de fazer um pit stop para comer um pastel com caldo de cana em um dos quiosques da Serra do Mar, por ali tamb\u00e9m \u00e9 um belo mirante e d\u00e1 para ver Morretes e Antonina l\u00e1 de cima!<\/p>\n<p>J\u00e1 l\u00e1 embaixo, voc\u00ea pode escolher entre comer um barreado em fam\u00edlia em Antonina (com a exuber\u00e2ncia da ba\u00eda) ou em Morretes (na beira do Rio Nhundiaquara). Se n\u00e3o quiser barreado, tamb\u00e9m a regi\u00e3o \u00e9 tradicional pelos frutos do mar. H\u00e1 muitos restaurantes que servem as duas op\u00e7\u00f5es no mesmo lugar! Em Morretes h\u00e1 os mais famosos como o Madalozo e o Casar\u00e3o, mas para quem n\u00e3o gosta de lugar cheio a nossa dica \u00e9 o Emp\u00f3rio do Largo, que fica em uma casa colonial com um grande deck na beira do Rio, adoramos!<\/p>\n<p><em>Restaurante Madalozo &#8211; Endere\u00e7o:\u00a0R. Alm. Frederico de Oliveira, 16 &#8211; Morretes\u00a0| Telefone: (41)\u00a03462-1410\u00a0|\u00a0<a href=\"http:\/\/www.madalozo.com\/\" target=\"_blank\" rel=\"noopener\">Site do Madalozo<\/a><\/em><\/p>\n<p><em>Restaurante Casar\u00e3o &#8211; Endere\u00e7o:\u00a0Largo Dr. Jos\u00e9 Pereira dos Santos, 25 &#8211; Morretes | Telefone: (41) 3462-1314 |\u00a0<a href=\"http:\/\/www.barreado.com.br\/casarao\/index.htm\" target=\"_blank\" rel=\"noopener\">Site do Casar\u00e3o<\/a><\/em><\/p>\n<p><em>Emp\u00f3rio do Largo &#8211; Endere\u00e7o:\u00a0R. Cel. R\u00f4mulo Jos\u00e9 Pereira, 152 &#8211; Morretes\u00a0| Telefone: (41) 3462-1190 \u00a0| \u00a0<a href=\"http:\/\/www.emporiodolargo.com.br\/\" target=\"_blank\" rel=\"noopener\">Site do Emp\u00f3rio<\/a><\/em><\/p>\n<p>Em Antonina o movimento \u00e9 menor, mas n\u00e3o menos charmoso, entre os mais procurados est\u00e3o o Casa Verde (Travessa Marinho de Souza, 34), Buganvil (R. Val\u00ea P\u00f4rto, 127) e Ca\u00e7arola do Joca (R. Ant\u00f4nio Prado, 42). A maioria em clima bem familiar e informal. \u00a0Combine com o gar\u00e7om para servir \u00e0 maneira cl\u00e1ssica: preparando o pir\u00e3o e virando o prato sobre a cabe\u00e7a das crian\u00e7as. Elas v\u00e3o se divertir!<\/p>\n<p><em>Casa Verde &#8211; Endere\u00e7o: Travessa Marinho de Souza, 34 &#8211; Antonina | Telefone: (41) 3432-3612 | <a href=\"https:\/\/www.facebook.com\/cantinacasaverdeantonina\/\" target=\"_blank\" rel=\"noopener\">Facebook do Casa Verde<\/a><\/em><\/p>\n<p><span style=\"color: #000000;\"><em>Buganvil &#8211; Endere\u00e7o: R. Val\u00ea P\u00f4rto, 127 &#8211; Antonina | Telefone: (41) 3432-1434 | <a href=\"http:\/\/www.restaurantebuganvil.com.br\/homebr.html\" target=\"_blank\" rel=\"noopener\">Site do Buganvil<\/a><\/em><\/span><\/p>\n<p><em>Ca\u00e7arola do Joca &#8211; Endere\u00e7o: \u00a0R. Ant\u00f4nio Prado, 42 &#8211; Antonina | Telefone: (41) 3432-1286\u00a0| <a href=\"https:\/\/www.facebook.com\/CA%C3%87AROLA-DO-JOCA-244688005560644\/?rf=129546707155258\" target=\"_blank\" rel=\"noopener\">Facebook da Ca\u00e7arola<\/a><\/em><\/p>\n<div id=\"attachment_39\" style=\"width: 1090px\" class=\"wp-caption aligncenter\"><img decoding=\"async\" aria-describedby=\"caption-attachment-39\" class=\"size-full wp-image-39\" src=\"http:\/\/mcities.com.br\/curitiba\/wp-content\/uploads\/sites\/3\/2016\/07\/EM-FAMIlA-estrada_da_graciosa_pastel.jpg\" alt=\"Caldo de cana com vista na Graciosa\" width=\"1080\" height=\"720\" srcset=\"https:\/\/mcities.com.br\/curitiba\/wp-content\/uploads\/sites\/3\/2016\/07\/EM-FAMIlA-estrada_da_graciosa_pastel.jpg 1080w, https:\/\/mcities.com.br\/curitiba\/wp-content\/uploads\/sites\/3\/2016\/07\/EM-FAMIlA-estrada_da_graciosa_pastel-300x200.jpg 300w, https:\/\/mcities.com.br\/curitiba\/wp-content\/uploads\/sites\/3\/2016\/07\/EM-FAMIlA-estrada_da_graciosa_pastel-768x512.jpg 768w, https:\/\/mcities.com.br\/curitiba\/wp-content\/uploads\/sites\/3\/2016\/07\/EM-FAMIlA-estrada_da_graciosa_pastel-1024x683.jpg 1024w, https:\/\/mcities.com.br\/curitiba\/wp-content\/uploads\/sites\/3\/2016\/07\/EM-FAMIlA-estrada_da_graciosa_pastel-600x400.jpg 600w\" sizes=\"(max-width: 1080px) 100vw, 1080px\" \/><p id=\"caption-attachment-39\" class=\"wp-caption-text\">Caldo de cana com vista na Graciosa<\/p><\/div>\n<h3>\u00c9 o bicho! Churrascaria + Zool\u00f3gico<\/h3>\n<p>Crian\u00e7a que se preze adora bicho. Ent\u00e3o um passeio em fam\u00edlia pelo zool\u00f3gico \u00e9 sempre uma boa pedida para um rol\u00ea divertido em fam\u00edlia. Como o Zoo de Curitiba fica na verdade no Parque Igua\u00e7u, divisa com S\u00e3o Jos\u00e9 dos Pinhais, d\u00e1 para fazer uma parada antes em uma das muitas churrascarias da Avenida das Torres, de diferentes tipos e pre\u00e7os. Algumas delas, como a Anjo Dourado t\u00eam espa\u00e7os kids bem legais. Todas s\u00e3o estilo rod\u00edzio com massas e algumas com mesa de antepasto e at\u00e9 comida japonesa(!), agrada todo mundo. Depois \u00e9 s\u00f3 levar a molecada para curtir os bichos no zool\u00f3gico. Caso depois da visita voc\u00ea ainda tenha tempo, vale levar uma bola, corda, patins ou bicicleta para aproveitar o resto do dia at\u00e9 o sol se p\u00f4r no parque que foi rec\u00e9m-reformado!<\/p>\n<p><em>Zoo de Curitiba &#8211; Endere\u00e7o: Rua Jo\u00e3o Miqueletto, s\/n &#8211; Alto Boqueir\u00e3o | Telefone: (41) 3378-1221\u00a0 | <a href=\"http:\/\/www.curitiba.pr.gov.br\/conteudo\/zoologico-e-p-publico-zoologico-e-passeio-publico-smma\/331\" target=\"_blank\" rel=\"noopener\">Site do Zoo<\/a><\/em><\/p>\n<p><em>Churrascaria Anjo Dourado &#8211; Endere\u00e7o:\u00a0R. Joaquim Nabuco &#8211; S\u00e3o Jos\u00e9 dos Pinhais | Telefone: (41) 3283-5141\u00a0| <a href=\"https:\/\/www.facebook.com\/Churrascaria-Anjo-Dourado-199542350084104\/\" target=\"_blank\" rel=\"noopener\">Facebook da Anjo Dourado<\/a><\/em><\/p>\n<div id=\"attachment_36\" style=\"width: 1090px\" class=\"wp-caption aligncenter\"><img decoding=\"async\" aria-describedby=\"caption-attachment-36\" class=\"wp-image-36 size-full\" src=\"http:\/\/mcities.com.br\/curitiba\/wp-content\/uploads\/sites\/3\/2016\/07\/Em-Fam\u00edlia-Zoologico.jpg\" width=\"1080\" height=\"720\" srcset=\"https:\/\/mcities.com.br\/curitiba\/wp-content\/uploads\/sites\/3\/2016\/07\/Em-Fam\u00edlia-Zoologico.jpg 1080w, https:\/\/mcities.com.br\/curitiba\/wp-content\/uploads\/sites\/3\/2016\/07\/Em-Fam\u00edlia-Zoologico-300x200.jpg 300w, https:\/\/mcities.com.br\/curitiba\/wp-content\/uploads\/sites\/3\/2016\/07\/Em-Fam\u00edlia-Zoologico-768x512.jpg 768w, https:\/\/mcities.com.br\/curitiba\/wp-content\/uploads\/sites\/3\/2016\/07\/Em-Fam\u00edlia-Zoologico-1024x683.jpg 1024w, https:\/\/mcities.com.br\/curitiba\/wp-content\/uploads\/sites\/3\/2016\/07\/Em-Fam\u00edlia-Zoologico-600x400.jpg 600w\" sizes=\"(max-width: 1080px) 100vw, 1080px\" \/><p id=\"caption-attachment-36\" class=\"wp-caption-text\">Zoo + tarde gostosa no Parque Igua\u00e7u<\/p><\/div>\n","protected":false},"excerpt":{"rendered":"<p>Fim de semana chegando e o tempo vai firmar? Te damos tr\u00eas bons motivos para convencer a crian\u00e7ada a largar o videogame e p\u00f4r o p\u00e9 na rua! Anote a\u00ed: Um s\u00e1bado old school: rolim\u00e3 + almo\u00e7o + \u00d3pera de Arame Para come\u00e7ar o dia, que tal apresentar uma brincadeira da sua inf\u00e2ncia para os [&hellip;]<\/p>\n","protected":false},"author":4,"featured_media":38,"comment_status":"open","ping_status":"open","sticky":false,"template":"","format":"standard","meta":{"footnotes":""},"categories":[4],"tags":[],"yoast_head":"<!-- This site is optimized with the Yoast SEO plugin v21.9.1 - https:\/\/yoast.com\/wordpress\/plugins\/seo\/ -->\n<title>Para tirar a crian\u00e7ada do sof\u00e1! | MCities Curitiba<\/title>\n<meta name=\"description\" content=\"Fim de semana chegando e o tempo vai firmar? Tr\u00eas bons motivos para convencer a crian\u00e7ada a largar o videogame e p\u00f4r o p\u00e9 na rua! Passeio em fam\u00edlia!\" \/>\n<meta name=\"robots\" content=\"index, follow, max-snippet:-1, max-image-preview:large, max-video-preview:-1\" \/>\n<link rel=\"canonical\" href=\"https:\/\/mcities.com.br\/curitiba\/o-que-fazer-em-familia\/passeio-em-familia-curitiba\/\" \/>\n<meta property=\"og:locale\" content=\"pt_BR\" \/>\n<meta property=\"og:type\" content=\"article\" \/>\n<meta property=\"og:title\" content=\"Para tirar a crian\u00e7ada do sof\u00e1! | MCities Curitiba\" \/>\n<meta property=\"og:description\" content=\"Fim de semana chegando e o tempo vai firmar? Tr\u00eas bons motivos para convencer a crian\u00e7ada a largar o videogame e p\u00f4r o p\u00e9 na rua! Passeio em fam\u00edlia!\" \/>\n<meta property=\"og:url\" content=\"https:\/\/mcities.com.br\/curitiba\/o-que-fazer-em-familia\/passeio-em-familia-curitiba\/\" \/>\n<meta property=\"og:site_name\" content=\"MCities Curitiba\" \/>\n<meta property=\"article:published_time\" content=\"2018-01-13T20:14:02+00:00\" \/>\n<meta property=\"article:modified_time\" content=\"2021-04-16T23:19:51+00:00\" \/>\n<meta property=\"og:image\" content=\"https:\/\/mcities.com.br\/curitiba\/wp-content\/uploads\/sites\/3\/2016\/07\/capa_em_familia.jpg\" \/>\n\t<meta property=\"og:image:width\" content=\"793\" \/>\n\t<meta property=\"og:image:height\" content=\"793\" \/>\n\t<meta property=\"og:image:type\" content=\"image\/jpeg\" \/>\n<meta name=\"author\" content=\"rafaella\" \/>\n<meta name=\"twitter:card\" content=\"summary_large_image\" \/>\n<meta name=\"twitter:label1\" content=\"Written by\" \/>\n\t<meta name=\"twitter:data1\" content=\"rafaella\" \/>\n\t<meta name=\"twitter:label2\" content=\"Est. reading time\" \/>\n\t<meta name=\"twitter:data2\" content=\"5 minutos\" \/>\n<script type=\"application\/ld+json\" class=\"yoast-schema-graph\">{\"@context\":\"https:\/\/schema.org\",\"@graph\":[{\"@type\":\"Article\",\"@id\":\"https:\/\/mcities.com.br\/curitiba\/o-que-fazer-em-familia\/passeio-em-familia-curitiba\/#article\",\"isPartOf\":{\"@id\":\"https:\/\/mcities.com.br\/curitiba\/o-que-fazer-em-familia\/passeio-em-familia-curitiba\/\"},\"author\":{\"name\":\"rafaella\",\"@id\":\"https:\/\/mcities.com.br\/curitiba\/#\/schema\/person\/ab2a331e37f353249014fdf2cc206904\"},\"headline\":\"Para tirar a crian\u00e7ada do sof\u00e1!\",\"datePublished\":\"2018-01-13T20:14:02+00:00\",\"dateModified\":\"2021-04-16T23:19:51+00:00\",\"mainEntityOfPage\":{\"@id\":\"https:\/\/mcities.com.br\/curitiba\/o-que-fazer-em-familia\/passeio-em-familia-curitiba\/\"},\"wordCount\":971,\"commentCount\":0,\"publisher\":{\"@id\":\"https:\/\/mcities.com.br\/curitiba\/#organization\"},\"articleSection\":[\"Em Fam\u00edlia\"],\"inLanguage\":\"pt-BR\",\"potentialAction\":[{\"@type\":\"CommentAction\",\"name\":\"Comment\",\"target\":[\"https:\/\/mcities.com.br\/curitiba\/o-que-fazer-em-familia\/passeio-em-familia-curitiba\/#respond\"]}]},{\"@type\":\"WebPage\",\"@id\":\"https:\/\/mcities.com.br\/curitiba\/o-que-fazer-em-familia\/passeio-em-familia-curitiba\/\",\"url\":\"https:\/\/mcities.com.br\/curitiba\/o-que-fazer-em-familia\/passeio-em-familia-curitiba\/\",\"name\":\"Para tirar a crian\u00e7ada do sof\u00e1! | MCities Curitiba\",\"isPartOf\":{\"@id\":\"https:\/\/mcities.com.br\/curitiba\/#website\"},\"datePublished\":\"2018-01-13T20:14:02+00:00\",\"dateModified\":\"2021-04-16T23:19:51+00:00\",\"description\":\"Fim de semana chegando e o tempo vai firmar? Tr\u00eas bons motivos para convencer a crian\u00e7ada a largar o videogame e p\u00f4r o p\u00e9 na rua! Passeio em fam\u00edlia!\",\"breadcrumb\":{\"@id\":\"https:\/\/mcities.com.br\/curitiba\/o-que-fazer-em-familia\/passeio-em-familia-curitiba\/#breadcrumb\"},\"inLanguage\":\"pt-BR\",\"potentialAction\":[{\"@type\":\"ReadAction\",\"target\":[\"https:\/\/mcities.com.br\/curitiba\/o-que-fazer-em-familia\/passeio-em-familia-curitiba\/\"]}]},{\"@type\":\"BreadcrumbList\",\"@id\":\"https:\/\/mcities.com.br\/curitiba\/o-que-fazer-em-familia\/passeio-em-familia-curitiba\/#breadcrumb\",\"itemListElement\":[{\"@type\":\"ListItem\",\"position\":1,\"name\":\"Home\",\"item\":\"https:\/\/mcities.com.br\/curitiba\/\"},{\"@type\":\"ListItem\",\"position\":2,\"name\":\"Para tirar a crian\u00e7ada do sof\u00e1!\"}]},{\"@type\":\"WebSite\",\"@id\":\"https:\/\/mcities.com.br\/curitiba\/#website\",\"url\":\"https:\/\/mcities.com.br\/curitiba\/\",\"name\":\"MCities Curitiba\",\"description\":\"MCities \u00e9 um sistema que tem a disposic\u0327a\u0303o de dinamizar a integrac\u0327a\u0303o entre pessoas e cidades. Somos um sistema que oferece conte\u00fados de experi\u00eancias divertidas para voc\u00ea curtir e viver momentos incr\u00edveis, seja em casa ou nas ruas da cidade.\",\"publisher\":{\"@id\":\"https:\/\/mcities.com.br\/curitiba\/#organization\"},\"potentialAction\":[{\"@type\":\"SearchAction\",\"target\":{\"@type\":\"EntryPoint\",\"urlTemplate\":\"https:\/\/mcities.com.br\/curitiba\/?s={search_term_string}\"},\"query-input\":\"required name=search_term_string\"}],\"inLanguage\":\"pt-BR\"},{\"@type\":\"Organization\",\"@id\":\"https:\/\/mcities.com.br\/curitiba\/#organization\",\"name\":\"MCities\",\"url\":\"https:\/\/mcities.com.br\/curitiba\/\",\"logo\":{\"@type\":\"ImageObject\",\"inLanguage\":\"pt-BR\",\"@id\":\"https:\/\/mcities.com.br\/curitiba\/#\/schema\/logo\/image\/\",\"url\":\"https:\/\/mcities.com.br\/curitiba\/wp-content\/uploads\/sites\/3\/2017\/03\/mcities-color.png\",\"contentUrl\":\"https:\/\/mcities.com.br\/curitiba\/wp-content\/uploads\/sites\/3\/2017\/03\/mcities-color.png\",\"width\":248,\"height\":57,\"caption\":\"MCities\"},\"image\":{\"@id\":\"https:\/\/mcities.com.br\/curitiba\/#\/schema\/logo\/image\/\"}},{\"@type\":\"Person\",\"@id\":\"https:\/\/mcities.com.br\/curitiba\/#\/schema\/person\/ab2a331e37f353249014fdf2cc206904\",\"name\":\"rafaella\",\"image\":{\"@type\":\"ImageObject\",\"inLanguage\":\"pt-BR\",\"@id\":\"https:\/\/mcities.com.br\/curitiba\/#\/schema\/person\/image\/\",\"url\":\"https:\/\/secure.gravatar.com\/avatar\/38acb7da06d08f0acea5172c9d9e470d?s=96&d=mm&r=g\",\"contentUrl\":\"https:\/\/secure.gravatar.com\/avatar\/38acb7da06d08f0acea5172c9d9e470d?s=96&d=mm&r=g\",\"caption\":\"rafaella\"}}]}<\/script>\n<!-- \/ Yoast SEO plugin. -->","yoast_head_json":{"title":"Para tirar a crian\u00e7ada do sof\u00e1! | MCities Curitiba","description":"Fim de semana chegando e o tempo vai firmar? Tr\u00eas bons motivos para convencer a crian\u00e7ada a largar o videogame e p\u00f4r o p\u00e9 na rua! Passeio em fam\u00edlia!","robots":{"index":"index","follow":"follow","max-snippet":"max-snippet:-1","max-image-preview":"max-image-preview:large","max-video-preview":"max-video-preview:-1"},"canonical":"https:\/\/mcities.com.br\/curitiba\/o-que-fazer-em-familia\/passeio-em-familia-curitiba\/","og_locale":"pt_BR","og_type":"article","og_title":"Para tirar a crian\u00e7ada do sof\u00e1! | MCities Curitiba","og_description":"Fim de semana chegando e o tempo vai firmar? Tr\u00eas bons motivos para convencer a crian\u00e7ada a largar o videogame e p\u00f4r o p\u00e9 na rua! Passeio em fam\u00edlia!","og_url":"https:\/\/mcities.com.br\/curitiba\/o-que-fazer-em-familia\/passeio-em-familia-curitiba\/","og_site_name":"MCities Curitiba","article_published_time":"2018-01-13T20:14:02+00:00","article_modified_time":"2021-04-16T23:19:51+00:00","og_image":[{"width":"793","height":"793","url":"https:\/\/mcities.com.br\/curitiba\/wp-content\/uploads\/sites\/3\/2016\/07\/capa_em_familia.jpg","type":"image\/jpeg"}],"author":"rafaella","twitter_card":"summary_large_image","twitter_misc":{"Written by":"rafaella","Est. reading time":"5 minutos"},"schema":{"@context":"https:\/\/schema.org","@graph":[{"@type":"Article","@id":"https:\/\/mcities.com.br\/curitiba\/o-que-fazer-em-familia\/passeio-em-familia-curitiba\/#article","isPartOf":{"@id":"https:\/\/mcities.com.br\/curitiba\/o-que-fazer-em-familia\/passeio-em-familia-curitiba\/"},"author":{"name":"rafaella","@id":"https:\/\/mcities.com.br\/curitiba\/#\/schema\/person\/ab2a331e37f353249014fdf2cc206904"},"headline":"Para tirar a crian\u00e7ada do sof\u00e1!","datePublished":"2018-01-13T20:14:02+00:00","dateModified":"2021-04-16T23:19:51+00:00","mainEntityOfPage":{"@id":"https:\/\/mcities.com.br\/curitiba\/o-que-fazer-em-familia\/passeio-em-familia-curitiba\/"},"wordCount":971,"commentCount":0,"publisher":{"@id":"https:\/\/mcities.com.br\/curitiba\/#organization"},"articleSection":["Em Fam\u00edlia"],"inLanguage":"pt-BR","potentialAction":[{"@type":"CommentAction","name":"Comment","target":["https:\/\/mcities.com.br\/curitiba\/o-que-fazer-em-familia\/passeio-em-familia-curitiba\/#respond"]}]},{"@type":"WebPage","@id":"https:\/\/mcities.com.br\/curitiba\/o-que-fazer-em-familia\/passeio-em-familia-curitiba\/","url":"https:\/\/mcities.com.br\/curitiba\/o-que-fazer-em-familia\/passeio-em-familia-curitiba\/","name":"Para tirar a crian\u00e7ada do sof\u00e1! | MCities Curitiba","isPartOf":{"@id":"https:\/\/mcities.com.br\/curitiba\/#website"},"datePublished":"2018-01-13T20:14:02+00:00","dateModified":"2021-04-16T23:19:51+00:00","description":"Fim de semana chegando e o tempo vai firmar? Tr\u00eas bons motivos para convencer a crian\u00e7ada a largar o videogame e p\u00f4r o p\u00e9 na rua! Passeio em fam\u00edlia!","breadcrumb":{"@id":"https:\/\/mcities.com.br\/curitiba\/o-que-fazer-em-familia\/passeio-em-familia-curitiba\/#breadcrumb"},"inLanguage":"pt-BR","potentialAction":[{"@type":"ReadAction","target":["https:\/\/mcities.com.br\/curitiba\/o-que-fazer-em-familia\/passeio-em-familia-curitiba\/"]}]},{"@type":"BreadcrumbList","@id":"https:\/\/mcities.com.br\/curitiba\/o-que-fazer-em-familia\/passeio-em-familia-curitiba\/#breadcrumb","itemListElement":[{"@type":"ListItem","position":1,"name":"Home","item":"https:\/\/mcities.com.br\/curitiba\/"},{"@type":"ListItem","position":2,"name":"Para tirar a crian\u00e7ada do sof\u00e1!"}]},{"@type":"WebSite","@id":"https:\/\/mcities.com.br\/curitiba\/#website","url":"https:\/\/mcities.com.br\/curitiba\/","name":"MCities Curitiba","description":"MCities \u00e9 um sistema que tem a disposic\u0327a\u0303o de dinamizar a integrac\u0327a\u0303o entre pessoas e cidades. Somos um sistema que oferece conte\u00fados de experi\u00eancias divertidas para voc\u00ea curtir e viver momentos incr\u00edveis, seja em casa ou nas ruas da cidade.","publisher":{"@id":"https:\/\/mcities.com.br\/curitiba\/#organization"},"potentialAction":[{"@type":"SearchAction","target":{"@type":"EntryPoint","urlTemplate":"https:\/\/mcities.com.br\/curitiba\/?s={search_term_string}"},"query-input":"required name=search_term_string"}],"inLanguage":"pt-BR"},{"@type":"Organization","@id":"https:\/\/mcities.com.br\/curitiba\/#organization","name":"MCities","url":"https:\/\/mcities.com.br\/curitiba\/","logo":{"@type":"ImageObject","inLanguage":"pt-BR","@id":"https:\/\/mcities.com.br\/curitiba\/#\/schema\/logo\/image\/","url":"https:\/\/mcities.com.br\/curitiba\/wp-content\/uploads\/sites\/3\/2017\/03\/mcities-color.png","contentUrl":"https:\/\/mcities.com.br\/curitiba\/wp-content\/uploads\/sites\/3\/2017\/03\/mcities-color.png","width":248,"height":57,"caption":"MCities"},"image":{"@id":"https:\/\/mcities.com.br\/curitiba\/#\/schema\/logo\/image\/"}},{"@type":"Person","@id":"https:\/\/mcities.com.br\/curitiba\/#\/schema\/person\/ab2a331e37f353249014fdf2cc206904","name":"rafaella","image":{"@type":"ImageObject","inLanguage":"pt-BR","@id":"https:\/\/mcities.com.br\/curitiba\/#\/schema\/person\/image\/","url":"https:\/\/secure.gravatar.com\/avatar\/38acb7da06d08f0acea5172c9d9e470d?s=96&d=mm&r=g","contentUrl":"https:\/\/secure.gravatar.com\/avatar\/38acb7da06d08f0acea5172c9d9e470d?s=96&d=mm&r=g","caption":"rafaella"}}]}},"_links":{"self":[{"href":"https:\/\/mcities.com.br\/curitiba\/wp-json\/wp\/v2\/posts\/35"}],"collection":[{"href":"https:\/\/mcities.com.br\/curitiba\/wp-json\/wp\/v2\/posts"}],"about":[{"href":"https:\/\/mcities.com.br\/curitiba\/wp-json\/wp\/v2\/types\/post"}],"author":[{"embeddable":true,"href":"https:\/\/mcities.com.br\/curitiba\/wp-json\/wp\/v2\/users\/4"}],"replies":[{"embeddable":true,"href":"https:\/\/mcities.com.br\/curitiba\/wp-json\/wp\/v2\/comments?post=35"}],"version-history":[{"count":11,"href":"https:\/\/mcities.com.br\/curitiba\/wp-json\/wp\/v2\/posts\/35\/revisions"}],"predecessor-version":[{"id":12150,"href":"https:\/\/mcities.com.br\/curitiba\/wp-json\/wp\/v2\/posts\/35\/revisions\/12150"}],"wp:featuredmedia":[{"embeddable":true,"href":"https:\/\/mcities.com.br\/curitiba\/wp-json\/wp\/v2\/media\/38"}],"wp:attachment":[{"href":"https:\/\/mcities.com.br\/curitiba\/wp-json\/wp\/v2\/media?parent=35"}],"wp:term":[{"taxonomy":"category","embeddable":true,"href":"https:\/\/mcities.com.br\/curitiba\/wp-json\/wp\/v2\/categories?post=35"},{"taxonomy":"post_tag","embeddable":true,"href":"https:\/\/mcities.com.br\/curitiba\/wp-json\/wp\/v2\/tags?post=35"}],"curies":[{"name":"wp","href":"https:\/\/api.w.org\/{rel}","templated":true}]}}