{"id":3146,"date":"2021-04-02T15:56:45","date_gmt":"2021-04-02T18:56:45","guid":{"rendered":"https:\/\/mcities.com.br\/curitiba\/?p=3146"},"modified":"2021-07-02T16:43:09","modified_gmt":"2021-07-02T19:43:09","slug":"colonia-witmarsum","status":"publish","type":"post","link":"https:\/\/mcities.com.br\/curitiba\/rotas\/colonia-witmarsum\/","title":{"rendered":"Curta o dia na Col\u00f4nia Witmarsum: O Interior da Alemanha \u00e9 aqui!"},"content":{"rendered":"<h2>Quer dar uma escapada da cidade grande e mergulhar no clima rural? Temos o roteiro perfeito para voc\u00ea conhecer a col\u00f4nia alem\u00e3 de Witmarsum.<\/h2>\n<p>A Col\u00f4nia Witmarsum fica a 60 km de dist\u00e2ncia da capital e \u00e9 uma excelente aposta pra quem dar uma relaxada, desconectar e conhecer um pouco mais sobre a cultura alem\u00e3 aqui do estado. Ah, e comer muito bem, claro!<\/p>\n<p>Como \u00e9 pertinho de Curitiba, montamos um roteiro pra aproveitar um dia inteirinho por l\u00e1 com toda a fam\u00edlia, confira!<\/p>\n<div id=\"attachment_3157\" style=\"width: 810px\" class=\"wp-caption aligncenter\"><img fetchpriority=\"high\" decoding=\"async\" aria-describedby=\"caption-attachment-3157\" class=\"wp-image-3157\" src=\"https:\/\/mcities.com.br\/curitiba\/wp-content\/uploads\/sites\/3\/2018\/02\/WhatsApp-Image-2018-02-28-at-08.01.28-4-1024x1024.jpeg\" alt=\"\" width=\"800\" height=\"800\" srcset=\"https:\/\/mcities.com.br\/curitiba\/wp-content\/uploads\/sites\/3\/2018\/02\/WhatsApp-Image-2018-02-28-at-08.01.28-4-1024x1024.jpeg 1024w, https:\/\/mcities.com.br\/curitiba\/wp-content\/uploads\/sites\/3\/2018\/02\/WhatsApp-Image-2018-02-28-at-08.01.28-4-150x150.jpeg 150w, https:\/\/mcities.com.br\/curitiba\/wp-content\/uploads\/sites\/3\/2018\/02\/WhatsApp-Image-2018-02-28-at-08.01.28-4-300x300.jpeg 300w, https:\/\/mcities.com.br\/curitiba\/wp-content\/uploads\/sites\/3\/2018\/02\/WhatsApp-Image-2018-02-28-at-08.01.28-4-768x768.jpeg 768w, https:\/\/mcities.com.br\/curitiba\/wp-content\/uploads\/sites\/3\/2018\/02\/WhatsApp-Image-2018-02-28-at-08.01.28-4-600x600.jpeg 600w, https:\/\/mcities.com.br\/curitiba\/wp-content\/uploads\/sites\/3\/2018\/02\/WhatsApp-Image-2018-02-28-at-08.01.28-4.jpeg 1280w\" sizes=\"(max-width: 800px) 100vw, 800px\" \/><p id=\"caption-attachment-3157\" class=\"wp-caption-text\">Um mergulho cultural na heran\u00e7a alem\u00e3 rural. Foto Facebook Witmarzoo.<\/p><\/div>\n<p>Dica MCities: A Col\u00f4nia fica na cidade de Palmeira, aqui no interior do Paran\u00e1. O clima \u00e9 bem parecido com o de Curitiba, ent\u00e3o prepare seus casacos e suas roupas de acordo com o tempo do dia!<\/p>\n<p>Logo cedo<\/p>\n<p>A viagem para a Col\u00f4nia Witmarsum demora cerca de uma hora, ent\u00e3o o ideal \u00e9 acordar bem cedinho pra conseguir aproveitar bem! No s\u00e1bado, das 9h at\u00e9 \u00e0s 12h, acontece a feirinha do produtor, ent\u00e3o fa\u00e7a sua primeira parada l\u00e1.<\/p>\n<p>Voc\u00ea consegue comprar de tudo um pouco: queijo, geleia, p\u00e3o e at\u00e9 algumas lembrancinhas, tudo feito com aquele sabor especial.<\/p>\n<p>Eles s\u00e3o famosos pelos queijos colonial, brie, raclette (aquele que derrete em cima de qualquer coisa) e camembert. Pros f\u00e3s de queijo, esse \u00e9 um prato cheio, literalmente falando.<\/p>\n<div id=\"attachment_3329\" style=\"width: 910px\" class=\"wp-caption aligncenter\"><img decoding=\"async\" aria-describedby=\"caption-attachment-3329\" class=\"size-full wp-image-3329\" src=\"https:\/\/mcities.com.br\/curitiba\/wp-content\/uploads\/sites\/3\/2018\/03\/Witmarsum-queijos.jpg\" alt=\"No mercado do produtor voc\u00ea encontra muitos produtos fresquinhos produzidos na regi\u00e3o. Cr\u00e9dito foto: Luiz Costa\/ La Imagem.\" width=\"900\" height=\"600\" srcset=\"https:\/\/mcities.com.br\/curitiba\/wp-content\/uploads\/sites\/3\/2018\/03\/Witmarsum-queijos.jpg 900w, https:\/\/mcities.com.br\/curitiba\/wp-content\/uploads\/sites\/3\/2018\/03\/Witmarsum-queijos-300x200.jpg 300w, https:\/\/mcities.com.br\/curitiba\/wp-content\/uploads\/sites\/3\/2018\/03\/Witmarsum-queijos-768x512.jpg 768w, https:\/\/mcities.com.br\/curitiba\/wp-content\/uploads\/sites\/3\/2018\/03\/Witmarsum-queijos-600x400.jpg 600w\" sizes=\"(max-width: 900px) 100vw, 900px\" \/><p id=\"caption-attachment-3329\" class=\"wp-caption-text\">No mercado do produtor voc\u00ea encontra muitos produtos fresquinhos produzidos na regi\u00e3o. Cr\u00e9dito foto: Luiz Costa\/ La Imagem.<\/p><\/div>\n<p>Se voc\u00ea escolheu o domingo pra visitar, vai perder a feirinha do produtor, mas tem a oportunidade de participar de um culto totalmente em alem\u00e3o! A Igreja Evang\u00e9lica Irm\u00e3os Menonitas de Witmarsum tem um culto que come\u00e7a \u00e0s 09h30.<\/p>\n<p>Depois disso, visite a Witmalhas. Eles trabalham tric\u00f4, artes e artesanato em tecido. Outra op\u00e7\u00e3o \u00e9 a Toll Brasil &#8211; ela conta com objetos de decora\u00e7\u00e3o e uma linha de quebra-nozes, pingentes natalinos, rel\u00f3gios cuco e canivetes importados diretamente da Alemanha! Boa parada para comprar lembrancinhas.<\/p>\n<p><em>Endere\u00e7os:\u00a0<\/em><br \/>\n<em>Witmalhas Artesanato &#8211; Telefone: (42) 3254-1006 | <a href=\"https:\/\/www.facebook.com\/Witmalhas-Artesanato-Colonia-Witmarsum-1472750306364982\/\" target=\"_blank\" rel=\"noopener noreferrer\">Facebook da Witmalhas<\/a><\/em><\/p>\n<p><em>Toll Brasil &#8211; Telefone: (42) 3254-1480 | <a href=\"http:\/\/www.tollbrasil.com.br\" target=\"_blank\" rel=\"noopener noreferrer\">Site da Toll<\/a><\/em><\/p>\n<h3>Hora do Almo\u00e7o<\/h3>\n<p>Seguimos ent\u00e3o pra parte mais gostosa do dia: o almo\u00e7o! A Col\u00f4nia \u00e9 famosa por um prato n\u00e3o t\u00e3o tradicional aqui no Brasil: Eisben, o tradicional joelho de porco. Voc\u00ea pode encontrar essa iguaria em todos os restaurantes com v\u00e1rios acompanhamentos. Comida farta e bem tradicional.<\/p>\n<h3>Restaurante Frutilhas Lowen<\/h3>\n<p>E bota comilan\u00e7a nisso! No charmoso Restaurante Frutilhas Lowen o almo\u00e7o \u00e9 servido no esquema \u201c\u00e0 vontade\u201d, por um pre\u00e7o \u00fanico. \u00c9 servida na mesa uma refei\u00e7\u00e3o completa com Gulash aos s\u00e1bados (uma esp\u00e9cie de barreado alem\u00e3o, \u00e9 feito de carne picada de boi cozida quatro horas no fog\u00e3o \u00e0 lenha com cenoura, abobrinha, piment\u00e3o e cebola) e Bife \u00e0 Rol\u00ea aos domingos.<\/p>\n<p>Acompanha frango caipira, spatzle (massa ralada t\u00edpica do sul da Alemanha), pierogi com ricota caseira e queijo raclette, risoto caipira e arroz branco. Al\u00e9m de tudo, ainda tem uma mesa de saladas completa com chucrute, repolho roxo com ma\u00e7a e ma\u00e7a refogada com canela e a\u00e7\u00facar. O tradicional Eisben \u00e9 servido em por\u00e7\u00e3o \u00e0 parte com duas salsichas, uma vermelha e outra branca.<\/p>\n<p>Mas al\u00e9m de toda essa comida tradicional, o carro chefe mesmo remete ao nome do lugar: as frutas vermelhas. Com produ\u00e7\u00e3o pr\u00f3pria de amora e morango, tem gente de toda parte que vai at\u00e9 l\u00e1 para tomar o famoso suco de frutas vermelhas. Vale provar o sorvete de creme com calda de amora ou framboesa, al\u00e9m das tortas alem\u00e3s.<\/p>\n<p>Dica MCities: nos meses de novembro e dezembro d\u00e1 para voc\u00ea mesmo colher suas frutas no pomar do restaurante no esquema colha e pague. A propriedade tamb\u00e9m tem redes, \u00e1rvores na beira do lago para descansar depois do almo\u00e7o e tamb\u00e9m animais para a crian\u00e7ada curtir.<\/p>\n<p><em>Restaurante Frutilhas Lowen &#8211; Telefone: (42) 3254-1555 | <a href=\"https:\/\/www.facebook.com\/FrutilhasLowen\/\" target=\"_blank\" rel=\"noopener noreferrer\">Facebook do Frutilhas Lowen<\/a><\/em><\/p>\n<div id=\"attachment_3330\" style=\"width: 778px\" class=\"wp-caption aligncenter\"><img decoding=\"async\" aria-describedby=\"caption-attachment-3330\" class=\"size-full wp-image-3330\" src=\"https:\/\/mcities.com.br\/curitiba\/wp-content\/uploads\/sites\/3\/2018\/03\/Frutilha-Lowen-Witmarsun.jpg\" alt=\"\" width=\"768\" height=\"960\" srcset=\"https:\/\/mcities.com.br\/curitiba\/wp-content\/uploads\/sites\/3\/2018\/03\/Frutilha-Lowen-Witmarsun.jpg 768w, https:\/\/mcities.com.br\/curitiba\/wp-content\/uploads\/sites\/3\/2018\/03\/Frutilha-Lowen-Witmarsun-240x300.jpg 240w\" sizes=\"(max-width: 768px) 100vw, 768px\" \/><p id=\"caption-attachment-3330\" class=\"wp-caption-text\">N\u00e3o deixe de provar as del\u00edcias preparadas com frutas vermelhas produzidas no local.\u00a0Foto: Frutilha Lowen.<\/p><\/div>\n<h3>Restaurante Bela Vista<\/h3>\n<p>Outra op\u00e7\u00e3o \u00e9 o Restaurante Bela Vista que fica localizado em uma casa de tijolinhos e fachada de madeira, bem no estilo colonial. O restaurante \u00e9 \u00e0 la carte e famoso pelo tempero caseiro da Z\u00e9lia que \u00e9 mineira e misturou as influ\u00eancias de sua origem com a alem\u00e3. Os carros-chefes da casa s\u00e3o o Marreco Recheado acompanhado de repolho roxo e pur\u00ea de ma\u00e7\u00e3, e o Eisben com chucrute e pur\u00ea de batata.<\/p>\n<p>Dica MCities: Para acompanhar a casa oferece cervejas artesanais da regi\u00e3o, afinal n\u00e3o d\u00e1 para falar em cultura alem\u00e3 sem cerveja, n\u00e3o \u00e9? Tem op\u00e7\u00f5es da cervejaria Usinamalte, de Witmarsun e da Natbeer, de Palmeira.<\/p>\n<p>Ah, al\u00e9m do apfelstrudel, que o Bela Vista diz ter o melhor da cidade, aqui eles oferecem outro doce tradicional e muito requisitado, a Torta de Aveia \u2013 massa com cereal de aveia, cobertura de brigadeiro branco e chocolate meio amargo derretido por cima.<\/p>\n<div id=\"attachment_11162\" style=\"width: 810px\" class=\"wp-caption aligncenter\"><img loading=\"lazy\" decoding=\"async\" aria-describedby=\"caption-attachment-11162\" class=\"wp-image-11162\" src=\"https:\/\/mcities.com.br\/curitiba\/wp-content\/uploads\/sites\/3\/2020\/09\/marreco-1024x682.jpg\" alt=\"\" width=\"800\" height=\"533\" srcset=\"https:\/\/mcities.com.br\/curitiba\/wp-content\/uploads\/sites\/3\/2020\/09\/marreco-1024x682.jpg 1024w, https:\/\/mcities.com.br\/curitiba\/wp-content\/uploads\/sites\/3\/2020\/09\/marreco-300x200.jpg 300w, https:\/\/mcities.com.br\/curitiba\/wp-content\/uploads\/sites\/3\/2020\/09\/marreco-768x512.jpg 768w, https:\/\/mcities.com.br\/curitiba\/wp-content\/uploads\/sites\/3\/2020\/09\/marreco-600x400.jpg 600w, https:\/\/mcities.com.br\/curitiba\/wp-content\/uploads\/sites\/3\/2020\/09\/marreco.jpg 1280w\" sizes=\"(max-width: 800px) 100vw, 800px\" \/><p id=\"caption-attachment-11162\" class=\"wp-caption-text\">Marreco com joelho. Foto Facebook Bela Vista<\/p><\/div>\n<p><em>Restaurante Bela Vista | Telefone: (42) 3254-1095 | <a href=\"https:\/\/www.facebook.com\/repbelavista\" target=\"_blank\" rel=\"noopener noreferrer\">Facebook do Bela Vista<\/a><\/em><\/p>\n<h3>Aproveitar a tarde<\/h3>\n<p>Depois de almo\u00e7ar &#8211; e de descansar do almo\u00e7o -, o passeio obrigat\u00f3rio \u00e9 o Museu de Hist\u00f3ria Witmarsum!<\/p>\n<p>L\u00e1 voc\u00ea vai poder ver objetos, roupas, fotos e diversos outros itens dos menonitas que fundaram a Col\u00f4nia.<\/p>\n<p>Legal observar uma parte que mostra os r\u00e1dios antigos, canetas tinteiro, \u00e1bacos e caixas registradoras da \u00e9poca da coloniza\u00e7\u00e3o. Tem at\u00e9 um historiador que vai te contar tudinho sobre a hist\u00f3ria do lugar. Abre no s\u00e1bado e domingo das 14h \u00e0s 17h.<\/p>\n<p><em>Museu de Hist\u00f3ria Witmarsum &#8211; Telefone: (42) 3254-1347.<\/em><\/p>\n<div id=\"attachment_3160\" style=\"width: 910px\" class=\"wp-caption aligncenter\"><img loading=\"lazy\" decoding=\"async\" aria-describedby=\"caption-attachment-3160\" class=\"wp-image-3160 size-full\" src=\"https:\/\/mcities.com.br\/curitiba\/wp-content\/uploads\/sites\/3\/2018\/02\/museu-de-witmarsum.jpg\" alt=\"O Museu de Witmarsum guarda a hist\u00f3ria da col\u00f4nia. Foto: Rodolfo BUHRER\/ La Imagem.\" width=\"900\" height=\"565\" srcset=\"https:\/\/mcities.com.br\/curitiba\/wp-content\/uploads\/sites\/3\/2018\/02\/museu-de-witmarsum.jpg 900w, https:\/\/mcities.com.br\/curitiba\/wp-content\/uploads\/sites\/3\/2018\/02\/museu-de-witmarsum-300x188.jpg 300w, https:\/\/mcities.com.br\/curitiba\/wp-content\/uploads\/sites\/3\/2018\/02\/museu-de-witmarsum-768x482.jpg 768w\" sizes=\"(max-width: 900px) 100vw, 900px\" \/><p id=\"caption-attachment-3160\" class=\"wp-caption-text\">O Museu de Witmarsum guarda a hist\u00f3ria da col\u00f4nia. Foto: Rodolfo BUHRER\/ La Imagem.<\/p><\/div>\n<h3>Witmarzoo<\/h3>\n<p>Outra atra\u00e7\u00e3o bem especial \u00e9 o Witmarzoo! Ele funciona como uma mini fazenda e um zool\u00f3gico de pets.<\/p>\n<p>L\u00e1 eles tem pintinhos, galinhas, coelhos, cavalos, mini p\u00f4neis e outros animais. \u00c9 a oportunidade perfeita pra a crian\u00e7ada ter contato e brincar com alguns bichinhos de meio rural.<\/p>\n<div id=\"attachment_10973\" style=\"width: 459px\" class=\"wp-caption aligncenter\"><img loading=\"lazy\" decoding=\"async\" aria-describedby=\"caption-attachment-10973\" class=\"wp-image-10973\" src=\"https:\/\/mcities.com.br\/curitiba\/wp-content\/uploads\/sites\/3\/2019\/02\/WhatsApp-Image-2020-09-28-at-14.56.59-1.jpeg\" alt=\"\" width=\"449\" height=\"500\" srcset=\"https:\/\/mcities.com.br\/curitiba\/wp-content\/uploads\/sites\/3\/2019\/02\/WhatsApp-Image-2020-09-28-at-14.56.59-1.jpeg 750w, https:\/\/mcities.com.br\/curitiba\/wp-content\/uploads\/sites\/3\/2019\/02\/WhatsApp-Image-2020-09-28-at-14.56.59-1-269x300.jpeg 269w\" sizes=\"(max-width: 449px) 100vw, 449px\" \/><p id=\"caption-attachment-10973\" class=\"wp-caption-text\">A crian\u00e7ada fica em contato direto com os animais. Foto Instagram @witmarzoo<\/p><\/div>\n<p><em>Witmarzoo &#8211; Telefone: (41) 98537-1470 | <a href=\"https:\/\/www.facebook.com\/witmarzoo\" target=\"_blank\" rel=\"noopener noreferrer\">Facebook do WitmarZoo<\/a><\/em><\/p>\n<h3>Mais comida!<\/h3>\n<p>Agora que o almo\u00e7o j\u00e1 deu uma assentada, que tal comer de novo? Isso mesmo, agora \u00e9 a hora do caf\u00e9 da tarde. A Col\u00f4nia Witmarsum \u00e9 famosa tamb\u00e9m pelas suas confeitarias e seus caf\u00e9s coloniais!<\/p>\n<p>A mais famosa \u00e9 a Confeitaria Kliewer, que funciona at\u00e9 \u00e0s 18h. L\u00e1 voc\u00ea encontra produtos coloniais fresquinhos, m\u00fasica ao vivo e bastante contato com a natureza! Tem duas op\u00e7\u00f5es, dependendo a sua fome: o caf\u00e9 colonial completo ou comprar os doces para provar.<\/p>\n<p>Dica MCities: Voc\u00ea pode aproveitar e levar p\u00e3es, tortas e bolos pra casa!<\/p>\n<h3>Caf\u00e9 da Tarde<\/h3>\n<p>Anexo ao Witmarzoo, o Edit\u2019s Kaffe Hof tamb\u00e9m serve um caf\u00e9 colonial delicioso com uma grande variedade de produtos.<\/p>\n<p>As op\u00e7\u00f5es s\u00e3o fartas e tudo \u00e9 feito de maneira artesanal em aproximadamente 60 pratos. Segundo a Edit o pierogi \u00e9 o mais pedido. Uma receita de fam\u00edlia que atravessa gera\u00e7\u00f5es e mistura as culturas russa e alem\u00e3.<\/p>\n<p>\u00c9 recheado com ricota coberto com molho branco super especial.\u00a0Outra pedida \u00e9 o suco verde, feito de couve e lim\u00e3o, mas como diz Edit, o jeito de fazer \u00e9 que faz toda a diferen\u00e7a.<\/p>\n<p><em>Confeitaria Kliewer &#8211;\u00a0Telefone: (42) 3254 &#8211; 1278 | <a href=\"http:\/\/confeitariakliewer.com.br\/\" target=\"_blank\" rel=\"noopener noreferrer\">Site da Kliewer<\/a><\/em><\/p>\n<p><em>Edit\u2019s Kaffe Hof &#8211; Telefone:\u00a0(42) 99900-0224 | <a href=\"https:\/\/www.facebook.com\/EditsKaffeeHof\" target=\"_blank\" rel=\"noopener noreferrer\">Facebook da Edit<\/a><\/em><\/p>\n<div id=\"attachment_3153\" style=\"width: 970px\" class=\"wp-caption aligncenter\"><img loading=\"lazy\" decoding=\"async\" aria-describedby=\"caption-attachment-3153\" class=\"size-full wp-image-3153\" src=\"https:\/\/mcities.com.br\/curitiba\/wp-content\/uploads\/sites\/3\/2018\/02\/Edith-witmarsun-cafe-colonial.jpg\" alt=\"\" width=\"960\" height=\"960\" srcset=\"https:\/\/mcities.com.br\/curitiba\/wp-content\/uploads\/sites\/3\/2018\/02\/Edith-witmarsun-cafe-colonial.jpg 960w, https:\/\/mcities.com.br\/curitiba\/wp-content\/uploads\/sites\/3\/2018\/02\/Edith-witmarsun-cafe-colonial-150x150.jpg 150w, https:\/\/mcities.com.br\/curitiba\/wp-content\/uploads\/sites\/3\/2018\/02\/Edith-witmarsun-cafe-colonial-300x300.jpg 300w, https:\/\/mcities.com.br\/curitiba\/wp-content\/uploads\/sites\/3\/2018\/02\/Edith-witmarsun-cafe-colonial-768x768.jpg 768w, https:\/\/mcities.com.br\/curitiba\/wp-content\/uploads\/sites\/3\/2018\/02\/Edith-witmarsun-cafe-colonial-600x600.jpg 600w\" sizes=\"(max-width: 960px) 100vw, 960px\" \/><p id=\"caption-attachment-3153\" class=\"wp-caption-text\">Caf\u00e9 Colonial caprichado!! cr\u00e9dito Foto: Facebook Witmarzoo.<\/p><\/div>\n<h3>Como chegar?<\/h3>\n<p>Apesar de precisar pegar estrada, \u00e9 bem f\u00e1cil chegar na Col\u00f4nia Witmarsum. Voc\u00ea tem duas op\u00e7\u00f5es: pela BR-277, e depois a BR-376, ou pela estrada de Palmeira (BR-277).<\/p>\n<p>Dica MCities: Logo na entrada da Col\u00f4nia, voc\u00ea vai ver v\u00e1rias \u00e1rvores formando um verdadeiro t\u00fanel arborizado. Vale a pena parar pra tirar aquela selfie de toda a fam\u00edlia!<\/p>\n<p>Se voc\u00ea gostou deste roteiro, n\u00e3o pode perder nosso post com mais <a href=\"https:\/\/mcities.com.br\/curitiba\/familia-folha-final-de-semana-em-meio-natureza-que\/\" target=\"_blank\" rel=\"noopener noreferrer\">dicas de passeios com a fam\u00edlia em meio \u00e0 natureza<\/a>!<\/p>\n<p><em>*Valores podem ser alterados sem aviso pr\u00e9vio de acordo com estabelecimento.<\/em><\/p>\n","protected":false},"excerpt":{"rendered":"<p>Quer dar uma escapada da cidade grande e mergulhar no clima rural? Temos o roteiro perfeito para voc\u00ea conhecer a col\u00f4nia alem\u00e3 de Witmarsum. A Col\u00f4nia Witmarsum fica a 60 km de dist\u00e2ncia da capital e \u00e9 uma excelente aposta pra quem dar uma relaxada, desconectar e conhecer um pouco mais sobre a cultura alem\u00e3 [&hellip;]<\/p>\n","protected":false},"author":45,"featured_media":10973,"comment_status":"open","ping_status":"open","sticky":false,"template":"","format":"standard","meta":{"footnotes":""},"categories":[13],"tags":[],"yoast_head":"<!-- This site is optimized with the Yoast SEO plugin v21.9.1 - https:\/\/yoast.com\/wordpress\/plugins\/seo\/ -->\n<title>Curta o dia na Col\u00f4nia Witmarsum: O Interior da Alemanha \u00e9 aqui! | MCities Curitiba<\/title>\n<meta name=\"description\" content=\"Quer fazer um programa muito legal em fam\u00edlia? A Col\u00f4nia Witmarsum fica pertinho de Curitiba e \u00e9 uma viagem ao interior da Alemanha. Veja esse roteiro!\" \/>\n<meta name=\"robots\" content=\"index, follow, max-snippet:-1, max-image-preview:large, max-video-preview:-1\" \/>\n<link rel=\"canonical\" href=\"https:\/\/mcities.com.br\/curitiba\/rotas\/colonia-witmarsum\/\" \/>\n<meta property=\"og:locale\" content=\"pt_BR\" \/>\n<meta property=\"og:type\" content=\"article\" \/>\n<meta property=\"og:title\" content=\"Curta o dia na Col\u00f4nia Witmarsum: O Interior da Alemanha \u00e9 aqui! | MCities Curitiba\" \/>\n<meta property=\"og:description\" content=\"Quer fazer um programa muito legal em fam\u00edlia? A Col\u00f4nia Witmarsum fica pertinho de Curitiba e \u00e9 uma viagem ao interior da Alemanha. Veja esse roteiro!\" \/>\n<meta property=\"og:url\" content=\"https:\/\/mcities.com.br\/curitiba\/rotas\/colonia-witmarsum\/\" \/>\n<meta property=\"og:site_name\" content=\"MCities Curitiba\" \/>\n<meta property=\"article:published_time\" content=\"2021-04-02T18:56:45+00:00\" \/>\n<meta property=\"article:modified_time\" content=\"2021-07-02T19:43:09+00:00\" \/>\n<meta property=\"og:image\" content=\"https:\/\/mcities.com.br\/curitiba\/wp-content\/uploads\/sites\/3\/2019\/02\/WhatsApp-Image-2020-09-28-at-14.56.59-1.jpeg\" \/>\n\t<meta property=\"og:image:width\" content=\"750\" \/>\n\t<meta property=\"og:image:height\" content=\"836\" \/>\n\t<meta property=\"og:image:type\" content=\"image\/jpeg\" \/>\n<meta name=\"author\" content=\"Conteudo Cwb\" \/>\n<meta name=\"twitter:card\" content=\"summary_large_image\" \/>\n<meta name=\"twitter:label1\" content=\"Written by\" \/>\n\t<meta name=\"twitter:data1\" content=\"Conteudo Cwb\" \/>\n\t<meta name=\"twitter:label2\" content=\"Est. reading time\" \/>\n\t<meta name=\"twitter:data2\" content=\"7 minutos\" \/>\n<script type=\"application\/ld+json\" class=\"yoast-schema-graph\">{\"@context\":\"https:\/\/schema.org\",\"@graph\":[{\"@type\":\"Article\",\"@id\":\"https:\/\/mcities.com.br\/curitiba\/rotas\/colonia-witmarsum\/#article\",\"isPartOf\":{\"@id\":\"https:\/\/mcities.com.br\/curitiba\/rotas\/colonia-witmarsum\/\"},\"author\":{\"name\":\"Conteudo Cwb\",\"@id\":\"https:\/\/mcities.com.br\/curitiba\/#\/schema\/person\/6ac15b1e4a1d6d27839240a8178970e9\"},\"headline\":\"Curta o dia na Col\u00f4nia Witmarsum: O Interior da Alemanha \u00e9 aqui!\",\"datePublished\":\"2021-04-02T18:56:45+00:00\",\"dateModified\":\"2021-07-02T19:43:09+00:00\",\"mainEntityOfPage\":{\"@id\":\"https:\/\/mcities.com.br\/curitiba\/rotas\/colonia-witmarsum\/\"},\"wordCount\":1435,\"commentCount\":0,\"publisher\":{\"@id\":\"https:\/\/mcities.com.br\/curitiba\/#organization\"},\"articleSection\":[\"Rotas\"],\"inLanguage\":\"pt-BR\",\"potentialAction\":[{\"@type\":\"CommentAction\",\"name\":\"Comment\",\"target\":[\"https:\/\/mcities.com.br\/curitiba\/rotas\/colonia-witmarsum\/#respond\"]}]},{\"@type\":\"WebPage\",\"@id\":\"https:\/\/mcities.com.br\/curitiba\/rotas\/colonia-witmarsum\/\",\"url\":\"https:\/\/mcities.com.br\/curitiba\/rotas\/colonia-witmarsum\/\",\"name\":\"Curta o dia na Col\u00f4nia Witmarsum: O Interior da Alemanha \u00e9 aqui! | MCities Curitiba\",\"isPartOf\":{\"@id\":\"https:\/\/mcities.com.br\/curitiba\/#website\"},\"datePublished\":\"2021-04-02T18:56:45+00:00\",\"dateModified\":\"2021-07-02T19:43:09+00:00\",\"description\":\"Quer fazer um programa muito legal em fam\u00edlia? A Col\u00f4nia Witmarsum fica pertinho de Curitiba e \u00e9 uma viagem ao interior da Alemanha. Veja esse roteiro!\",\"breadcrumb\":{\"@id\":\"https:\/\/mcities.com.br\/curitiba\/rotas\/colonia-witmarsum\/#breadcrumb\"},\"inLanguage\":\"pt-BR\",\"potentialAction\":[{\"@type\":\"ReadAction\",\"target\":[\"https:\/\/mcities.com.br\/curitiba\/rotas\/colonia-witmarsum\/\"]}]},{\"@type\":\"BreadcrumbList\",\"@id\":\"https:\/\/mcities.com.br\/curitiba\/rotas\/colonia-witmarsum\/#breadcrumb\",\"itemListElement\":[{\"@type\":\"ListItem\",\"position\":1,\"name\":\"Home\",\"item\":\"https:\/\/mcities.com.br\/curitiba\/\"},{\"@type\":\"ListItem\",\"position\":2,\"name\":\"Curta o dia na Col\u00f4nia Witmarsum: O Interior da Alemanha \u00e9 aqui!\"}]},{\"@type\":\"WebSite\",\"@id\":\"https:\/\/mcities.com.br\/curitiba\/#website\",\"url\":\"https:\/\/mcities.com.br\/curitiba\/\",\"name\":\"MCities Curitiba\",\"description\":\"MCities \u00e9 um sistema que tem a disposic\u0327a\u0303o de dinamizar a integrac\u0327a\u0303o entre pessoas e cidades. Somos um sistema que oferece conte\u00fados de experi\u00eancias divertidas para voc\u00ea curtir e viver momentos incr\u00edveis, seja em casa ou nas ruas da cidade.\",\"publisher\":{\"@id\":\"https:\/\/mcities.com.br\/curitiba\/#organization\"},\"potentialAction\":[{\"@type\":\"SearchAction\",\"target\":{\"@type\":\"EntryPoint\",\"urlTemplate\":\"https:\/\/mcities.com.br\/curitiba\/?s={search_term_string}\"},\"query-input\":\"required name=search_term_string\"}],\"inLanguage\":\"pt-BR\"},{\"@type\":\"Organization\",\"@id\":\"https:\/\/mcities.com.br\/curitiba\/#organization\",\"name\":\"MCities\",\"url\":\"https:\/\/mcities.com.br\/curitiba\/\",\"logo\":{\"@type\":\"ImageObject\",\"inLanguage\":\"pt-BR\",\"@id\":\"https:\/\/mcities.com.br\/curitiba\/#\/schema\/logo\/image\/\",\"url\":\"https:\/\/mcities.com.br\/curitiba\/wp-content\/uploads\/sites\/3\/2017\/03\/mcities-color.png\",\"contentUrl\":\"https:\/\/mcities.com.br\/curitiba\/wp-content\/uploads\/sites\/3\/2017\/03\/mcities-color.png\",\"width\":248,\"height\":57,\"caption\":\"MCities\"},\"image\":{\"@id\":\"https:\/\/mcities.com.br\/curitiba\/#\/schema\/logo\/image\/\"}},{\"@type\":\"Person\",\"@id\":\"https:\/\/mcities.com.br\/curitiba\/#\/schema\/person\/6ac15b1e4a1d6d27839240a8178970e9\",\"name\":\"Conteudo Cwb\",\"image\":{\"@type\":\"ImageObject\",\"inLanguage\":\"pt-BR\",\"@id\":\"https:\/\/mcities.com.br\/curitiba\/#\/schema\/person\/image\/\",\"url\":\"https:\/\/secure.gravatar.com\/avatar\/810323ba12b7a5cfdc385403d222624d?s=96&d=mm&r=g\",\"contentUrl\":\"https:\/\/secure.gravatar.com\/avatar\/810323ba12b7a5cfdc385403d222624d?s=96&d=mm&r=g\",\"caption\":\"Conteudo Cwb\"}}]}<\/script>\n<!-- \/ Yoast SEO plugin. -->","yoast_head_json":{"title":"Curta o dia na Col\u00f4nia Witmarsum: O Interior da Alemanha \u00e9 aqui! | MCities Curitiba","description":"Quer fazer um programa muito legal em fam\u00edlia? A Col\u00f4nia Witmarsum fica pertinho de Curitiba e \u00e9 uma viagem ao interior da Alemanha. Veja esse roteiro!","robots":{"index":"index","follow":"follow","max-snippet":"max-snippet:-1","max-image-preview":"max-image-preview:large","max-video-preview":"max-video-preview:-1"},"canonical":"https:\/\/mcities.com.br\/curitiba\/rotas\/colonia-witmarsum\/","og_locale":"pt_BR","og_type":"article","og_title":"Curta o dia na Col\u00f4nia Witmarsum: O Interior da Alemanha \u00e9 aqui! | MCities Curitiba","og_description":"Quer fazer um programa muito legal em fam\u00edlia? A Col\u00f4nia Witmarsum fica pertinho de Curitiba e \u00e9 uma viagem ao interior da Alemanha. Veja esse roteiro!","og_url":"https:\/\/mcities.com.br\/curitiba\/rotas\/colonia-witmarsum\/","og_site_name":"MCities Curitiba","article_published_time":"2021-04-02T18:56:45+00:00","article_modified_time":"2021-07-02T19:43:09+00:00","og_image":[{"width":750,"height":836,"url":"https:\/\/mcities.com.br\/curitiba\/wp-content\/uploads\/sites\/3\/2019\/02\/WhatsApp-Image-2020-09-28-at-14.56.59-1.jpeg","type":"image\/jpeg"}],"author":"Conteudo Cwb","twitter_card":"summary_large_image","twitter_misc":{"Written by":"Conteudo Cwb","Est. reading time":"7 minutos"},"schema":{"@context":"https:\/\/schema.org","@graph":[{"@type":"Article","@id":"https:\/\/mcities.com.br\/curitiba\/rotas\/colonia-witmarsum\/#article","isPartOf":{"@id":"https:\/\/mcities.com.br\/curitiba\/rotas\/colonia-witmarsum\/"},"author":{"name":"Conteudo Cwb","@id":"https:\/\/mcities.com.br\/curitiba\/#\/schema\/person\/6ac15b1e4a1d6d27839240a8178970e9"},"headline":"Curta o dia na Col\u00f4nia Witmarsum: O Interior da Alemanha \u00e9 aqui!","datePublished":"2021-04-02T18:56:45+00:00","dateModified":"2021-07-02T19:43:09+00:00","mainEntityOfPage":{"@id":"https:\/\/mcities.com.br\/curitiba\/rotas\/colonia-witmarsum\/"},"wordCount":1435,"commentCount":0,"publisher":{"@id":"https:\/\/mcities.com.br\/curitiba\/#organization"},"articleSection":["Rotas"],"inLanguage":"pt-BR","potentialAction":[{"@type":"CommentAction","name":"Comment","target":["https:\/\/mcities.com.br\/curitiba\/rotas\/colonia-witmarsum\/#respond"]}]},{"@type":"WebPage","@id":"https:\/\/mcities.com.br\/curitiba\/rotas\/colonia-witmarsum\/","url":"https:\/\/mcities.com.br\/curitiba\/rotas\/colonia-witmarsum\/","name":"Curta o dia na Col\u00f4nia Witmarsum: O Interior da Alemanha \u00e9 aqui! | MCities Curitiba","isPartOf":{"@id":"https:\/\/mcities.com.br\/curitiba\/#website"},"datePublished":"2021-04-02T18:56:45+00:00","dateModified":"2021-07-02T19:43:09+00:00","description":"Quer fazer um programa muito legal em fam\u00edlia? A Col\u00f4nia Witmarsum fica pertinho de Curitiba e \u00e9 uma viagem ao interior da Alemanha. Veja esse roteiro!","breadcrumb":{"@id":"https:\/\/mcities.com.br\/curitiba\/rotas\/colonia-witmarsum\/#breadcrumb"},"inLanguage":"pt-BR","potentialAction":[{"@type":"ReadAction","target":["https:\/\/mcities.com.br\/curitiba\/rotas\/colonia-witmarsum\/"]}]},{"@type":"BreadcrumbList","@id":"https:\/\/mcities.com.br\/curitiba\/rotas\/colonia-witmarsum\/#breadcrumb","itemListElement":[{"@type":"ListItem","position":1,"name":"Home","item":"https:\/\/mcities.com.br\/curitiba\/"},{"@type":"ListItem","position":2,"name":"Curta o dia na Col\u00f4nia Witmarsum: O Interior da Alemanha \u00e9 aqui!"}]},{"@type":"WebSite","@id":"https:\/\/mcities.com.br\/curitiba\/#website","url":"https:\/\/mcities.com.br\/curitiba\/","name":"MCities Curitiba","description":"MCities \u00e9 um sistema que tem a disposic\u0327a\u0303o de dinamizar a integrac\u0327a\u0303o entre pessoas e cidades. Somos um sistema que oferece conte\u00fados de experi\u00eancias divertidas para voc\u00ea curtir e viver momentos incr\u00edveis, seja em casa ou nas ruas da cidade.","publisher":{"@id":"https:\/\/mcities.com.br\/curitiba\/#organization"},"potentialAction":[{"@type":"SearchAction","target":{"@type":"EntryPoint","urlTemplate":"https:\/\/mcities.com.br\/curitiba\/?s={search_term_string}"},"query-input":"required name=search_term_string"}],"inLanguage":"pt-BR"},{"@type":"Organization","@id":"https:\/\/mcities.com.br\/curitiba\/#organization","name":"MCities","url":"https:\/\/mcities.com.br\/curitiba\/","logo":{"@type":"ImageObject","inLanguage":"pt-BR","@id":"https:\/\/mcities.com.br\/curitiba\/#\/schema\/logo\/image\/","url":"https:\/\/mcities.com.br\/curitiba\/wp-content\/uploads\/sites\/3\/2017\/03\/mcities-color.png","contentUrl":"https:\/\/mcities.com.br\/curitiba\/wp-content\/uploads\/sites\/3\/2017\/03\/mcities-color.png","width":248,"height":57,"caption":"MCities"},"image":{"@id":"https:\/\/mcities.com.br\/curitiba\/#\/schema\/logo\/image\/"}},{"@type":"Person","@id":"https:\/\/mcities.com.br\/curitiba\/#\/schema\/person\/6ac15b1e4a1d6d27839240a8178970e9","name":"Conteudo Cwb","image":{"@type":"ImageObject","inLanguage":"pt-BR","@id":"https:\/\/mcities.com.br\/curitiba\/#\/schema\/person\/image\/","url":"https:\/\/secure.gravatar.com\/avatar\/810323ba12b7a5cfdc385403d222624d?s=96&d=mm&r=g","contentUrl":"https:\/\/secure.gravatar.com\/avatar\/810323ba12b7a5cfdc385403d222624d?s=96&d=mm&r=g","caption":"Conteudo Cwb"}}]}},"_links":{"self":[{"href":"https:\/\/mcities.com.br\/curitiba\/wp-json\/wp\/v2\/posts\/3146"}],"collection":[{"href":"https:\/\/mcities.com.br\/curitiba\/wp-json\/wp\/v2\/posts"}],"about":[{"href":"https:\/\/mcities.com.br\/curitiba\/wp-json\/wp\/v2\/types\/post"}],"author":[{"embeddable":true,"href":"https:\/\/mcities.com.br\/curitiba\/wp-json\/wp\/v2\/users\/45"}],"replies":[{"embeddable":true,"href":"https:\/\/mcities.com.br\/curitiba\/wp-json\/wp\/v2\/comments?post=3146"}],"version-history":[{"count":22,"href":"https:\/\/mcities.com.br\/curitiba\/wp-json\/wp\/v2\/posts\/3146\/revisions"}],"predecessor-version":[{"id":11163,"href":"https:\/\/mcities.com.br\/curitiba\/wp-json\/wp\/v2\/posts\/3146\/revisions\/11163"}],"wp:featuredmedia":[{"embeddable":true,"href":"https:\/\/mcities.com.br\/curitiba\/wp-json\/wp\/v2\/media\/10973"}],"wp:attachment":[{"href":"https:\/\/mcities.com.br\/curitiba\/wp-json\/wp\/v2\/media?parent=3146"}],"wp:term":[{"taxonomy":"category","embeddable":true,"href":"https:\/\/mcities.com.br\/curitiba\/wp-json\/wp\/v2\/categories?post=3146"},{"taxonomy":"post_tag","embeddable":true,"href":"https:\/\/mcities.com.br\/curitiba\/wp-json\/wp\/v2\/tags?post=3146"}],"curies":[{"name":"wp","href":"https:\/\/api.w.org\/{rel}","templated":true}]}}