{"id":288,"date":"2018-06-22T11:26:51","date_gmt":"2018-06-22T14:26:51","guid":{"rendered":"http:\/\/mcities.com.br\/curitiba\/?p=288"},"modified":"2021-04-16T12:41:36","modified_gmt":"2021-04-16T15:41:36","slug":"museu-oscar-niemeyer","status":"publish","type":"post","link":"https:\/\/mcities.com.br\/curitiba\/descubra-curitiba\/museu-oscar-niemeyer\/","title":{"rendered":"Museu Oscar Niemeyer"},"content":{"rendered":"\t\t<div data-elementor-type=\"wp-post\" data-elementor-id=\"288\" class=\"elementor elementor-288\">\n\t\t\t\t\t\t\t\t\t<section class=\"elementor-section elementor-top-section elementor-element elementor-element-881h3qy elementor-section-boxed elementor-section-height-default elementor-section-height-default\" data-id=\"881h3qy\" data-element_type=\"section\">\n\t\t\t\t\t\t<div class=\"elementor-container elementor-column-gap-default\">\n\t\t\t\t\t<div class=\"elementor-column elementor-col-100 elementor-top-column elementor-element elementor-element-4lhpokc\" data-id=\"4lhpokc\" data-element_type=\"column\">\n\t\t\t<div class=\"elementor-widget-wrap elementor-element-populated\">\n\t\t\t\t\t\t\t\t<div class=\"elementor-element elementor-element-ptvleqd elementor-arrows-position-inside elementor-pagination-position-outside elementor-widget elementor-widget-image-carousel\" data-id=\"ptvleqd\" data-element_type=\"widget\" data-settings=\"{&quot;slides_to_show&quot;:&quot;1&quot;,&quot;navigation&quot;:&quot;both&quot;,&quot;autoplay&quot;:&quot;yes&quot;,&quot;pause_on_hover&quot;:&quot;yes&quot;,&quot;pause_on_interaction&quot;:&quot;yes&quot;,&quot;autoplay_speed&quot;:5000,&quot;infinite&quot;:&quot;yes&quot;,&quot;effect&quot;:&quot;slide&quot;,&quot;speed&quot;:500}\" data-widget_type=\"image-carousel.default\">\n\t\t\t\t<div class=\"elementor-widget-container\">\n\t\t\t\t\t<div class=\"elementor-image-carousel-wrapper swiper-container\" dir=\"ltr\">\n\t\t\t<div class=\"elementor-image-carousel swiper-wrapper\" aria-live=\"off\">\n\t\t\t\t\t\t\t\t<div class=\"swiper-slide\" role=\"group\" aria-roledescription=\"slide\" aria-label=\"1 of 3\"><figure class=\"swiper-slide-inner\"><img decoding=\"async\" class=\"swiper-slide-image\" src=\"https:\/\/mcities.com.br\/curitiba\/wp-content\/uploads\/sites\/3\/2016\/11\/MON-Museu-Oscar-Niemeyer-1024x680.jpg\" alt=\"MON-Museu-Oscar-Niemeyer\" \/><\/figure><\/div><div class=\"swiper-slide\" role=\"group\" aria-roledescription=\"slide\" aria-label=\"2 of 3\"><figure class=\"swiper-slide-inner\"><img decoding=\"async\" class=\"swiper-slide-image\" src=\"https:\/\/mcities.com.br\/curitiba\/wp-content\/uploads\/sites\/3\/2016\/11\/MON-04-1024x768.jpg\" alt=\"MON 04\" \/><\/figure><\/div><div class=\"swiper-slide\" role=\"group\" aria-roledescription=\"slide\" aria-label=\"3 of 3\"><figure class=\"swiper-slide-inner\"><img decoding=\"async\" class=\"swiper-slide-image\" src=\"https:\/\/mcities.com.br\/curitiba\/wp-content\/uploads\/sites\/3\/2016\/11\/museup814-1024x651.jpg\" alt=\"CROMO 19\nDATA20.11.2002\nFOTO NANI GOIS\" \/><\/figure><\/div>\t\t\t<\/div>\n\t\t\t\t\t\t\t\t\t\t\t\t<div class=\"elementor-swiper-button elementor-swiper-button-prev\" role=\"button\" tabindex=\"0\">\n\t\t\t\t\t\t<i aria-hidden=\"true\" class=\"eicon-chevron-left\"><\/i>\t\t\t\t\t<\/div>\n\t\t\t\t\t<div class=\"elementor-swiper-button elementor-swiper-button-next\" role=\"button\" tabindex=\"0\">\n\t\t\t\t\t\t<i aria-hidden=\"true\" class=\"eicon-chevron-right\"><\/i>\t\t\t\t\t<\/div>\n\t\t\t\t\n\t\t\t\t\t\t\t\t\t<div class=\"swiper-pagination\"><\/div>\n\t\t\t\t\t\t\t\t\t<\/div>\n\t\t\t\t<\/div>\n\t\t\t\t<\/div>\n\t\t\t\t\t<\/div>\n\t\t<\/div>\n\t\t\t\t\t\t\t<\/div>\n\t\t<\/section>\n\t\t\t\t<section class=\"elementor-section elementor-top-section elementor-element elementor-element-ra0v8vd elementor-section-boxed elementor-section-height-default elementor-section-height-default\" data-id=\"ra0v8vd\" data-element_type=\"section\">\n\t\t\t\t\t\t<div class=\"elementor-container elementor-column-gap-default\">\n\t\t\t\t\t<div class=\"elementor-column elementor-col-100 elementor-top-column elementor-element elementor-element-3hlvsvn\" data-id=\"3hlvsvn\" data-element_type=\"column\">\n\t\t\t<div class=\"elementor-widget-wrap elementor-element-populated\">\n\t\t\t\t\t\t\t\t<div class=\"elementor-element elementor-element-tbj23l9 elementor-widget elementor-widget-text-editor\" data-id=\"tbj23l9\" data-element_type=\"widget\" data-widget_type=\"text-editor.default\">\n\t\t\t\t<div class=\"elementor-widget-container\">\n\t\t\t\t\t\t\t<p style=\"margin: 0cm; margin-bottom: .0001pt;\"><span style=\"font-family: 'Tahoma','sans-serif'; color: black;\">O<span class=\"apple-converted-space\">\u00a0<\/span>Museu Oscar Niemeyer \u00e9 um dos maiores complexos de exposi\u00e7\u00e3o do Brasil, com cerca de 16 mil m\u00b2 destinados a obras de arte. Conta com diversos ambientes, incluindo um audit\u00f3rio para 400 lugares, caf\u00e9 e espa\u00e7os de lazer.<\/span> <span style=\"font-family: 'Tahoma','sans-serif'; color: black;\">Em sua inaugura\u00e7\u00e3o buscou-se um foco de atua\u00e7\u00e3o nas artes pl\u00e1sticas, no design, na arquitetura e no urbanismo.<span class=\"apple-converted-space\">\u00a0<\/span><\/span><\/p>\t\t\t\t\t\t<\/div>\n\t\t\t\t<\/div>\n\t\t\t\t\t<\/div>\n\t\t<\/div>\n\t\t\t\t\t\t\t<\/div>\n\t\t<\/section>\n\t\t\t\t<section class=\"elementor-section elementor-top-section elementor-element elementor-element-xrfxdif elementor-section-boxed elementor-section-height-default elementor-section-height-default\" data-id=\"xrfxdif\" data-element_type=\"section\">\n\t\t\t\t\t\t<div class=\"elementor-container elementor-column-gap-default\">\n\t\t\t\t\t<div class=\"elementor-column elementor-col-50 elementor-top-column elementor-element elementor-element-jer4fmu\" data-id=\"jer4fmu\" data-element_type=\"column\">\n\t\t\t<div class=\"elementor-widget-wrap elementor-element-populated\">\n\t\t\t\t\t\t\t\t<div class=\"elementor-element elementor-element-u9jha5d elementor-widget elementor-widget-video\" data-id=\"u9jha5d\" data-element_type=\"widget\" data-settings=\"{&quot;show_image_overlay&quot;:&quot;no&quot;,&quot;youtube_url&quot;:&quot;https:\\\/\\\/www.youtube.com\\\/watch?v=NAKqKGq9HB8&amp;feature=youtu.be&quot;,&quot;video_type&quot;:&quot;youtube&quot;,&quot;controls&quot;:&quot;yes&quot;}\" data-widget_type=\"video.default\">\n\t\t\t\t<div class=\"elementor-widget-container\">\n\t\t\t\t\t<div class=\"elementor-wrapper elementor-open-inline\">\n\t\t\t<div class=\"elementor-video\"><\/div>\t\t<\/div>\n\t\t\t\t<\/div>\n\t\t\t\t<\/div>\n\t\t\t\t\t<\/div>\n\t\t<\/div>\n\t\t\t\t<div class=\"elementor-column elementor-col-50 elementor-top-column elementor-element elementor-element-uyn0x3o\" data-id=\"uyn0x3o\" data-element_type=\"column\">\n\t\t\t<div class=\"elementor-widget-wrap elementor-element-populated\">\n\t\t\t\t\t\t\t\t<div class=\"elementor-element elementor-element-dwa6qyy elementor-widget elementor-widget-video\" data-id=\"dwa6qyy\" data-element_type=\"widget\" data-settings=\"{&quot;show_image_overlay&quot;:&quot;no&quot;,&quot;youtube_url&quot;:&quot;https:\\\/\\\/www.youtube.com\\\/watch?v=VxulU1d4wEs&amp;feature=youtu.be&quot;,&quot;video_type&quot;:&quot;youtube&quot;,&quot;controls&quot;:&quot;yes&quot;}\" data-widget_type=\"video.default\">\n\t\t\t\t<div class=\"elementor-widget-container\">\n\t\t\t\t\t<div class=\"elementor-wrapper elementor-open-inline\">\n\t\t\t<div class=\"elementor-video\"><\/div>\t\t<\/div>\n\t\t\t\t<\/div>\n\t\t\t\t<\/div>\n\t\t\t\t\t<\/div>\n\t\t<\/div>\n\t\t\t\t\t\t\t<\/div>\n\t\t<\/section>\n\t\t\t\t\t\t\t<\/div>\n\t\t","protected":false},"excerpt":{"rendered":"<p>Previous Next O\u00a0Museu Oscar Niemeyer \u00e9 um dos maiores complexos de exposi\u00e7\u00e3o do Brasil, com cerca de 16 mil m\u00b2 destinados a obras de arte. Conta com diversos ambientes, incluindo um audit\u00f3rio para 400 lugares, caf\u00e9 e espa\u00e7os de lazer. Em sua inaugura\u00e7\u00e3o buscou-se um foco de atua\u00e7\u00e3o nas artes pl\u00e1sticas, no design, na arquitetura [&hellip;]<\/p>\n","protected":false},"author":4,"featured_media":291,"comment_status":"open","ping_status":"open","sticky":false,"template":"","format":"standard","meta":{"footnotes":""},"categories":[15],"tags":[],"yoast_head":"<!-- This site is optimized with the Yoast SEO plugin v21.9.1 - https:\/\/yoast.com\/wordpress\/plugins\/seo\/ -->\n<title>Museu Oscar Niemeyer | MCities Curitiba<\/title>\n<meta name=\"description\" content=\"Conhe\u00e7a o MON Museu Oscar Niemeyer em Curitiba. Uma obra de arte em plena \u00e1rea central de Curitiba. Voc\u00ea sabia que\" \/>\n<meta name=\"robots\" content=\"index, follow, max-snippet:-1, max-image-preview:large, max-video-preview:-1\" \/>\n<link rel=\"canonical\" href=\"https:\/\/mcities.com.br\/curitiba\/descubra-curitiba\/museu-oscar-niemeyer\/\" \/>\n<meta property=\"og:locale\" content=\"pt_BR\" \/>\n<meta property=\"og:type\" content=\"article\" \/>\n<meta property=\"og:title\" content=\"Museu Oscar Niemeyer | MCities Curitiba\" \/>\n<meta property=\"og:description\" content=\"Conhe\u00e7a o MON Museu Oscar Niemeyer em Curitiba. Uma obra de arte em plena \u00e1rea central de Curitiba. Voc\u00ea sabia que\" \/>\n<meta property=\"og:url\" content=\"https:\/\/mcities.com.br\/curitiba\/descubra-curitiba\/museu-oscar-niemeyer\/\" \/>\n<meta property=\"og:site_name\" content=\"MCities Curitiba\" \/>\n<meta property=\"article:published_time\" content=\"2018-06-22T14:26:51+00:00\" \/>\n<meta property=\"article:modified_time\" content=\"2021-04-16T15:41:36+00:00\" \/>\n<meta property=\"og:image\" content=\"https:\/\/mcities.com.br\/curitiba\/wp-content\/uploads\/sites\/3\/2016\/11\/MON-Museu-Oscar-Niemeyer.jpg\" \/>\n\t<meta property=\"og:image:width\" content=\"1204\" \/>\n\t<meta property=\"og:image:height\" content=\"800\" \/>\n\t<meta property=\"og:image:type\" content=\"image\/jpeg\" \/>\n<meta name=\"author\" content=\"rafaella\" \/>\n<meta name=\"twitter:card\" content=\"summary_large_image\" \/>\n<meta name=\"twitter:label1\" content=\"Written by\" \/>\n\t<meta name=\"twitter:data1\" content=\"rafaella\" \/>\n\t<meta name=\"twitter:label2\" content=\"Est. reading time\" \/>\n\t<meta name=\"twitter:data2\" content=\"2 minutos\" \/>\n<script type=\"application\/ld+json\" class=\"yoast-schema-graph\">{\"@context\":\"https:\/\/schema.org\",\"@graph\":[{\"@type\":\"Article\",\"@id\":\"https:\/\/mcities.com.br\/curitiba\/descubra-curitiba\/museu-oscar-niemeyer\/#article\",\"isPartOf\":{\"@id\":\"https:\/\/mcities.com.br\/curitiba\/descubra-curitiba\/museu-oscar-niemeyer\/\"},\"author\":{\"name\":\"rafaella\",\"@id\":\"https:\/\/mcities.com.br\/curitiba\/#\/schema\/person\/ab2a331e37f353249014fdf2cc206904\"},\"headline\":\"Museu Oscar Niemeyer\",\"datePublished\":\"2018-06-22T14:26:51+00:00\",\"dateModified\":\"2021-04-16T15:41:36+00:00\",\"mainEntityOfPage\":{\"@id\":\"https:\/\/mcities.com.br\/curitiba\/descubra-curitiba\/museu-oscar-niemeyer\/\"},\"wordCount\":87,\"commentCount\":0,\"publisher\":{\"@id\":\"https:\/\/mcities.com.br\/curitiba\/#organization\"},\"articleSection\":[\"Descubra Curitiba\"],\"inLanguage\":\"pt-BR\",\"potentialAction\":[{\"@type\":\"CommentAction\",\"name\":\"Comment\",\"target\":[\"https:\/\/mcities.com.br\/curitiba\/descubra-curitiba\/museu-oscar-niemeyer\/#respond\"]}]},{\"@type\":\"WebPage\",\"@id\":\"https:\/\/mcities.com.br\/curitiba\/descubra-curitiba\/museu-oscar-niemeyer\/\",\"url\":\"https:\/\/mcities.com.br\/curitiba\/descubra-curitiba\/museu-oscar-niemeyer\/\",\"name\":\"Museu Oscar Niemeyer | MCities Curitiba\",\"isPartOf\":{\"@id\":\"https:\/\/mcities.com.br\/curitiba\/#website\"},\"datePublished\":\"2018-06-22T14:26:51+00:00\",\"dateModified\":\"2021-04-16T15:41:36+00:00\",\"description\":\"Conhe\u00e7a o MON Museu Oscar Niemeyer em Curitiba. Uma obra de arte em plena \u00e1rea central de Curitiba. Voc\u00ea sabia que\",\"breadcrumb\":{\"@id\":\"https:\/\/mcities.com.br\/curitiba\/descubra-curitiba\/museu-oscar-niemeyer\/#breadcrumb\"},\"inLanguage\":\"pt-BR\",\"potentialAction\":[{\"@type\":\"ReadAction\",\"target\":[\"https:\/\/mcities.com.br\/curitiba\/descubra-curitiba\/museu-oscar-niemeyer\/\"]}]},{\"@type\":\"BreadcrumbList\",\"@id\":\"https:\/\/mcities.com.br\/curitiba\/descubra-curitiba\/museu-oscar-niemeyer\/#breadcrumb\",\"itemListElement\":[{\"@type\":\"ListItem\",\"position\":1,\"name\":\"Home\",\"item\":\"https:\/\/mcities.com.br\/curitiba\/\"},{\"@type\":\"ListItem\",\"position\":2,\"name\":\"Museu Oscar Niemeyer\"}]},{\"@type\":\"WebSite\",\"@id\":\"https:\/\/mcities.com.br\/curitiba\/#website\",\"url\":\"https:\/\/mcities.com.br\/curitiba\/\",\"name\":\"MCities Curitiba\",\"description\":\"MCities \u00e9 um sistema que tem a disposic\u0327a\u0303o de dinamizar a integrac\u0327a\u0303o entre pessoas e cidades. Somos um sistema que oferece conte\u00fados de experi\u00eancias divertidas para voc\u00ea curtir e viver momentos incr\u00edveis, seja em casa ou nas ruas da cidade.\",\"publisher\":{\"@id\":\"https:\/\/mcities.com.br\/curitiba\/#organization\"},\"potentialAction\":[{\"@type\":\"SearchAction\",\"target\":{\"@type\":\"EntryPoint\",\"urlTemplate\":\"https:\/\/mcities.com.br\/curitiba\/?s={search_term_string}\"},\"query-input\":\"required name=search_term_string\"}],\"inLanguage\":\"pt-BR\"},{\"@type\":\"Organization\",\"@id\":\"https:\/\/mcities.com.br\/curitiba\/#organization\",\"name\":\"MCities\",\"url\":\"https:\/\/mcities.com.br\/curitiba\/\",\"logo\":{\"@type\":\"ImageObject\",\"inLanguage\":\"pt-BR\",\"@id\":\"https:\/\/mcities.com.br\/curitiba\/#\/schema\/logo\/image\/\",\"url\":\"https:\/\/mcities.com.br\/curitiba\/wp-content\/uploads\/sites\/3\/2017\/03\/mcities-color.png\",\"contentUrl\":\"https:\/\/mcities.com.br\/curitiba\/wp-content\/uploads\/sites\/3\/2017\/03\/mcities-color.png\",\"width\":248,\"height\":57,\"caption\":\"MCities\"},\"image\":{\"@id\":\"https:\/\/mcities.com.br\/curitiba\/#\/schema\/logo\/image\/\"}},{\"@type\":\"Person\",\"@id\":\"https:\/\/mcities.com.br\/curitiba\/#\/schema\/person\/ab2a331e37f353249014fdf2cc206904\",\"name\":\"rafaella\",\"image\":{\"@type\":\"ImageObject\",\"inLanguage\":\"pt-BR\",\"@id\":\"https:\/\/mcities.com.br\/curitiba\/#\/schema\/person\/image\/\",\"url\":\"https:\/\/secure.gravatar.com\/avatar\/38acb7da06d08f0acea5172c9d9e470d?s=96&d=mm&r=g\",\"contentUrl\":\"https:\/\/secure.gravatar.com\/avatar\/38acb7da06d08f0acea5172c9d9e470d?s=96&d=mm&r=g\",\"caption\":\"rafaella\"}}]}<\/script>\n<!-- \/ Yoast SEO plugin. -->","yoast_head_json":{"title":"Museu Oscar Niemeyer | MCities Curitiba","description":"Conhe\u00e7a o MON Museu Oscar Niemeyer em Curitiba. Uma obra de arte em plena \u00e1rea central de Curitiba. Voc\u00ea sabia que","robots":{"index":"index","follow":"follow","max-snippet":"max-snippet:-1","max-image-preview":"max-image-preview:large","max-video-preview":"max-video-preview:-1"},"canonical":"https:\/\/mcities.com.br\/curitiba\/descubra-curitiba\/museu-oscar-niemeyer\/","og_locale":"pt_BR","og_type":"article","og_title":"Museu Oscar Niemeyer | MCities Curitiba","og_description":"Conhe\u00e7a o MON Museu Oscar Niemeyer em Curitiba. Uma obra de arte em plena \u00e1rea central de Curitiba. Voc\u00ea sabia que","og_url":"https:\/\/mcities.com.br\/curitiba\/descubra-curitiba\/museu-oscar-niemeyer\/","og_site_name":"MCities Curitiba","article_published_time":"2018-06-22T14:26:51+00:00","article_modified_time":"2021-04-16T15:41:36+00:00","og_image":[{"width":"1204","height":"800","url":"https:\/\/mcities.com.br\/curitiba\/wp-content\/uploads\/sites\/3\/2016\/11\/MON-Museu-Oscar-Niemeyer.jpg","type":"image\/jpeg"}],"author":"rafaella","twitter_card":"summary_large_image","twitter_misc":{"Written by":"rafaella","Est. reading time":"2 minutos"},"schema":{"@context":"https:\/\/schema.org","@graph":[{"@type":"Article","@id":"https:\/\/mcities.com.br\/curitiba\/descubra-curitiba\/museu-oscar-niemeyer\/#article","isPartOf":{"@id":"https:\/\/mcities.com.br\/curitiba\/descubra-curitiba\/museu-oscar-niemeyer\/"},"author":{"name":"rafaella","@id":"https:\/\/mcities.com.br\/curitiba\/#\/schema\/person\/ab2a331e37f353249014fdf2cc206904"},"headline":"Museu Oscar Niemeyer","datePublished":"2018-06-22T14:26:51+00:00","dateModified":"2021-04-16T15:41:36+00:00","mainEntityOfPage":{"@id":"https:\/\/mcities.com.br\/curitiba\/descubra-curitiba\/museu-oscar-niemeyer\/"},"wordCount":87,"commentCount":0,"publisher":{"@id":"https:\/\/mcities.com.br\/curitiba\/#organization"},"articleSection":["Descubra Curitiba"],"inLanguage":"pt-BR","potentialAction":[{"@type":"CommentAction","name":"Comment","target":["https:\/\/mcities.com.br\/curitiba\/descubra-curitiba\/museu-oscar-niemeyer\/#respond"]}]},{"@type":"WebPage","@id":"https:\/\/mcities.com.br\/curitiba\/descubra-curitiba\/museu-oscar-niemeyer\/","url":"https:\/\/mcities.com.br\/curitiba\/descubra-curitiba\/museu-oscar-niemeyer\/","name":"Museu Oscar Niemeyer | MCities Curitiba","isPartOf":{"@id":"https:\/\/mcities.com.br\/curitiba\/#website"},"datePublished":"2018-06-22T14:26:51+00:00","dateModified":"2021-04-16T15:41:36+00:00","description":"Conhe\u00e7a o MON Museu Oscar Niemeyer em Curitiba. Uma obra de arte em plena \u00e1rea central de Curitiba. Voc\u00ea sabia que","breadcrumb":{"@id":"https:\/\/mcities.com.br\/curitiba\/descubra-curitiba\/museu-oscar-niemeyer\/#breadcrumb"},"inLanguage":"pt-BR","potentialAction":[{"@type":"ReadAction","target":["https:\/\/mcities.com.br\/curitiba\/descubra-curitiba\/museu-oscar-niemeyer\/"]}]},{"@type":"BreadcrumbList","@id":"https:\/\/mcities.com.br\/curitiba\/descubra-curitiba\/museu-oscar-niemeyer\/#breadcrumb","itemListElement":[{"@type":"ListItem","position":1,"name":"Home","item":"https:\/\/mcities.com.br\/curitiba\/"},{"@type":"ListItem","position":2,"name":"Museu Oscar Niemeyer"}]},{"@type":"WebSite","@id":"https:\/\/mcities.com.br\/curitiba\/#website","url":"https:\/\/mcities.com.br\/curitiba\/","name":"MCities Curitiba","description":"MCities \u00e9 um sistema que tem a disposic\u0327a\u0303o de dinamizar a integrac\u0327a\u0303o entre pessoas e cidades. Somos um sistema que oferece conte\u00fados de experi\u00eancias divertidas para voc\u00ea curtir e viver momentos incr\u00edveis, seja em casa ou nas ruas da cidade.","publisher":{"@id":"https:\/\/mcities.com.br\/curitiba\/#organization"},"potentialAction":[{"@type":"SearchAction","target":{"@type":"EntryPoint","urlTemplate":"https:\/\/mcities.com.br\/curitiba\/?s={search_term_string}"},"query-input":"required name=search_term_string"}],"inLanguage":"pt-BR"},{"@type":"Organization","@id":"https:\/\/mcities.com.br\/curitiba\/#organization","name":"MCities","url":"https:\/\/mcities.com.br\/curitiba\/","logo":{"@type":"ImageObject","inLanguage":"pt-BR","@id":"https:\/\/mcities.com.br\/curitiba\/#\/schema\/logo\/image\/","url":"https:\/\/mcities.com.br\/curitiba\/wp-content\/uploads\/sites\/3\/2017\/03\/mcities-color.png","contentUrl":"https:\/\/mcities.com.br\/curitiba\/wp-content\/uploads\/sites\/3\/2017\/03\/mcities-color.png","width":248,"height":57,"caption":"MCities"},"image":{"@id":"https:\/\/mcities.com.br\/curitiba\/#\/schema\/logo\/image\/"}},{"@type":"Person","@id":"https:\/\/mcities.com.br\/curitiba\/#\/schema\/person\/ab2a331e37f353249014fdf2cc206904","name":"rafaella","image":{"@type":"ImageObject","inLanguage":"pt-BR","@id":"https:\/\/mcities.com.br\/curitiba\/#\/schema\/person\/image\/","url":"https:\/\/secure.gravatar.com\/avatar\/38acb7da06d08f0acea5172c9d9e470d?s=96&d=mm&r=g","contentUrl":"https:\/\/secure.gravatar.com\/avatar\/38acb7da06d08f0acea5172c9d9e470d?s=96&d=mm&r=g","caption":"rafaella"}}]}},"_links":{"self":[{"href":"https:\/\/mcities.com.br\/curitiba\/wp-json\/wp\/v2\/posts\/288"}],"collection":[{"href":"https:\/\/mcities.com.br\/curitiba\/wp-json\/wp\/v2\/posts"}],"about":[{"href":"https:\/\/mcities.com.br\/curitiba\/wp-json\/wp\/v2\/types\/post"}],"author":[{"embeddable":true,"href":"https:\/\/mcities.com.br\/curitiba\/wp-json\/wp\/v2\/users\/4"}],"replies":[{"embeddable":true,"href":"https:\/\/mcities.com.br\/curitiba\/wp-json\/wp\/v2\/comments?post=288"}],"version-history":[{"count":13,"href":"https:\/\/mcities.com.br\/curitiba\/wp-json\/wp\/v2\/posts\/288\/revisions"}],"predecessor-version":[{"id":12062,"href":"https:\/\/mcities.com.br\/curitiba\/wp-json\/wp\/v2\/posts\/288\/revisions\/12062"}],"wp:featuredmedia":[{"embeddable":true,"href":"https:\/\/mcities.com.br\/curitiba\/wp-json\/wp\/v2\/media\/291"}],"wp:attachment":[{"href":"https:\/\/mcities.com.br\/curitiba\/wp-json\/wp\/v2\/media?parent=288"}],"wp:term":[{"taxonomy":"category","embeddable":true,"href":"https:\/\/mcities.com.br\/curitiba\/wp-json\/wp\/v2\/categories?post=288"},{"taxonomy":"post_tag","embeddable":true,"href":"https:\/\/mcities.com.br\/curitiba\/wp-json\/wp\/v2\/tags?post=288"}],"curies":[{"name":"wp","href":"https:\/\/api.w.org\/{rel}","templated":true}]}}