{"id":2162,"date":"2020-12-01T08:00:16","date_gmt":"2020-12-01T11:00:16","guid":{"rendered":"http:\/\/mcities.com.br\/curitiba\/?p=2162"},"modified":"2021-04-16T18:32:29","modified_gmt":"2021-04-16T21:32:29","slug":"piquenique-em-curitiba","status":"publish","type":"post","link":"https:\/\/mcities.com.br\/curitiba\/o-que-fazer-em-familia\/piquenique-em-curitiba\/","title":{"rendered":"Piquenique, Oba! 5 lugares para aproveitar o dia."},"content":{"rendered":"<h2>Existe algo melhor na vida do que comer, rodeado de natureza e amigos?<\/h2>\n<p>Curitiba possui diversas \u00e1reas para fazer um piquenique e fizemos uma sele\u00e7\u00e3o de lugares especiais. Agora \u00e9 s\u00f3 preparar a cesta, pegar a toalha e aproveitar!<\/p>\n<h3>Dentro de Curitiba!<\/h3>\n<p>O <strong>Parque Gomm<\/strong> ainda \u00e9 desconhecido por grande parte dos curitibanos, mas \u00e9 uma del\u00edcia para fazer um piquenique. O local \u00e9 bem aconchegante, com uma \u00e1rea verde super cuidada e v\u00e1rios espa\u00e7os para aproveitar. Uma boa pedida para um piquenique rom\u00e2ntico!<\/p>\n<p>Ah! E ainda fica melhor: fica dentro de Curitiba. Voc\u00ea n\u00e3o precisa se deslocar muito pra curtir, fica atr\u00e1s do Shopping P\u00e1tio Batel. Como \u00e9 um local aberto, ele funciona todos os dias o dia todo. A nossa sugest\u00e3o \u00e9 aproveitar os finais de semana, quando o parque tem mais frequentadores.<\/p>\n<p>Outra dica \u00e9 n\u00e3o ter pressa. Curta o momento e fique no parque at\u00e9 o p\u00f4r do sol. A luz bate nas vegeta\u00e7\u00e3o e cria uma sensa\u00e7\u00e3o muito gostosa e agrad\u00e1vel.<\/p>\n<p><em>Endere\u00e7o: Rua Hermes Fontes, s\/n &#8211; Batel.<\/em><\/p>\n<div id=\"attachment_2171\" style=\"width: 1510px\" class=\"wp-caption aligncenter\"><img fetchpriority=\"high\" decoding=\"async\" aria-describedby=\"caption-attachment-2171\" class=\"wp-image-2171 size-full\" src=\"https:\/\/mcities.com.br\/curitiba\/wp-content\/uploads\/sites\/3\/2018\/01\/Foto-3-Parque-Gomm-O-nome-do-parque-\u00e9-em-homenagem-a-uma-fam\u00edlia-tradicional-de-origem-brit\u00e2nica-que-viveu-no-casar\u00e3o.-Foto_-Valdecir-Galor_SMCS.jpg\" alt=\"parque gromm\" width=\"1500\" height=\"1000\" srcset=\"https:\/\/mcities.com.br\/curitiba\/wp-content\/uploads\/sites\/3\/2018\/01\/Foto-3-Parque-Gomm-O-nome-do-parque-\u00e9-em-homenagem-a-uma-fam\u00edlia-tradicional-de-origem-brit\u00e2nica-que-viveu-no-casar\u00e3o.-Foto_-Valdecir-Galor_SMCS.jpg 1500w, https:\/\/mcities.com.br\/curitiba\/wp-content\/uploads\/sites\/3\/2018\/01\/Foto-3-Parque-Gomm-O-nome-do-parque-\u00e9-em-homenagem-a-uma-fam\u00edlia-tradicional-de-origem-brit\u00e2nica-que-viveu-no-casar\u00e3o.-Foto_-Valdecir-Galor_SMCS-300x200.jpg 300w, https:\/\/mcities.com.br\/curitiba\/wp-content\/uploads\/sites\/3\/2018\/01\/Foto-3-Parque-Gomm-O-nome-do-parque-\u00e9-em-homenagem-a-uma-fam\u00edlia-tradicional-de-origem-brit\u00e2nica-que-viveu-no-casar\u00e3o.-Foto_-Valdecir-Galor_SMCS-768x512.jpg 768w, https:\/\/mcities.com.br\/curitiba\/wp-content\/uploads\/sites\/3\/2018\/01\/Foto-3-Parque-Gomm-O-nome-do-parque-\u00e9-em-homenagem-a-uma-fam\u00edlia-tradicional-de-origem-brit\u00e2nica-que-viveu-no-casar\u00e3o.-Foto_-Valdecir-Galor_SMCS-1024x683.jpg 1024w, https:\/\/mcities.com.br\/curitiba\/wp-content\/uploads\/sites\/3\/2018\/01\/Foto-3-Parque-Gomm-O-nome-do-parque-\u00e9-em-homenagem-a-uma-fam\u00edlia-tradicional-de-origem-brit\u00e2nica-que-viveu-no-casar\u00e3o.-Foto_-Valdecir-Galor_SMCS-600x400.jpg 600w\" sizes=\"(max-width: 1500px) 100vw, 1500px\" \/><p id=\"caption-attachment-2171\" class=\"wp-caption-text\">O nome do parque \u00e9 em homenagem a uma fam\u00edlia tradicional de origem brit\u00e2nica que viveu no casar\u00e3o. Foto: Valdecir Galor\/SMCS<\/p><\/div>\n<h4><strong>Para curtir com fam\u00edlia e amigos<\/strong><\/h4>\n<p>Localizada na tranquilidade do bairro Juvev\u00ea, a <strong>Pra\u00e7a Brigadeiro Eppinghaus<\/strong> agrada diversos p\u00fablicos. Tem espa\u00e7o e \u00e9 bem localizada, al\u00e9m de contar com um m\u00f3dulo policial.<\/p>\n<p>Para ir com filhos, o local possui um parquinho de areia com trepa-trepa, escorregador e diversos outros brinquedos para aproveitar. Tem uma \u00e1rea verde para piquenique bem ao lado do parquinho, ent\u00e3o d\u00e1 para unir o \u00fatil ao agrad\u00e1vel.<\/p>\n<p>Se a ideia \u00e9 curtir com os amigos, d\u00e1 pra jogar futebol, basquete, ping pong e tamb\u00e9m levar um jogo de casa para jogar nas mesinhas. A pra\u00e7a tem muita sombra de \u00e1rvore, o que ajuda nos dias de calor intenso.<\/p>\n<p>Se esquecer de algo pro piquenique, n\u00e3o tem problema! Ali pertinho voc\u00ea encontra padarias, mercados e postos de gasolina a uma dist\u00e2ncia muito pequena.<\/p>\n<p><em>Endere\u00e7o: R. Jos\u00e9 de Alencar, S\/n &#8211; Centro C\u00edvico.<\/em><\/p>\n<div id=\"attachment_2172\" style=\"width: 1510px\" class=\"wp-caption aligncenter\"><img decoding=\"async\" aria-describedby=\"caption-attachment-2172\" class=\"wp-image-2172 size-full\" src=\"https:\/\/mcities.com.br\/curitiba\/wp-content\/uploads\/sites\/3\/2018\/01\/Pra\u00e7a-do-juveve.jpg\" alt=\"praca 19 de mar\u00e7o\" width=\"1500\" height=\"843\" srcset=\"https:\/\/mcities.com.br\/curitiba\/wp-content\/uploads\/sites\/3\/2018\/01\/Pra\u00e7a-do-juveve.jpg 1500w, https:\/\/mcities.com.br\/curitiba\/wp-content\/uploads\/sites\/3\/2018\/01\/Pra\u00e7a-do-juveve-300x169.jpg 300w, https:\/\/mcities.com.br\/curitiba\/wp-content\/uploads\/sites\/3\/2018\/01\/Pra\u00e7a-do-juveve-768x432.jpg 768w, https:\/\/mcities.com.br\/curitiba\/wp-content\/uploads\/sites\/3\/2018\/01\/Pra\u00e7a-do-juveve-1024x575.jpg 1024w, https:\/\/mcities.com.br\/curitiba\/wp-content\/uploads\/sites\/3\/2018\/01\/Pra\u00e7a-do-juveve-1280x720.jpg 1280w\" sizes=\"(max-width: 1500px) 100vw, 1500px\" \/><p id=\"caption-attachment-2172\" class=\"wp-caption-text\">Piquenique com amigos ou com a fam\u00edlia.<\/p><\/div>\n<h3>Ao redor de Curitiba<\/h3>\n<h4><strong>Em meio aos animais<\/strong><\/h4>\n<p>Que tal fazer um piquenique enquanto conhecemos mais sobre os animais? O <strong>Zool\u00f3gico Municipal de Curitiba<\/strong> ocupa uma \u00e1rea de mais de 500 mil metros quadrados e est\u00e1 entre um dos cinco zool\u00f3gicos mais conceituados do Brasil.<\/p>\n<p>O ideal \u00e9 chegar cedo e aproveitar para conhecer sobre o zoo e seus ocupantes. S\u00e3o mais de tr\u00eas mil animais e entre eles, voc\u00ea consegue ver at\u00e9 um urso, um le\u00e3o e um chimpanz\u00e9.<\/p>\n<p>Quando a fome bater voc\u00ea pode optar por um das tendas com mesas ou procurar um espa\u00e7o verde afastado dos animais para montar sua toalha. Mas gente! Nada de alimentar animais e deixar lixo por a\u00ed, n\u00e9?!<\/p>\n<p>O Zool\u00f3gico Municipal de Curitiba abre de ter\u00e7a a domingo e feriados das 10h at\u00e9 as 16h. A entrada \u00e9 gratuita.<\/p>\n<p><em>Rua Jo\u00e3o Miqueletto, s\/n &#8211; Alto Boqueir\u00e3o | (41) 3378-1221 | <a href=\"https:\/\/www.facebook.com\/zoologicodecuritiba\/\" target=\"_blank\" rel=\"noopener\">Facebook do Zoo<\/a><\/em><\/p>\n<div id=\"attachment_2169\" style=\"width: 2058px\" class=\"wp-caption aligncenter\"><img decoding=\"async\" aria-describedby=\"caption-attachment-2169\" class=\"wp-image-2169 size-full\" src=\"https:\/\/mcities.com.br\/curitiba\/wp-content\/uploads\/sites\/3\/2018\/01\/Foto-1-Zool\u00f3gico-O-zool\u00f3gico-tamb\u00e9m-abriga-girafas.-Foto_-Cesar-Brustolin_SMCS.jpg\" alt=\"zoologico\" width=\"2048\" height=\"1360\" srcset=\"https:\/\/mcities.com.br\/curitiba\/wp-content\/uploads\/sites\/3\/2018\/01\/Foto-1-Zool\u00f3gico-O-zool\u00f3gico-tamb\u00e9m-abriga-girafas.-Foto_-Cesar-Brustolin_SMCS.jpg 2048w, https:\/\/mcities.com.br\/curitiba\/wp-content\/uploads\/sites\/3\/2018\/01\/Foto-1-Zool\u00f3gico-O-zool\u00f3gico-tamb\u00e9m-abriga-girafas.-Foto_-Cesar-Brustolin_SMCS-300x199.jpg 300w, https:\/\/mcities.com.br\/curitiba\/wp-content\/uploads\/sites\/3\/2018\/01\/Foto-1-Zool\u00f3gico-O-zool\u00f3gico-tamb\u00e9m-abriga-girafas.-Foto_-Cesar-Brustolin_SMCS-768x510.jpg 768w, https:\/\/mcities.com.br\/curitiba\/wp-content\/uploads\/sites\/3\/2018\/01\/Foto-1-Zool\u00f3gico-O-zool\u00f3gico-tamb\u00e9m-abriga-girafas.-Foto_-Cesar-Brustolin_SMCS-1024x680.jpg 1024w\" sizes=\"(max-width: 2048px) 100vw, 2048px\" \/><p id=\"caption-attachment-2169\" class=\"wp-caption-text\">O zool\u00f3gico tamb\u00e9m abriga girafas. Foto: Cesar Brustolin\/SMCS<\/p><\/div>\n<h4><strong>Regado a vinho\u00a0<\/strong><\/h4>\n<p>Se voc\u00ea \u00e9 apreciador de vinho, espumante ou mesmo um suco de uva natural, est\u00e1 \u00e9 para voc\u00ea! Na <strong>Vin\u00edcola Legado<\/strong> voc\u00ea pode fazer seu piquenique ao lado das parreiras e ainda se aprofunda no mundo dos vinhos.<\/p>\n<p>Com um ingresso de R$ 45, voc\u00ea tem direito a uma visita guiada e pode conhecer de perto as uvas usadas na produ\u00e7\u00e3o enquanto anda de trator. Tamb\u00e9m recebe uma estrutura completa para seu piquenique, com pallets, redes, baldes com gelo, cesta com toalha e talheres. \u00c9 poss\u00edvel reverter parte da entrada em compras na loja.<\/p>\n<p>A dica \u00e9 preparar seus lanches e petiscos e tamb\u00e9m aproveitar para combinar com as gel\u00e9ias, pat\u00eas, caponatas e cremes de queijo que o local vende. Se n\u00e3o quiser levar de casa, d\u00e1 pra encomendar alguns sandu\u00edches e saladas com anteced\u00eancia no local.<\/p>\n<p>Voc\u00ea pode comprar o ingresso pelo site ou agendar pelo telefone e pagar na hora. A vin\u00edcola funciona no s\u00e1bado e no domingo das 11h30 \u00e0s 19h. Entrada: Adultos (R$45), crian\u00e7as de 11 a 17 anos (R$20) e at\u00e9 11 anos n\u00e3o pagam.<\/p>\n<p><em>Endere\u00e7o: Rodovia Engenheiro Raul Azevedo de Macedo, 5800 &#8211; Campo Largo | Fone: (41) 99199-9744 | <a href=\"http:\/\/www.vinicolalegado.com.br\/\" target=\"_blank\" rel=\"noopener\">Site da Vin\u00edcola<\/a>\u00a0<\/em><\/p>\n<div id=\"attachment_2170\" style=\"width: 1290px\" class=\"wp-caption aligncenter\"><img loading=\"lazy\" decoding=\"async\" aria-describedby=\"caption-attachment-2170\" class=\"wp-image-2170 size-full\" src=\"https:\/\/mcities.com.br\/curitiba\/wp-content\/uploads\/sites\/3\/2018\/01\/Foto-5-Vin\u00edcola-Legado-A-estrutura-\u00e9-bem-completa-e-fica-no-meio-da-fazenda.-Foto_-Divulga\u00e7\u00e3o.jpg\" alt=\"fazenda\" width=\"1280\" height=\"768\" srcset=\"https:\/\/mcities.com.br\/curitiba\/wp-content\/uploads\/sites\/3\/2018\/01\/Foto-5-Vin\u00edcola-Legado-A-estrutura-\u00e9-bem-completa-e-fica-no-meio-da-fazenda.-Foto_-Divulga\u00e7\u00e3o.jpg 1280w, https:\/\/mcities.com.br\/curitiba\/wp-content\/uploads\/sites\/3\/2018\/01\/Foto-5-Vin\u00edcola-Legado-A-estrutura-\u00e9-bem-completa-e-fica-no-meio-da-fazenda.-Foto_-Divulga\u00e7\u00e3o-300x180.jpg 300w, https:\/\/mcities.com.br\/curitiba\/wp-content\/uploads\/sites\/3\/2018\/01\/Foto-5-Vin\u00edcola-Legado-A-estrutura-\u00e9-bem-completa-e-fica-no-meio-da-fazenda.-Foto_-Divulga\u00e7\u00e3o-768x461.jpg 768w, https:\/\/mcities.com.br\/curitiba\/wp-content\/uploads\/sites\/3\/2018\/01\/Foto-5-Vin\u00edcola-Legado-A-estrutura-\u00e9-bem-completa-e-fica-no-meio-da-fazenda.-Foto_-Divulga\u00e7\u00e3o-1024x614.jpg 1024w\" sizes=\"(max-width: 1280px) 100vw, 1280px\" \/><p id=\"caption-attachment-2170\" class=\"wp-caption-text\">A estrutura \u00e9 bem completa e fica no meio da fazenda. Foto: Divulga\u00e7\u00e3o<\/p><\/div>\n<h4><strong>Para se refrescar em dias de calor<\/strong><\/h4>\n<p>Se a ideia \u00e9 aliar o piquenique a uma atividade mais aventureira, a resposta certa \u00e9 Cachoeira do Panel\u00e3o! Localizada a cerca de 75km de Curitiba e dentro da <strong>Fazenda V\u00f4 Joanin<\/strong>, o local conta com um rio muito limpo e uma queda de mais de 10 metros de altura.<\/p>\n<p>O local possui uma estrutura muito completa, com lanchonete, restaurante, churrasqueira, estacionamento, camping e banheiros com chuveiro quente e equipamentos de seguran\u00e7a. \u00c9 um programa ideal curtir com fam\u00edlia e amigos.<\/p>\n<p>Tome um caf\u00e9 da manh\u00e3 refor\u00e7ado, chegar cedo e aproveitar a cachoeira e o rio at\u00e9 quando der fome. Depois disso, estenda sua \/quadriculada (ou n\u00e3o! hehe) na \u00e1rea reservada para o piquenique, ao lado do estacionamento, e aproveite. O estabelecimento s\u00f3 n\u00e3o permite que levem bebidas &#8211; elas devem ser adquiridas na lanchonete ou no restaurante.<\/p>\n<p>A Cachoeira do Panel\u00e3o funciona s\u00e1bado e domingo das 11h \u00e0s 19h. A abertura do local depende do clima e das chuvas, ent\u00e3o eles sempre avisam na p\u00e1gina do facebook. Vale fazer reserva antecipada, pois o estabelecimento possui uma lota\u00e7\u00e3o m\u00e1xima.<\/p>\n<p><em>Endere\u00e7o: BR 277 km 146 (Sentido Ponta Grossa, a entrada fica 100 metros antes do trevo para a Col\u00f4nia Witmarsum) | Fone: (41) 9206-1885 e (41) 9206-1914 | <a href=\"https:\/\/www.facebook.com\/fazenda.vojoanin\/\" target=\"_blank\" rel=\"noopener\">Facebook da Fazenda\u00a0<\/a><\/em><\/p>\n<div id=\"attachment_2168\" style=\"width: 970px\" class=\"wp-caption aligncenter\"><img loading=\"lazy\" decoding=\"async\" aria-describedby=\"caption-attachment-2168\" class=\"wp-image-2168 size-full\" src=\"https:\/\/mcities.com.br\/curitiba\/wp-content\/uploads\/sites\/3\/2018\/01\/Foto-8-Cachoeira-do-Panel\u00e3o-A-cachoeira-\u00e9-um-\u00f3timo-lugar-para-relaxar-e-curtir-a-natureza.-Foto_-Divulga\u00e7\u00e3o.jpg\" alt=\"Cahoeira\" width=\"960\" height=\"638\" srcset=\"https:\/\/mcities.com.br\/curitiba\/wp-content\/uploads\/sites\/3\/2018\/01\/Foto-8-Cachoeira-do-Panel\u00e3o-A-cachoeira-\u00e9-um-\u00f3timo-lugar-para-relaxar-e-curtir-a-natureza.-Foto_-Divulga\u00e7\u00e3o.jpg 960w, https:\/\/mcities.com.br\/curitiba\/wp-content\/uploads\/sites\/3\/2018\/01\/Foto-8-Cachoeira-do-Panel\u00e3o-A-cachoeira-\u00e9-um-\u00f3timo-lugar-para-relaxar-e-curtir-a-natureza.-Foto_-Divulga\u00e7\u00e3o-300x199.jpg 300w, https:\/\/mcities.com.br\/curitiba\/wp-content\/uploads\/sites\/3\/2018\/01\/Foto-8-Cachoeira-do-Panel\u00e3o-A-cachoeira-\u00e9-um-\u00f3timo-lugar-para-relaxar-e-curtir-a-natureza.-Foto_-Divulga\u00e7\u00e3o-768x510.jpg 768w, https:\/\/mcities.com.br\/curitiba\/wp-content\/uploads\/sites\/3\/2018\/01\/Foto-8-Cachoeira-do-Panel\u00e3o-A-cachoeira-\u00e9-um-\u00f3timo-lugar-para-relaxar-e-curtir-a-natureza.-Foto_-Divulga\u00e7\u00e3o-600x400.jpg 600w\" sizes=\"(max-width: 960px) 100vw, 960px\" \/><p id=\"caption-attachment-2168\" class=\"wp-caption-text\">A cachoeira \u00e9 ideal para dias de calor. Foto: Divulga\u00e7\u00e3o<\/p><\/div>\n<p>Seu neg\u00f3cio \u00e9 natureza mesmo? Veja dicas para curtir com a <a href=\"http:\/\/mcities.com.br\/curitiba\/familia-folha-final-de-semana-em-meio-natureza-que\/\" target=\"_blank\" rel=\"noopener\">fam\u00edlia em meio ao verde<\/a>!<\/p>\n<h6><em>*Valores podem ser alterados sem aviso pr\u00e9vio do estabelecimento.<\/em><\/h6>\n","protected":false},"excerpt":{"rendered":"<p>Existe algo melhor na vida do que comer, rodeado de natureza e amigos? Curitiba possui diversas \u00e1reas para fazer um piquenique e fizemos uma sele\u00e7\u00e3o de lugares especiais. Agora \u00e9 s\u00f3 preparar a cesta, pegar a toalha e aproveitar! Dentro de Curitiba! O Parque Gomm ainda \u00e9 desconhecido por grande parte dos curitibanos, mas \u00e9 [&hellip;]<\/p>\n","protected":false},"author":45,"featured_media":3296,"comment_status":"open","ping_status":"open","sticky":false,"template":"","format":"standard","meta":{"footnotes":""},"categories":[4],"tags":[47,48,49,50,51,52,53,54,55,56,57,58],"yoast_head":"<!-- This site is optimized with the Yoast SEO plugin v21.9.1 - https:\/\/yoast.com\/wordpress\/plugins\/seo\/ -->\n<title>Piquenique, Oba! 5 lugares para aproveitar o dia. | MCities Curitiba<\/title>\n<meta name=\"description\" content=\"Que tal aproveitar o dia para comer ao ar livre e curtir a natureza? Pegue a cesta, a toalha e vem com a gente fazer um Piquenique em Curitiba.\" \/>\n<meta name=\"robots\" content=\"index, follow, max-snippet:-1, max-image-preview:large, max-video-preview:-1\" \/>\n<link rel=\"canonical\" href=\"https:\/\/mcities.com.br\/curitiba\/o-que-fazer-em-familia\/piquenique-em-curitiba\/\" \/>\n<meta property=\"og:locale\" content=\"pt_BR\" \/>\n<meta property=\"og:type\" content=\"article\" \/>\n<meta property=\"og:title\" content=\"Piquenique, Oba! 5 lugares para aproveitar o dia. | MCities Curitiba\" \/>\n<meta property=\"og:description\" content=\"Que tal aproveitar o dia para comer ao ar livre e curtir a natureza? Pegue a cesta, a toalha e vem com a gente fazer um Piquenique em Curitiba.\" \/>\n<meta property=\"og:url\" content=\"https:\/\/mcities.com.br\/curitiba\/o-que-fazer-em-familia\/piquenique-em-curitiba\/\" \/>\n<meta property=\"og:site_name\" content=\"MCities Curitiba\" \/>\n<meta property=\"article:published_time\" content=\"2020-12-01T11:00:16+00:00\" \/>\n<meta property=\"article:modified_time\" content=\"2021-04-16T21:32:29+00:00\" \/>\n<meta property=\"og:image\" content=\"https:\/\/mcities.com.br\/curitiba\/wp-content\/uploads\/sites\/3\/2018\/02\/iStock-519306148.jpg\" \/>\n\t<meta property=\"og:image:width\" content=\"2048\" \/>\n\t<meta property=\"og:image:height\" content=\"1366\" \/>\n\t<meta property=\"og:image:type\" content=\"image\/jpeg\" \/>\n<meta name=\"author\" content=\"Conteudo Cwb\" \/>\n<meta name=\"twitter:card\" content=\"summary_large_image\" \/>\n<meta name=\"twitter:label1\" content=\"Written by\" \/>\n\t<meta name=\"twitter:data1\" content=\"Conteudo Cwb\" \/>\n\t<meta name=\"twitter:label2\" content=\"Est. reading time\" \/>\n\t<meta name=\"twitter:data2\" content=\"6 minutos\" \/>\n<script type=\"application\/ld+json\" class=\"yoast-schema-graph\">{\"@context\":\"https:\/\/schema.org\",\"@graph\":[{\"@type\":\"Article\",\"@id\":\"https:\/\/mcities.com.br\/curitiba\/o-que-fazer-em-familia\/piquenique-em-curitiba\/#article\",\"isPartOf\":{\"@id\":\"https:\/\/mcities.com.br\/curitiba\/o-que-fazer-em-familia\/piquenique-em-curitiba\/\"},\"author\":{\"name\":\"Conteudo Cwb\",\"@id\":\"https:\/\/mcities.com.br\/curitiba\/#\/schema\/person\/6ac15b1e4a1d6d27839240a8178970e9\"},\"headline\":\"Piquenique, Oba! 5 lugares para aproveitar o dia.\",\"datePublished\":\"2020-12-01T11:00:16+00:00\",\"dateModified\":\"2021-04-16T21:32:29+00:00\",\"mainEntityOfPage\":{\"@id\":\"https:\/\/mcities.com.br\/curitiba\/o-que-fazer-em-familia\/piquenique-em-curitiba\/\"},\"wordCount\":1058,\"commentCount\":0,\"publisher\":{\"@id\":\"https:\/\/mcities.com.br\/curitiba\/#organization\"},\"keywords\":[\"picnic\",\"ar livre\",\"passeios\",\"dia de sol\",\"Zool\u00f3gico Municipal de Curitiba\",\"zoologico\",\"zoologico curitiba\",\"Vin\u00edcola Legado\",\"vin\u00edcola\",\"piquenique\",\"Parque Gomm\",\"Cachoeira do Panel\u00e3o\"],\"articleSection\":[\"Em Fam\u00edlia\"],\"inLanguage\":\"pt-BR\",\"potentialAction\":[{\"@type\":\"CommentAction\",\"name\":\"Comment\",\"target\":[\"https:\/\/mcities.com.br\/curitiba\/o-que-fazer-em-familia\/piquenique-em-curitiba\/#respond\"]}]},{\"@type\":\"WebPage\",\"@id\":\"https:\/\/mcities.com.br\/curitiba\/o-que-fazer-em-familia\/piquenique-em-curitiba\/\",\"url\":\"https:\/\/mcities.com.br\/curitiba\/o-que-fazer-em-familia\/piquenique-em-curitiba\/\",\"name\":\"Piquenique, Oba! 5 lugares para aproveitar o dia. | MCities Curitiba\",\"isPartOf\":{\"@id\":\"https:\/\/mcities.com.br\/curitiba\/#website\"},\"datePublished\":\"2020-12-01T11:00:16+00:00\",\"dateModified\":\"2021-04-16T21:32:29+00:00\",\"description\":\"Que tal aproveitar o dia para comer ao ar livre e curtir a natureza? Pegue a cesta, a toalha e vem com a gente fazer um Piquenique em Curitiba.\",\"breadcrumb\":{\"@id\":\"https:\/\/mcities.com.br\/curitiba\/o-que-fazer-em-familia\/piquenique-em-curitiba\/#breadcrumb\"},\"inLanguage\":\"pt-BR\",\"potentialAction\":[{\"@type\":\"ReadAction\",\"target\":[\"https:\/\/mcities.com.br\/curitiba\/o-que-fazer-em-familia\/piquenique-em-curitiba\/\"]}]},{\"@type\":\"BreadcrumbList\",\"@id\":\"https:\/\/mcities.com.br\/curitiba\/o-que-fazer-em-familia\/piquenique-em-curitiba\/#breadcrumb\",\"itemListElement\":[{\"@type\":\"ListItem\",\"position\":1,\"name\":\"Home\",\"item\":\"https:\/\/mcities.com.br\/curitiba\/\"},{\"@type\":\"ListItem\",\"position\":2,\"name\":\"Piquenique, Oba! 5 lugares para aproveitar o dia.\"}]},{\"@type\":\"WebSite\",\"@id\":\"https:\/\/mcities.com.br\/curitiba\/#website\",\"url\":\"https:\/\/mcities.com.br\/curitiba\/\",\"name\":\"MCities Curitiba\",\"description\":\"MCities \u00e9 um sistema que tem a disposic\u0327a\u0303o de dinamizar a integrac\u0327a\u0303o entre pessoas e cidades. Somos um sistema que oferece conte\u00fados de experi\u00eancias divertidas para voc\u00ea curtir e viver momentos incr\u00edveis, seja em casa ou nas ruas da cidade.\",\"publisher\":{\"@id\":\"https:\/\/mcities.com.br\/curitiba\/#organization\"},\"potentialAction\":[{\"@type\":\"SearchAction\",\"target\":{\"@type\":\"EntryPoint\",\"urlTemplate\":\"https:\/\/mcities.com.br\/curitiba\/?s={search_term_string}\"},\"query-input\":\"required name=search_term_string\"}],\"inLanguage\":\"pt-BR\"},{\"@type\":\"Organization\",\"@id\":\"https:\/\/mcities.com.br\/curitiba\/#organization\",\"name\":\"MCities\",\"url\":\"https:\/\/mcities.com.br\/curitiba\/\",\"logo\":{\"@type\":\"ImageObject\",\"inLanguage\":\"pt-BR\",\"@id\":\"https:\/\/mcities.com.br\/curitiba\/#\/schema\/logo\/image\/\",\"url\":\"https:\/\/mcities.com.br\/curitiba\/wp-content\/uploads\/sites\/3\/2017\/03\/mcities-color.png\",\"contentUrl\":\"https:\/\/mcities.com.br\/curitiba\/wp-content\/uploads\/sites\/3\/2017\/03\/mcities-color.png\",\"width\":248,\"height\":57,\"caption\":\"MCities\"},\"image\":{\"@id\":\"https:\/\/mcities.com.br\/curitiba\/#\/schema\/logo\/image\/\"}},{\"@type\":\"Person\",\"@id\":\"https:\/\/mcities.com.br\/curitiba\/#\/schema\/person\/6ac15b1e4a1d6d27839240a8178970e9\",\"name\":\"Conteudo Cwb\",\"image\":{\"@type\":\"ImageObject\",\"inLanguage\":\"pt-BR\",\"@id\":\"https:\/\/mcities.com.br\/curitiba\/#\/schema\/person\/image\/\",\"url\":\"https:\/\/secure.gravatar.com\/avatar\/810323ba12b7a5cfdc385403d222624d?s=96&d=mm&r=g\",\"contentUrl\":\"https:\/\/secure.gravatar.com\/avatar\/810323ba12b7a5cfdc385403d222624d?s=96&d=mm&r=g\",\"caption\":\"Conteudo Cwb\"}}]}<\/script>\n<!-- \/ Yoast SEO plugin. -->","yoast_head_json":{"title":"Piquenique, Oba! 5 lugares para aproveitar o dia. | MCities Curitiba","description":"Que tal aproveitar o dia para comer ao ar livre e curtir a natureza? Pegue a cesta, a toalha e vem com a gente fazer um Piquenique em Curitiba.","robots":{"index":"index","follow":"follow","max-snippet":"max-snippet:-1","max-image-preview":"max-image-preview:large","max-video-preview":"max-video-preview:-1"},"canonical":"https:\/\/mcities.com.br\/curitiba\/o-que-fazer-em-familia\/piquenique-em-curitiba\/","og_locale":"pt_BR","og_type":"article","og_title":"Piquenique, Oba! 5 lugares para aproveitar o dia. | MCities Curitiba","og_description":"Que tal aproveitar o dia para comer ao ar livre e curtir a natureza? Pegue a cesta, a toalha e vem com a gente fazer um Piquenique em Curitiba.","og_url":"https:\/\/mcities.com.br\/curitiba\/o-que-fazer-em-familia\/piquenique-em-curitiba\/","og_site_name":"MCities Curitiba","article_published_time":"2020-12-01T11:00:16+00:00","article_modified_time":"2021-04-16T21:32:29+00:00","og_image":[{"width":"2048","height":"1366","url":"https:\/\/mcities.com.br\/curitiba\/wp-content\/uploads\/sites\/3\/2018\/02\/iStock-519306148.jpg","type":"image\/jpeg"}],"author":"Conteudo Cwb","twitter_card":"summary_large_image","twitter_misc":{"Written by":"Conteudo Cwb","Est. reading time":"6 minutos"},"schema":{"@context":"https:\/\/schema.org","@graph":[{"@type":"Article","@id":"https:\/\/mcities.com.br\/curitiba\/o-que-fazer-em-familia\/piquenique-em-curitiba\/#article","isPartOf":{"@id":"https:\/\/mcities.com.br\/curitiba\/o-que-fazer-em-familia\/piquenique-em-curitiba\/"},"author":{"name":"Conteudo Cwb","@id":"https:\/\/mcities.com.br\/curitiba\/#\/schema\/person\/6ac15b1e4a1d6d27839240a8178970e9"},"headline":"Piquenique, Oba! 5 lugares para aproveitar o dia.","datePublished":"2020-12-01T11:00:16+00:00","dateModified":"2021-04-16T21:32:29+00:00","mainEntityOfPage":{"@id":"https:\/\/mcities.com.br\/curitiba\/o-que-fazer-em-familia\/piquenique-em-curitiba\/"},"wordCount":1058,"commentCount":0,"publisher":{"@id":"https:\/\/mcities.com.br\/curitiba\/#organization"},"keywords":["picnic","ar livre","passeios","dia de sol","Zool\u00f3gico Municipal de Curitiba","zoologico","zoologico curitiba","Vin\u00edcola Legado","vin\u00edcola","piquenique","Parque Gomm","Cachoeira do Panel\u00e3o"],"articleSection":["Em Fam\u00edlia"],"inLanguage":"pt-BR","potentialAction":[{"@type":"CommentAction","name":"Comment","target":["https:\/\/mcities.com.br\/curitiba\/o-que-fazer-em-familia\/piquenique-em-curitiba\/#respond"]}]},{"@type":"WebPage","@id":"https:\/\/mcities.com.br\/curitiba\/o-que-fazer-em-familia\/piquenique-em-curitiba\/","url":"https:\/\/mcities.com.br\/curitiba\/o-que-fazer-em-familia\/piquenique-em-curitiba\/","name":"Piquenique, Oba! 5 lugares para aproveitar o dia. | MCities Curitiba","isPartOf":{"@id":"https:\/\/mcities.com.br\/curitiba\/#website"},"datePublished":"2020-12-01T11:00:16+00:00","dateModified":"2021-04-16T21:32:29+00:00","description":"Que tal aproveitar o dia para comer ao ar livre e curtir a natureza? Pegue a cesta, a toalha e vem com a gente fazer um Piquenique em Curitiba.","breadcrumb":{"@id":"https:\/\/mcities.com.br\/curitiba\/o-que-fazer-em-familia\/piquenique-em-curitiba\/#breadcrumb"},"inLanguage":"pt-BR","potentialAction":[{"@type":"ReadAction","target":["https:\/\/mcities.com.br\/curitiba\/o-que-fazer-em-familia\/piquenique-em-curitiba\/"]}]},{"@type":"BreadcrumbList","@id":"https:\/\/mcities.com.br\/curitiba\/o-que-fazer-em-familia\/piquenique-em-curitiba\/#breadcrumb","itemListElement":[{"@type":"ListItem","position":1,"name":"Home","item":"https:\/\/mcities.com.br\/curitiba\/"},{"@type":"ListItem","position":2,"name":"Piquenique, Oba! 5 lugares para aproveitar o dia."}]},{"@type":"WebSite","@id":"https:\/\/mcities.com.br\/curitiba\/#website","url":"https:\/\/mcities.com.br\/curitiba\/","name":"MCities Curitiba","description":"MCities \u00e9 um sistema que tem a disposic\u0327a\u0303o de dinamizar a integrac\u0327a\u0303o entre pessoas e cidades. Somos um sistema que oferece conte\u00fados de experi\u00eancias divertidas para voc\u00ea curtir e viver momentos incr\u00edveis, seja em casa ou nas ruas da cidade.","publisher":{"@id":"https:\/\/mcities.com.br\/curitiba\/#organization"},"potentialAction":[{"@type":"SearchAction","target":{"@type":"EntryPoint","urlTemplate":"https:\/\/mcities.com.br\/curitiba\/?s={search_term_string}"},"query-input":"required name=search_term_string"}],"inLanguage":"pt-BR"},{"@type":"Organization","@id":"https:\/\/mcities.com.br\/curitiba\/#organization","name":"MCities","url":"https:\/\/mcities.com.br\/curitiba\/","logo":{"@type":"ImageObject","inLanguage":"pt-BR","@id":"https:\/\/mcities.com.br\/curitiba\/#\/schema\/logo\/image\/","url":"https:\/\/mcities.com.br\/curitiba\/wp-content\/uploads\/sites\/3\/2017\/03\/mcities-color.png","contentUrl":"https:\/\/mcities.com.br\/curitiba\/wp-content\/uploads\/sites\/3\/2017\/03\/mcities-color.png","width":248,"height":57,"caption":"MCities"},"image":{"@id":"https:\/\/mcities.com.br\/curitiba\/#\/schema\/logo\/image\/"}},{"@type":"Person","@id":"https:\/\/mcities.com.br\/curitiba\/#\/schema\/person\/6ac15b1e4a1d6d27839240a8178970e9","name":"Conteudo Cwb","image":{"@type":"ImageObject","inLanguage":"pt-BR","@id":"https:\/\/mcities.com.br\/curitiba\/#\/schema\/person\/image\/","url":"https:\/\/secure.gravatar.com\/avatar\/810323ba12b7a5cfdc385403d222624d?s=96&d=mm&r=g","contentUrl":"https:\/\/secure.gravatar.com\/avatar\/810323ba12b7a5cfdc385403d222624d?s=96&d=mm&r=g","caption":"Conteudo Cwb"}}]}},"_links":{"self":[{"href":"https:\/\/mcities.com.br\/curitiba\/wp-json\/wp\/v2\/posts\/2162"}],"collection":[{"href":"https:\/\/mcities.com.br\/curitiba\/wp-json\/wp\/v2\/posts"}],"about":[{"href":"https:\/\/mcities.com.br\/curitiba\/wp-json\/wp\/v2\/types\/post"}],"author":[{"embeddable":true,"href":"https:\/\/mcities.com.br\/curitiba\/wp-json\/wp\/v2\/users\/45"}],"replies":[{"embeddable":true,"href":"https:\/\/mcities.com.br\/curitiba\/wp-json\/wp\/v2\/comments?post=2162"}],"version-history":[{"count":16,"href":"https:\/\/mcities.com.br\/curitiba\/wp-json\/wp\/v2\/posts\/2162\/revisions"}],"predecessor-version":[{"id":12094,"href":"https:\/\/mcities.com.br\/curitiba\/wp-json\/wp\/v2\/posts\/2162\/revisions\/12094"}],"wp:featuredmedia":[{"embeddable":true,"href":"https:\/\/mcities.com.br\/curitiba\/wp-json\/wp\/v2\/media\/3296"}],"wp:attachment":[{"href":"https:\/\/mcities.com.br\/curitiba\/wp-json\/wp\/v2\/media?parent=2162"}],"wp:term":[{"taxonomy":"category","embeddable":true,"href":"https:\/\/mcities.com.br\/curitiba\/wp-json\/wp\/v2\/categories?post=2162"},{"taxonomy":"post_tag","embeddable":true,"href":"https:\/\/mcities.com.br\/curitiba\/wp-json\/wp\/v2\/tags?post=2162"}],"curies":[{"name":"wp","href":"https:\/\/api.w.org\/{rel}","templated":true}]}}