{"id":1282,"date":"2018-04-20T08:00:56","date_gmt":"2018-04-20T11:00:56","guid":{"rendered":"http:\/\/mcities.com.br\/curitiba\/?p=1282"},"modified":"2021-04-16T18:10:01","modified_gmt":"2021-04-16T21:10:01","slug":"o-barreado-que-subiu-serra","status":"publish","type":"post","link":"https:\/\/mcities.com.br\/curitiba\/sabor-curitiba\/o-barreado-que-subiu-serra\/","title":{"rendered":"O barreado que subiu a serra: quatro restaurantes para se deliciar em Curitiba"},"content":{"rendered":"<h2>O prato t\u00edpico do Paran\u00e1 \u00e9 o queridinho de quem nasceu por aqui e dos turistas que v\u00eam conhecer.<\/h2>\n<p>O que pouca gente sabe \u00e9 que d\u00e1 pra apreci\u00e1-lo com qualidade fora do litoral e encontrar barreado em Curitiba. Listamos alguns restaurantes que servem a iguaria preparada da forma tradicional (e outras nem tanto).<\/p>\n<h3>Receita de fam\u00edlia<\/h3>\n<p>O nome j\u00e1 diz tudo: no Restaurante Morretes a receita \u00e9 preparada do mesmo jeitinho que na unidade da fam\u00edlia no litoral, e o melhor: sem sair do bairro Juvev\u00ea. A filial do restaurante que j\u00e1 foi eleito o melhor barreado de Morretes serve o prato no buf\u00ea por quilo, junto com outras op\u00e7\u00f5es de carnes e acompanhamentos. Fica aberto de segunda a s\u00e1bado, somente no hor\u00e1rio do almo\u00e7o. O pre\u00e7o do quilo \u00e9 R$ 37,80 e do buf\u00ea livre \u00e9 R$ 23.<\/p>\n<p><strong>Dica MCities<\/strong>: al\u00e9m do barreado, o restaurante tem no buf\u00ea o inovador nhoque de churros com doce de leite. Fica a dica pra sobremesa!<\/p>\n<div id=\"attachment_1283\" style=\"width: 2058px\" class=\"wp-caption alignnone\"><img fetchpriority=\"high\" decoding=\"async\" aria-describedby=\"caption-attachment-1283\" class=\"size-full wp-image-1283\" src=\"http:\/\/mcities.com.br\/curitiba\/wp-content\/uploads\/sites\/3\/2017\/09\/barreado-1.jpg\" alt=\"\" width=\"2048\" height=\"1252\" srcset=\"https:\/\/mcities.com.br\/curitiba\/wp-content\/uploads\/sites\/3\/2017\/09\/barreado-1.jpg 2048w, https:\/\/mcities.com.br\/curitiba\/wp-content\/uploads\/sites\/3\/2017\/09\/barreado-1-300x183.jpg 300w, https:\/\/mcities.com.br\/curitiba\/wp-content\/uploads\/sites\/3\/2017\/09\/barreado-1-768x470.jpg 768w, https:\/\/mcities.com.br\/curitiba\/wp-content\/uploads\/sites\/3\/2017\/09\/barreado-1-1024x626.jpg 1024w\" sizes=\"(max-width: 2048px) 100vw, 2048px\" \/><p id=\"caption-attachment-1283\" class=\"wp-caption-text\">Este subiu a serra e trouxe tradi\u00e7\u00e3o familiar de Morretes.<\/p><\/div>\n<p><em>Endere\u00e7o: Rua Euz\u00e9bio da Motta, 783 &#8211; Juvev\u00ea | Telefone:\u00a0(41) 3049-3280\u00a0<\/em><\/p>\n<h3>Barreado + Batata = &lt;3<\/h3>\n<p>Aos s\u00e1bados e domingos, a sugest\u00e3o \u00e9 almo\u00e7ar barreado entre uma compra e outra na unidade do Beto Batata no Park Shopping Barigui. A receita tamb\u00e9m segue todo o ritual de cozinhar a carne por horas na panela de barro selada e \u00e9 servido de forma tradicional com a farinha fininha de mandioca do litoral. O prato \u00e9 servido das 12 \u00e0s 15h e custa R$ 44,90 por pessoa.<\/p>\n<p>Mas se voc\u00ea \u00e9 um apaixonado por batata (o carro chefe da casa), \u00e0 noite ou em outros dias da semana, tamb\u00e9m pode matar a vontade desse sabor pedindo uma batata su\u00ed\u00e7a com recheio de barreado. Essa op\u00e7\u00e3o sai por R$ 25,90 e \u00e9 muito saborosa, apesar de parecer estranha! Ah, l\u00e1 tem sempre m\u00fasica ao vivo aos s\u00e1bados.<\/p>\n<p>Dica MCities: A batata recheada de barreado tem pre\u00e7o especial na segunda-feira: R$ 16,90. Para uma overdose de barreado, experimente tamb\u00e9m os premiados bolinhos da casa. S\u00e3o uma loucura!<\/p>\n<div id=\"attachment_3948\" style=\"width: 1034px\" class=\"wp-caption alignnone\"><img decoding=\"async\" aria-describedby=\"caption-attachment-3948\" class=\"size-large wp-image-3948\" src=\"https:\/\/mcities.com.br\/curitiba\/wp-content\/uploads\/sites\/3\/2017\/09\/WhatsApp-Image-2018-03-24-at-13.18.46-1024x768.jpeg\" alt=\"Al\u00e9m do barreado tradicional, o Beto Batata serve batata su\u00ed\u00e7a de barreado e ainda bolinhos inspirados na receita!\" width=\"1024\" height=\"768\" srcset=\"https:\/\/mcities.com.br\/curitiba\/wp-content\/uploads\/sites\/3\/2017\/09\/WhatsApp-Image-2018-03-24-at-13.18.46-1024x768.jpeg 1024w, https:\/\/mcities.com.br\/curitiba\/wp-content\/uploads\/sites\/3\/2017\/09\/WhatsApp-Image-2018-03-24-at-13.18.46-300x225.jpeg 300w, https:\/\/mcities.com.br\/curitiba\/wp-content\/uploads\/sites\/3\/2017\/09\/WhatsApp-Image-2018-03-24-at-13.18.46-768x576.jpeg 768w, https:\/\/mcities.com.br\/curitiba\/wp-content\/uploads\/sites\/3\/2017\/09\/WhatsApp-Image-2018-03-24-at-13.18.46.jpeg 1280w\" sizes=\"(max-width: 1024px) 100vw, 1024px\" \/><p id=\"caption-attachment-3948\" class=\"wp-caption-text\">Al\u00e9m do barreado tradicional, o Beto Batata serve batata su\u00ed\u00e7a de barreado e ainda bolinhos inspirados na receita!<\/p><\/div>\n<p><em>Endere\u00e7o Park Shopping Barigui: Rua Professor Pedro Viriato Parigot de Souza, 600 &#8211; Mossungu\u00ea \u2013 piso t\u00e9rreo. Telefone: (41) 3317-6969 | <a href=\"http:\/\/www.betobatata.com.br\" target=\"_blank\" rel=\"noopener\">Site do Beto Batata<\/a><\/em><\/p>\n<h3>Deu vontade no meio da semana? Tem tamb\u00e9m!<\/h3>\n<p>Toda quinta-feira tem barreado no Bar Jacobina, no alto na XV. O prato \u00e9 servido desde que o bar abriu, seguindo todo o rito: barreado, arroz branco, farinha branca de mandioca e banana. De quebra, aquela sensa\u00e7\u00e3o gostosa de almo\u00e7ar num dos bares mais charmosos da cidade, todo colorido e cheio de antiguidades. O pre\u00e7o \u00e9 R$ 33,80 por pessoa, somente no almo\u00e7o.<\/p>\n<p><em>Endere\u00e7o: Rua Almirante Tamandar\u00e9, 1365 &#8211; Alto da XV | Telefone: (41)\u00a03016-6111 | <a href=\"https:\/\/www.facebook.com\/barjacobina\/\" target=\"_blank\" rel=\"noopener\">Facebook do Jacobina<\/a><\/em>.<\/p>\n<div id=\"attachment_3047\" style=\"width: 1010px\" class=\"wp-caption alignnone\"><img decoding=\"async\" aria-describedby=\"caption-attachment-3047\" class=\"size-full wp-image-3047\" src=\"https:\/\/mcities.com.br\/curitiba\/wp-content\/uploads\/sites\/3\/2017\/09\/barreado-jacobina.jpg\" alt=\"No Jacobina a cmida \u00e9 sempre bem caseirinha e o ambiente descontra\u00eddo. Foto: Divulga\u00e7\u00e3o do Facebook.\" width=\"1000\" height=\"667\" srcset=\"https:\/\/mcities.com.br\/curitiba\/wp-content\/uploads\/sites\/3\/2017\/09\/barreado-jacobina.jpg 1000w, https:\/\/mcities.com.br\/curitiba\/wp-content\/uploads\/sites\/3\/2017\/09\/barreado-jacobina-300x200.jpg 300w, https:\/\/mcities.com.br\/curitiba\/wp-content\/uploads\/sites\/3\/2017\/09\/barreado-jacobina-768x512.jpg 768w, https:\/\/mcities.com.br\/curitiba\/wp-content\/uploads\/sites\/3\/2017\/09\/barreado-jacobina-600x400.jpg 600w\" sizes=\"(max-width: 1000px) 100vw, 1000px\" \/><p id=\"caption-attachment-3047\" class=\"wp-caption-text\">No Jacobina a comida \u00e9 sempre bem caseirinha e o ambiente descontra\u00eddo. Foto: Divulga\u00e7\u00e3o do Facebook.<\/p><\/div>\n<h3>Barreado com feijoada?<\/h3>\n<p>Tem sim senhor! No Bar Quermesse, no almo\u00e7o do fim de semana (s\u00e1bado e domingo) a pedida \u00e9 o buffet livre de feijoada e barreado (t\u00e1, mas n\u00e3o precisa comer tudo junto e misturado, rs), com todos os acompanhamentos e aquela cerveja gelada. As caipirinhas tamb\u00e9m s\u00e3o famosas e j\u00e1 foram premiadas. A decora\u00e7\u00e3o \u00e9 uma atra\u00e7\u00e3o \u00e0 parte, com tecidos de chita e objetos antigos. O valor do almo\u00e7o por pessoa \u00e9 de R$ 35.<\/p>\n<p>\u00c0 noite, voc\u00ea pode pedir uma panelinha de barreado, como aquelas bem de v\u00f3. A por\u00e7\u00e3o individual serve barreado, banana, farinha de mandioca e arroz. Custa R$ 25.<\/p>\n<div id=\"attachment_1286\" style=\"width: 750px\" class=\"wp-caption alignnone\"><img loading=\"lazy\" decoding=\"async\" aria-describedby=\"caption-attachment-1286\" class=\"size-full wp-image-1286\" src=\"http:\/\/mcities.com.br\/curitiba\/wp-content\/uploads\/sites\/3\/2017\/09\/quermesse.jpeg\" alt=\"\" width=\"740\" height=\"490\" srcset=\"https:\/\/mcities.com.br\/curitiba\/wp-content\/uploads\/sites\/3\/2017\/09\/quermesse.jpeg 740w, https:\/\/mcities.com.br\/curitiba\/wp-content\/uploads\/sites\/3\/2017\/09\/quermesse-300x199.jpeg 300w\" sizes=\"(max-width: 740px) 100vw, 740px\" \/><p id=\"caption-attachment-1286\" class=\"wp-caption-text\">Panelinha de Barreado \u00e9 por\u00e7\u00e3o individual do Quermesse.<\/p><\/div>\n<p><em>Endere\u00e7o: Rua Carlos Pioli, 479 &#8211; | Telefone: (41)\u00a03026-6676 |<a href=\"https:\/\/www.facebook.com\/barquermesse\"> Facebook do Quermesse<\/a><\/em>.<\/p>\n<p>Dica MCities: o Barreado tamb\u00e9m entrou de outras formas no card\u00e1pio de v\u00e1rios bares e restaurantes de Curitiba. Tem pastel, sandu\u00edche, bolinho e at\u00e9 pizza sabor barreado. Vale a pena experimentar!<\/p>\n<p><em>* Os valores listados nesta mat\u00e9ria est\u00e3o com base de pesquisa de janeiro de 2018. Os pre\u00e7os podem sofrer altera\u00e7\u00e3o sem aviso pr\u00e9vio.<\/em><\/p>\n","protected":false},"excerpt":{"rendered":"<p>O prato t\u00edpico do Paran\u00e1 \u00e9 o queridinho de quem nasceu por aqui e dos turistas que v\u00eam conhecer. O que pouca gente sabe \u00e9 que d\u00e1 pra apreci\u00e1-lo com qualidade fora do litoral e encontrar barreado em Curitiba. Listamos alguns restaurantes que servem a iguaria preparada da forma tradicional (e outras nem tanto). Receita [&hellip;]<\/p>\n","protected":false},"author":16,"featured_media":1283,"comment_status":"open","ping_status":"open","sticky":false,"template":"","format":"standard","meta":{"footnotes":""},"categories":[12],"tags":[],"yoast_head":"<!-- This site is optimized with the Yoast SEO plugin v21.9.1 - https:\/\/yoast.com\/wordpress\/plugins\/seo\/ -->\n<title>O barreado que subiu a serra: quatro restaurantes para se deliciar em Curitiba | MCities Curitiba<\/title>\n<meta name=\"description\" content=\"O prato t\u00edpico do Paran\u00e1 \u00e9 o queridinho de quem nasceu por aqui e dos turistas que vem conhecer. Voc\u00ea encontra barreado em Curitiba\" \/>\n<meta name=\"robots\" content=\"index, follow, max-snippet:-1, max-image-preview:large, max-video-preview:-1\" \/>\n<link rel=\"canonical\" href=\"https:\/\/mcities.com.br\/curitiba\/sabor-curitiba\/o-barreado-que-subiu-serra\/\" \/>\n<meta property=\"og:locale\" content=\"pt_BR\" \/>\n<meta property=\"og:type\" content=\"article\" \/>\n<meta property=\"og:title\" content=\"O barreado que subiu a serra: quatro restaurantes para se deliciar em Curitiba | MCities Curitiba\" \/>\n<meta property=\"og:description\" content=\"O prato t\u00edpico do Paran\u00e1 \u00e9 o queridinho de quem nasceu por aqui e dos turistas que vem conhecer. Voc\u00ea encontra barreado em Curitiba\" \/>\n<meta property=\"og:url\" content=\"https:\/\/mcities.com.br\/curitiba\/sabor-curitiba\/o-barreado-que-subiu-serra\/\" \/>\n<meta property=\"og:site_name\" content=\"MCities Curitiba\" \/>\n<meta property=\"article:published_time\" content=\"2018-04-20T11:00:56+00:00\" \/>\n<meta property=\"article:modified_time\" content=\"2021-04-16T21:10:01+00:00\" \/>\n<meta property=\"og:image\" content=\"https:\/\/mcities.com.br\/curitiba\/wp-content\/uploads\/sites\/3\/2017\/09\/barreado-1.jpg\" \/>\n\t<meta property=\"og:image:width\" content=\"2048\" \/>\n\t<meta property=\"og:image:height\" content=\"1252\" \/>\n\t<meta property=\"og:image:type\" content=\"image\/jpeg\" \/>\n<meta name=\"author\" content=\"noarcomunicacao\" \/>\n<meta name=\"twitter:card\" content=\"summary_large_image\" \/>\n<meta name=\"twitter:label1\" content=\"Written by\" \/>\n\t<meta name=\"twitter:data1\" content=\"noarcomunicacao\" \/>\n\t<meta name=\"twitter:label2\" content=\"Est. reading time\" \/>\n\t<meta name=\"twitter:data2\" content=\"4 minutos\" \/>\n<script type=\"application\/ld+json\" class=\"yoast-schema-graph\">{\"@context\":\"https:\/\/schema.org\",\"@graph\":[{\"@type\":\"Article\",\"@id\":\"https:\/\/mcities.com.br\/curitiba\/sabor-curitiba\/o-barreado-que-subiu-serra\/#article\",\"isPartOf\":{\"@id\":\"https:\/\/mcities.com.br\/curitiba\/sabor-curitiba\/o-barreado-que-subiu-serra\/\"},\"author\":{\"name\":\"noarcomunicacao\",\"@id\":\"https:\/\/mcities.com.br\/curitiba\/#\/schema\/person\/c9bb3dd550173a12872408b86300a52d\"},\"headline\":\"O barreado que subiu a serra: quatro restaurantes para se deliciar em Curitiba\",\"datePublished\":\"2018-04-20T11:00:56+00:00\",\"dateModified\":\"2021-04-16T21:10:01+00:00\",\"mainEntityOfPage\":{\"@id\":\"https:\/\/mcities.com.br\/curitiba\/sabor-curitiba\/o-barreado-que-subiu-serra\/\"},\"wordCount\":729,\"commentCount\":0,\"publisher\":{\"@id\":\"https:\/\/mcities.com.br\/curitiba\/#organization\"},\"articleSection\":[\"Sabor Curitiba\"],\"inLanguage\":\"pt-BR\",\"potentialAction\":[{\"@type\":\"CommentAction\",\"name\":\"Comment\",\"target\":[\"https:\/\/mcities.com.br\/curitiba\/sabor-curitiba\/o-barreado-que-subiu-serra\/#respond\"]}]},{\"@type\":\"WebPage\",\"@id\":\"https:\/\/mcities.com.br\/curitiba\/sabor-curitiba\/o-barreado-que-subiu-serra\/\",\"url\":\"https:\/\/mcities.com.br\/curitiba\/sabor-curitiba\/o-barreado-que-subiu-serra\/\",\"name\":\"O barreado que subiu a serra: quatro restaurantes para se deliciar em Curitiba | MCities Curitiba\",\"isPartOf\":{\"@id\":\"https:\/\/mcities.com.br\/curitiba\/#website\"},\"datePublished\":\"2018-04-20T11:00:56+00:00\",\"dateModified\":\"2021-04-16T21:10:01+00:00\",\"description\":\"O prato t\u00edpico do Paran\u00e1 \u00e9 o queridinho de quem nasceu por aqui e dos turistas que vem conhecer. Voc\u00ea encontra barreado em Curitiba\",\"breadcrumb\":{\"@id\":\"https:\/\/mcities.com.br\/curitiba\/sabor-curitiba\/o-barreado-que-subiu-serra\/#breadcrumb\"},\"inLanguage\":\"pt-BR\",\"potentialAction\":[{\"@type\":\"ReadAction\",\"target\":[\"https:\/\/mcities.com.br\/curitiba\/sabor-curitiba\/o-barreado-que-subiu-serra\/\"]}]},{\"@type\":\"BreadcrumbList\",\"@id\":\"https:\/\/mcities.com.br\/curitiba\/sabor-curitiba\/o-barreado-que-subiu-serra\/#breadcrumb\",\"itemListElement\":[{\"@type\":\"ListItem\",\"position\":1,\"name\":\"Home\",\"item\":\"https:\/\/mcities.com.br\/curitiba\/\"},{\"@type\":\"ListItem\",\"position\":2,\"name\":\"O barreado que subiu a serra: quatro restaurantes para se deliciar em Curitiba\"}]},{\"@type\":\"WebSite\",\"@id\":\"https:\/\/mcities.com.br\/curitiba\/#website\",\"url\":\"https:\/\/mcities.com.br\/curitiba\/\",\"name\":\"MCities Curitiba\",\"description\":\"MCities \u00e9 um sistema que tem a disposic\u0327a\u0303o de dinamizar a integrac\u0327a\u0303o entre pessoas e cidades. Somos um sistema que oferece conte\u00fados de experi\u00eancias divertidas para voc\u00ea curtir e viver momentos incr\u00edveis, seja em casa ou nas ruas da cidade.\",\"publisher\":{\"@id\":\"https:\/\/mcities.com.br\/curitiba\/#organization\"},\"potentialAction\":[{\"@type\":\"SearchAction\",\"target\":{\"@type\":\"EntryPoint\",\"urlTemplate\":\"https:\/\/mcities.com.br\/curitiba\/?s={search_term_string}\"},\"query-input\":\"required name=search_term_string\"}],\"inLanguage\":\"pt-BR\"},{\"@type\":\"Organization\",\"@id\":\"https:\/\/mcities.com.br\/curitiba\/#organization\",\"name\":\"MCities\",\"url\":\"https:\/\/mcities.com.br\/curitiba\/\",\"logo\":{\"@type\":\"ImageObject\",\"inLanguage\":\"pt-BR\",\"@id\":\"https:\/\/mcities.com.br\/curitiba\/#\/schema\/logo\/image\/\",\"url\":\"https:\/\/mcities.com.br\/curitiba\/wp-content\/uploads\/sites\/3\/2017\/03\/mcities-color.png\",\"contentUrl\":\"https:\/\/mcities.com.br\/curitiba\/wp-content\/uploads\/sites\/3\/2017\/03\/mcities-color.png\",\"width\":248,\"height\":57,\"caption\":\"MCities\"},\"image\":{\"@id\":\"https:\/\/mcities.com.br\/curitiba\/#\/schema\/logo\/image\/\"}},{\"@type\":\"Person\",\"@id\":\"https:\/\/mcities.com.br\/curitiba\/#\/schema\/person\/c9bb3dd550173a12872408b86300a52d\",\"name\":\"noarcomunicacao\",\"image\":{\"@type\":\"ImageObject\",\"inLanguage\":\"pt-BR\",\"@id\":\"https:\/\/mcities.com.br\/curitiba\/#\/schema\/person\/image\/\",\"url\":\"https:\/\/secure.gravatar.com\/avatar\/c59827c0770427ea942772b5add7fa96?s=96&d=mm&r=g\",\"contentUrl\":\"https:\/\/secure.gravatar.com\/avatar\/c59827c0770427ea942772b5add7fa96?s=96&d=mm&r=g\",\"caption\":\"noarcomunicacao\"}}]}<\/script>\n<!-- \/ Yoast SEO plugin. -->","yoast_head_json":{"title":"O barreado que subiu a serra: quatro restaurantes para se deliciar em Curitiba | MCities Curitiba","description":"O prato t\u00edpico do Paran\u00e1 \u00e9 o queridinho de quem nasceu por aqui e dos turistas que vem conhecer. Voc\u00ea encontra barreado em Curitiba","robots":{"index":"index","follow":"follow","max-snippet":"max-snippet:-1","max-image-preview":"max-image-preview:large","max-video-preview":"max-video-preview:-1"},"canonical":"https:\/\/mcities.com.br\/curitiba\/sabor-curitiba\/o-barreado-que-subiu-serra\/","og_locale":"pt_BR","og_type":"article","og_title":"O barreado que subiu a serra: quatro restaurantes para se deliciar em Curitiba | MCities Curitiba","og_description":"O prato t\u00edpico do Paran\u00e1 \u00e9 o queridinho de quem nasceu por aqui e dos turistas que vem conhecer. Voc\u00ea encontra barreado em Curitiba","og_url":"https:\/\/mcities.com.br\/curitiba\/sabor-curitiba\/o-barreado-que-subiu-serra\/","og_site_name":"MCities Curitiba","article_published_time":"2018-04-20T11:00:56+00:00","article_modified_time":"2021-04-16T21:10:01+00:00","og_image":[{"width":"2048","height":"1252","url":"https:\/\/mcities.com.br\/curitiba\/wp-content\/uploads\/sites\/3\/2017\/09\/barreado-1.jpg","type":"image\/jpeg"}],"author":"noarcomunicacao","twitter_card":"summary_large_image","twitter_misc":{"Written by":"noarcomunicacao","Est. reading time":"4 minutos"},"schema":{"@context":"https:\/\/schema.org","@graph":[{"@type":"Article","@id":"https:\/\/mcities.com.br\/curitiba\/sabor-curitiba\/o-barreado-que-subiu-serra\/#article","isPartOf":{"@id":"https:\/\/mcities.com.br\/curitiba\/sabor-curitiba\/o-barreado-que-subiu-serra\/"},"author":{"name":"noarcomunicacao","@id":"https:\/\/mcities.com.br\/curitiba\/#\/schema\/person\/c9bb3dd550173a12872408b86300a52d"},"headline":"O barreado que subiu a serra: quatro restaurantes para se deliciar em Curitiba","datePublished":"2018-04-20T11:00:56+00:00","dateModified":"2021-04-16T21:10:01+00:00","mainEntityOfPage":{"@id":"https:\/\/mcities.com.br\/curitiba\/sabor-curitiba\/o-barreado-que-subiu-serra\/"},"wordCount":729,"commentCount":0,"publisher":{"@id":"https:\/\/mcities.com.br\/curitiba\/#organization"},"articleSection":["Sabor Curitiba"],"inLanguage":"pt-BR","potentialAction":[{"@type":"CommentAction","name":"Comment","target":["https:\/\/mcities.com.br\/curitiba\/sabor-curitiba\/o-barreado-que-subiu-serra\/#respond"]}]},{"@type":"WebPage","@id":"https:\/\/mcities.com.br\/curitiba\/sabor-curitiba\/o-barreado-que-subiu-serra\/","url":"https:\/\/mcities.com.br\/curitiba\/sabor-curitiba\/o-barreado-que-subiu-serra\/","name":"O barreado que subiu a serra: quatro restaurantes para se deliciar em Curitiba | MCities Curitiba","isPartOf":{"@id":"https:\/\/mcities.com.br\/curitiba\/#website"},"datePublished":"2018-04-20T11:00:56+00:00","dateModified":"2021-04-16T21:10:01+00:00","description":"O prato t\u00edpico do Paran\u00e1 \u00e9 o queridinho de quem nasceu por aqui e dos turistas que vem conhecer. Voc\u00ea encontra barreado em Curitiba","breadcrumb":{"@id":"https:\/\/mcities.com.br\/curitiba\/sabor-curitiba\/o-barreado-que-subiu-serra\/#breadcrumb"},"inLanguage":"pt-BR","potentialAction":[{"@type":"ReadAction","target":["https:\/\/mcities.com.br\/curitiba\/sabor-curitiba\/o-barreado-que-subiu-serra\/"]}]},{"@type":"BreadcrumbList","@id":"https:\/\/mcities.com.br\/curitiba\/sabor-curitiba\/o-barreado-que-subiu-serra\/#breadcrumb","itemListElement":[{"@type":"ListItem","position":1,"name":"Home","item":"https:\/\/mcities.com.br\/curitiba\/"},{"@type":"ListItem","position":2,"name":"O barreado que subiu a serra: quatro restaurantes para se deliciar em Curitiba"}]},{"@type":"WebSite","@id":"https:\/\/mcities.com.br\/curitiba\/#website","url":"https:\/\/mcities.com.br\/curitiba\/","name":"MCities Curitiba","description":"MCities \u00e9 um sistema que tem a disposic\u0327a\u0303o de dinamizar a integrac\u0327a\u0303o entre pessoas e cidades. Somos um sistema que oferece conte\u00fados de experi\u00eancias divertidas para voc\u00ea curtir e viver momentos incr\u00edveis, seja em casa ou nas ruas da cidade.","publisher":{"@id":"https:\/\/mcities.com.br\/curitiba\/#organization"},"potentialAction":[{"@type":"SearchAction","target":{"@type":"EntryPoint","urlTemplate":"https:\/\/mcities.com.br\/curitiba\/?s={search_term_string}"},"query-input":"required name=search_term_string"}],"inLanguage":"pt-BR"},{"@type":"Organization","@id":"https:\/\/mcities.com.br\/curitiba\/#organization","name":"MCities","url":"https:\/\/mcities.com.br\/curitiba\/","logo":{"@type":"ImageObject","inLanguage":"pt-BR","@id":"https:\/\/mcities.com.br\/curitiba\/#\/schema\/logo\/image\/","url":"https:\/\/mcities.com.br\/curitiba\/wp-content\/uploads\/sites\/3\/2017\/03\/mcities-color.png","contentUrl":"https:\/\/mcities.com.br\/curitiba\/wp-content\/uploads\/sites\/3\/2017\/03\/mcities-color.png","width":248,"height":57,"caption":"MCities"},"image":{"@id":"https:\/\/mcities.com.br\/curitiba\/#\/schema\/logo\/image\/"}},{"@type":"Person","@id":"https:\/\/mcities.com.br\/curitiba\/#\/schema\/person\/c9bb3dd550173a12872408b86300a52d","name":"noarcomunicacao","image":{"@type":"ImageObject","inLanguage":"pt-BR","@id":"https:\/\/mcities.com.br\/curitiba\/#\/schema\/person\/image\/","url":"https:\/\/secure.gravatar.com\/avatar\/c59827c0770427ea942772b5add7fa96?s=96&d=mm&r=g","contentUrl":"https:\/\/secure.gravatar.com\/avatar\/c59827c0770427ea942772b5add7fa96?s=96&d=mm&r=g","caption":"noarcomunicacao"}}]}},"_links":{"self":[{"href":"https:\/\/mcities.com.br\/curitiba\/wp-json\/wp\/v2\/posts\/1282"}],"collection":[{"href":"https:\/\/mcities.com.br\/curitiba\/wp-json\/wp\/v2\/posts"}],"about":[{"href":"https:\/\/mcities.com.br\/curitiba\/wp-json\/wp\/v2\/types\/post"}],"author":[{"embeddable":true,"href":"https:\/\/mcities.com.br\/curitiba\/wp-json\/wp\/v2\/users\/16"}],"replies":[{"embeddable":true,"href":"https:\/\/mcities.com.br\/curitiba\/wp-json\/wp\/v2\/comments?post=1282"}],"version-history":[{"count":9,"href":"https:\/\/mcities.com.br\/curitiba\/wp-json\/wp\/v2\/posts\/1282\/revisions"}],"predecessor-version":[{"id":3949,"href":"https:\/\/mcities.com.br\/curitiba\/wp-json\/wp\/v2\/posts\/1282\/revisions\/3949"}],"wp:featuredmedia":[{"embeddable":true,"href":"https:\/\/mcities.com.br\/curitiba\/wp-json\/wp\/v2\/media\/1283"}],"wp:attachment":[{"href":"https:\/\/mcities.com.br\/curitiba\/wp-json\/wp\/v2\/media?parent=1282"}],"wp:term":[{"taxonomy":"category","embeddable":true,"href":"https:\/\/mcities.com.br\/curitiba\/wp-json\/wp\/v2\/categories?post=1282"},{"taxonomy":"post_tag","embeddable":true,"href":"https:\/\/mcities.com.br\/curitiba\/wp-json\/wp\/v2\/tags?post=1282"}],"curies":[{"name":"wp","href":"https:\/\/api.w.org\/{rel}","templated":true}]}}