{"id":12417,"date":"2021-11-02T19:58:22","date_gmt":"2021-11-02T22:58:22","guid":{"rendered":"https:\/\/mcities.com.br\/curitiba\/?p=12417"},"modified":"2021-11-02T19:58:46","modified_gmt":"2021-11-02T22:58:46","slug":"parque-vila-velha","status":"publish","type":"post","link":"https:\/\/mcities.com.br\/curitiba\/logo-ali\/parque-vila-velha\/","title":{"rendered":"O que fazer no Parque Vila Velha"},"content":{"rendered":"<h2>Quer aproveitar o fim de semana, o feriado ou as f\u00e9rias e n\u00e3o sabe o que fazer no Paran\u00e1?<\/h2>\n<p>Ent\u00e3o, se prepare, porque no Parque Vila Velha, voc\u00ea vai encontrar um lugar incr\u00edvel para se divertir muito sozinho ou com os amigos ou em fam\u00edlia.<\/p>\n<p>Vamos l\u00e1?<\/p>\n<h3>\u00c9 um lugar para todos os aventureiros de plant\u00e3o.<\/h3>\n<p>O Parque Estadual Vila Velha, localizado em Ponta Grossa.<\/p>\n<p>Considerado uma das mais importantes \u00e1reas de conserva\u00e7\u00e3o ambiental que existe no estado, o parque \u00e9 repleto de atra\u00e7\u00f5es incr\u00edveis.<\/p>\n<p>Vamos mostrar um pouquinho do que fazer neste parque espetacular.<\/p>\n<div id=\"attachment_12422\" style=\"width: 804px\" class=\"wp-caption aligncenter\"><img fetchpriority=\"high\" decoding=\"async\" aria-describedby=\"caption-attachment-12422\" class=\"size-full wp-image-12422\" src=\"https:\/\/mcities.com.br\/curitiba\/wp-content\/uploads\/sites\/3\/2021\/11\/Parque-Vilha-Velha-Foto-Instagram-@parquevilavelha.jpg\" alt=\"Parque Vila Velha Foto Instagram @parquevilavelha\" width=\"794\" height=\"594\" srcset=\"https:\/\/mcities.com.br\/curitiba\/wp-content\/uploads\/sites\/3\/2021\/11\/Parque-Vilha-Velha-Foto-Instagram-@parquevilavelha.jpg 794w, https:\/\/mcities.com.br\/curitiba\/wp-content\/uploads\/sites\/3\/2021\/11\/Parque-Vilha-Velha-Foto-Instagram-@parquevilavelha-300x224.jpg 300w, https:\/\/mcities.com.br\/curitiba\/wp-content\/uploads\/sites\/3\/2021\/11\/Parque-Vilha-Velha-Foto-Instagram-@parquevilavelha-768x575.jpg 768w\" sizes=\"(max-width: 794px) 100vw, 794px\" \/><p id=\"caption-attachment-12422\" class=\"wp-caption-text\">Parque Vila Velha Foto Instagram @parquevilavelha<\/p><\/div>\n<h3>Arvorismo<\/h3>\n<p>Um esporte que conduz voc\u00ea por meio das copas de \u00e1rvores, proporcionando um contato \u00fanico com a natureza. Instalado num bosque com Arauc\u00e1rias, com at\u00e9 oito metros de altura, o circuito \u00e9 composto por 10 atividades diferentes, entre escadas, pontes p\u00eansil, cordas e outros obst\u00e1culos. S\u00e3o, em m\u00e9dia, 30 minutos de muita adrenalina e contato direto com a natureza. Atividade que garotada sempre adora.<\/p>\n<div id=\"attachment_12418\" style=\"width: 788px\" class=\"wp-caption aligncenter\"><img decoding=\"async\" aria-describedby=\"caption-attachment-12418\" class=\"size-full wp-image-12418\" src=\"https:\/\/mcities.com.br\/curitiba\/wp-content\/uploads\/sites\/3\/2021\/11\/arvorismo-.jpg\" alt=\"\" width=\"778\" height=\"630\" srcset=\"https:\/\/mcities.com.br\/curitiba\/wp-content\/uploads\/sites\/3\/2021\/11\/arvorismo-.jpg 778w, https:\/\/mcities.com.br\/curitiba\/wp-content\/uploads\/sites\/3\/2021\/11\/arvorismo--300x243.jpg 300w, https:\/\/mcities.com.br\/curitiba\/wp-content\/uploads\/sites\/3\/2021\/11\/arvorismo--768x622.jpg 768w, https:\/\/mcities.com.br\/curitiba\/wp-content\/uploads\/sites\/3\/2021\/11\/arvorismo--370x300.jpg 370w\" sizes=\"(max-width: 778px) 100vw, 778px\" \/><p id=\"caption-attachment-12418\" class=\"wp-caption-text\">Aventura Foto Instagram Parque Vila Velha<\/p><\/div>\n<h3>Passeio de Bal\u00e3o<\/h3>\n<p>Voc\u00ea j\u00e1 observou os Arenitos e as paisagens dos Campos Gerais do alto? N\u00e3o?\u00a0 Ent\u00e3o, voc\u00ea precisa fazer o voo cativo no nosso bal\u00e3o estacion\u00e1rio para apreciar as belezas naturais do nosso parque sob um novo ponto de vista.<\/p>\n<p>O passeio leva voc\u00ea \u00e0s alturas, cada voo dura, em m\u00e9dia, 10 minutos a uma altura pr\u00f3xima de um edif\u00edcio de cinco andares. Do alto, \u00e9 poss\u00edvel observar toda a nossa natureza de um \u00e2ngulo \u00fanico e exclusivo. E voc\u00ea consegue registrar belas fotos.<\/p>\n<p>Esse passeio est\u00e1 dispon\u00edvel aos s\u00e1bados, domingos e feriados e s\u00f3 \u00e9 realizado com condi\u00e7\u00f5es clim\u00e1ticas favor\u00e1veis.<\/p>\n<div id=\"attachment_12420\" style=\"width: 800px\" class=\"wp-caption aligncenter\"><img decoding=\"async\" aria-describedby=\"caption-attachment-12420\" class=\"size-full wp-image-12420\" src=\"https:\/\/mcities.com.br\/curitiba\/wp-content\/uploads\/sites\/3\/2021\/11\/Passeio-de-Balao-.-Foto-.jpg\" alt=\"Passeio de Bal\u00e3o . Foto Instagram Parque Vila Velha\" width=\"790\" height=\"794\" srcset=\"https:\/\/mcities.com.br\/curitiba\/wp-content\/uploads\/sites\/3\/2021\/11\/Passeio-de-Balao-.-Foto-.jpg 790w, https:\/\/mcities.com.br\/curitiba\/wp-content\/uploads\/sites\/3\/2021\/11\/Passeio-de-Balao-.-Foto--298x300.jpg 298w, https:\/\/mcities.com.br\/curitiba\/wp-content\/uploads\/sites\/3\/2021\/11\/Passeio-de-Balao-.-Foto--150x150.jpg 150w, https:\/\/mcities.com.br\/curitiba\/wp-content\/uploads\/sites\/3\/2021\/11\/Passeio-de-Balao-.-Foto--768x772.jpg 768w\" sizes=\"(max-width: 790px) 100vw, 790px\" \/><p id=\"caption-attachment-12420\" class=\"wp-caption-text\">Passeio de Bal\u00e3o . Foto Instagram Parque Vila Velha<\/p><\/div>\n<h3>Passeio Noturno<\/h3>\n<p>Com o aux\u00edlio de um potente telesc\u00f3pio e sob orienta\u00e7\u00e3o do nosso guia perito no assunto, a Caminhada Noturna traz uma vis\u00e3o \u00fanica do c\u00e9u em noites de Lua Nova ou Cheia. Uma verdadeira viagem de imers\u00e3o no universo astron\u00f4mico em um ponto privilegiado da Terra.<\/p>\n<p>N\u00e3o \u00e9 preciso levar lanterna, pois a luz da Lua ou das estrelas guia as nossas caminhadas. Na Lua Nova \u00e9 poss\u00edvel observar detalhes das estrelas, constela\u00e7\u00f5es e dos seres mais delicados e em maior n\u00famero. J\u00e1 na Lua Cheia, que banha os Arenitos com tons azulados, proporcionando uma caminhada inesquec\u00edvel por sua trilha, o voc\u00ea consegue ver em detalhes a superf\u00edcie lunar com suas grandes crateras.<\/p>\n<p>Os passeios ser\u00e3o realizados aos s\u00e1bados de Lua Nova ou Lua Cheia, com recep\u00e7\u00e3o dos participantes a partir das 17h30 para poder curtir o maravilhoso p\u00f4r-do-sol no Parque e in\u00edcio da atividade \u00e0s 18h30 com t\u00e9rmino \u00e0s 22h30.<\/p>\n<div id=\"attachment_12421\" style=\"width: 756px\" class=\"wp-caption aligncenter\"><img loading=\"lazy\" decoding=\"async\" aria-describedby=\"caption-attachment-12421\" class=\"size-full wp-image-12421\" src=\"https:\/\/mcities.com.br\/curitiba\/wp-content\/uploads\/sites\/3\/2021\/11\/Passeios-Noturnos.-Foto-Instagram-@parquevilavelha.png.jpg\" alt=\"Passeios Noturnos. Foto Instagram @parquevilavelha.png\" width=\"746\" height=\"748\" srcset=\"https:\/\/mcities.com.br\/curitiba\/wp-content\/uploads\/sites\/3\/2021\/11\/Passeios-Noturnos.-Foto-Instagram-@parquevilavelha.png.jpg 746w, https:\/\/mcities.com.br\/curitiba\/wp-content\/uploads\/sites\/3\/2021\/11\/Passeios-Noturnos.-Foto-Instagram-@parquevilavelha.png-300x300.jpg 300w, https:\/\/mcities.com.br\/curitiba\/wp-content\/uploads\/sites\/3\/2021\/11\/Passeios-Noturnos.-Foto-Instagram-@parquevilavelha.png-150x150.jpg 150w\" sizes=\"(max-width: 746px) 100vw, 746px\" \/><p id=\"caption-attachment-12421\" class=\"wp-caption-text\">Passeios Noturnos. Foto Instagram @parquevilavelha<\/p><\/div>\n<h3>Arenitos<\/h3>\n<p>Um dos lugares mais buscados do parque!<\/p>\n<div class=\"col-md-10\">\n<div class=\"info-wrap\">\n<p>Os Arenitos formaram-se\u00a0 h\u00e1 300 milh\u00f5es de anos, ap\u00f3s a compacta\u00e7\u00e3o e endurecimento de frequentes camadas de areia, quando a regi\u00e3o do parque estava pr\u00f3xima ao Polo Sul e o mundo era formado por um grande continente chamado Gondwana.<\/p>\n<p>Essas rochas possuem tom rosado devido ao cimento ferruginoso (\u00f3xido de ferro), o que determina tamb\u00e9m a exist\u00eancia de forma\u00e7\u00f5es com diferentes resist\u00eancias \u00e0 eros\u00e3o.<\/p>\n<p>Ao longo dos anos, os Arenitos foram esculpidos pela a\u00e7\u00e3o da natureza, sobretudo das \u00e1guas, do calor e da atividade org\u00e2nica. Por isso, possuem diferentes formas que nos fazem viajar na criatividade. Olhar para as variadas forma\u00e7\u00f5es rochosas e imaginar quais figuras representam ou com quais animais se parecem \u00e9 retornar \u00e0 inf\u00e2ncia, assim como encontrar figuras em meio \u00e0s nuvens do c\u00e9u. Pare, contemple, observe e deixe a sua imagina\u00e7\u00e3o viajar!<\/p>\n<div id=\"attachment_12419\" style=\"width: 794px\" class=\"wp-caption aligncenter\"><img loading=\"lazy\" decoding=\"async\" aria-describedby=\"caption-attachment-12419\" class=\"size-full wp-image-12419\" src=\"https:\/\/mcities.com.br\/curitiba\/wp-content\/uploads\/sites\/3\/2021\/11\/parque-vila-@lobi.ciclotur.jpg\" alt=\"A Ta\u00e7a - o Arenito mais conhecido do parque. Foto: Instagram @parquevilavelha\" width=\"784\" height=\"662\" srcset=\"https:\/\/mcities.com.br\/curitiba\/wp-content\/uploads\/sites\/3\/2021\/11\/parque-vila-@lobi.ciclotur.jpg 784w, https:\/\/mcities.com.br\/curitiba\/wp-content\/uploads\/sites\/3\/2021\/11\/parque-vila-@lobi.ciclotur-300x253.jpg 300w, https:\/\/mcities.com.br\/curitiba\/wp-content\/uploads\/sites\/3\/2021\/11\/parque-vila-@lobi.ciclotur-768x648.jpg 768w\" sizes=\"(max-width: 784px) 100vw, 784px\" \/><p id=\"caption-attachment-12419\" class=\"wp-caption-text\">A Ta\u00e7a &#8211; o Arenito mais conhecido do parque. Foto: Instagram @parquevilavelha<\/p><\/div>\n<p>N\u00e3o esque\u00e7a: Leve a sua c\u00e2mera fotogr\u00e1fica ou celular para registrar as melhores fotos, repelente para n\u00e3o se incomodar com os insetos e filtro solar para se proteger dos raios solares.<\/p>\n<p>Todos os ingressos ser\u00e3o vendidos exclusivamente pelo site do parque at\u00e9 se esgotarem. Conhe\u00e7a mais acessando\u00a0<a href=\"http:\/\/www.parquevilavelha.com.br\">Site do Parque Vila Velha<\/a><\/p>\n<\/div>\n<\/div>\n","protected":false},"excerpt":{"rendered":"<p>Quer aproveitar o fim de semana, o feriado ou as f\u00e9rias e n\u00e3o sabe o que fazer no Paran\u00e1? Ent\u00e3o, se prepare, porque no Parque Vila Velha, voc\u00ea vai encontrar um lugar incr\u00edvel para se divertir muito sozinho ou com os amigos ou em fam\u00edlia. Vamos l\u00e1? \u00c9 um lugar para todos os aventureiros de [&hellip;]<\/p>\n","protected":false},"author":23,"featured_media":12419,"comment_status":"open","ping_status":"open","sticky":false,"template":"","format":"standard","meta":{"footnotes":""},"categories":[388],"tags":[],"yoast_head":"<!-- This site is optimized with the Yoast SEO plugin v21.9.1 - https:\/\/yoast.com\/wordpress\/plugins\/seo\/ -->\n<title>O que fazer no Parque Vila Velha | MCities Curitiba<\/title>\n<meta name=\"description\" content=\"Onde ir no Paran\u00e1? Conhe\u00e7a o Parque Vila Velha, em Ponta Grossa! Um lugar para passear e curtir a natureza, bem perto de Curitiba.\" \/>\n<meta name=\"robots\" content=\"index, follow, max-snippet:-1, max-image-preview:large, max-video-preview:-1\" \/>\n<link rel=\"canonical\" href=\"https:\/\/mcities.com.br\/curitiba\/logo-ali\/parque-vila-velha\/\" \/>\n<meta property=\"og:locale\" content=\"pt_BR\" \/>\n<meta property=\"og:type\" content=\"article\" \/>\n<meta property=\"og:title\" content=\"O que fazer no Parque Vila Velha | MCities Curitiba\" \/>\n<meta property=\"og:description\" content=\"Onde ir no Paran\u00e1? Conhe\u00e7a o Parque Vila Velha, em Ponta Grossa! Um lugar para passear e curtir a natureza, bem perto de Curitiba.\" \/>\n<meta property=\"og:url\" content=\"https:\/\/mcities.com.br\/curitiba\/logo-ali\/parque-vila-velha\/\" \/>\n<meta property=\"og:site_name\" content=\"MCities Curitiba\" \/>\n<meta property=\"article:published_time\" content=\"2021-11-02T22:58:22+00:00\" \/>\n<meta property=\"article:modified_time\" content=\"2021-11-02T22:58:46+00:00\" \/>\n<meta property=\"og:image\" content=\"https:\/\/mcities.com.br\/curitiba\/wp-content\/uploads\/sites\/3\/2021\/11\/parque-vila-@lobi.ciclotur.jpg\" \/>\n\t<meta property=\"og:image:width\" content=\"784\" \/>\n\t<meta property=\"og:image:height\" content=\"662\" \/>\n\t<meta property=\"og:image:type\" content=\"image\/jpeg\" \/>\n<meta name=\"author\" content=\"ana paula miranda\" \/>\n<meta name=\"twitter:card\" content=\"summary_large_image\" \/>\n<meta name=\"twitter:label1\" content=\"Written by\" \/>\n\t<meta name=\"twitter:data1\" content=\"ana paula miranda\" \/>\n\t<meta name=\"twitter:label2\" content=\"Est. reading time\" \/>\n\t<meta name=\"twitter:data2\" content=\"4 minutos\" \/>\n<script type=\"application\/ld+json\" class=\"yoast-schema-graph\">{\"@context\":\"https:\/\/schema.org\",\"@graph\":[{\"@type\":\"Article\",\"@id\":\"https:\/\/mcities.com.br\/curitiba\/logo-ali\/parque-vila-velha\/#article\",\"isPartOf\":{\"@id\":\"https:\/\/mcities.com.br\/curitiba\/logo-ali\/parque-vila-velha\/\"},\"author\":{\"name\":\"ana paula miranda\",\"@id\":\"https:\/\/mcities.com.br\/curitiba\/#\/schema\/person\/0584f3618895d12517d8e357750a3bd7\"},\"headline\":\"O que fazer no Parque Vila Velha\",\"datePublished\":\"2021-11-02T22:58:22+00:00\",\"dateModified\":\"2021-11-02T22:58:46+00:00\",\"mainEntityOfPage\":{\"@id\":\"https:\/\/mcities.com.br\/curitiba\/logo-ali\/parque-vila-velha\/\"},\"wordCount\":749,\"commentCount\":0,\"publisher\":{\"@id\":\"https:\/\/mcities.com.br\/curitiba\/#organization\"},\"articleSection\":[\"Logo Ali\"],\"inLanguage\":\"pt-BR\",\"potentialAction\":[{\"@type\":\"CommentAction\",\"name\":\"Comment\",\"target\":[\"https:\/\/mcities.com.br\/curitiba\/logo-ali\/parque-vila-velha\/#respond\"]}]},{\"@type\":\"WebPage\",\"@id\":\"https:\/\/mcities.com.br\/curitiba\/logo-ali\/parque-vila-velha\/\",\"url\":\"https:\/\/mcities.com.br\/curitiba\/logo-ali\/parque-vila-velha\/\",\"name\":\"O que fazer no Parque Vila Velha | MCities Curitiba\",\"isPartOf\":{\"@id\":\"https:\/\/mcities.com.br\/curitiba\/#website\"},\"datePublished\":\"2021-11-02T22:58:22+00:00\",\"dateModified\":\"2021-11-02T22:58:46+00:00\",\"description\":\"Onde ir no Paran\u00e1? Conhe\u00e7a o Parque Vila Velha, em Ponta Grossa! Um lugar para passear e curtir a natureza, bem perto de Curitiba.\",\"breadcrumb\":{\"@id\":\"https:\/\/mcities.com.br\/curitiba\/logo-ali\/parque-vila-velha\/#breadcrumb\"},\"inLanguage\":\"pt-BR\",\"potentialAction\":[{\"@type\":\"ReadAction\",\"target\":[\"https:\/\/mcities.com.br\/curitiba\/logo-ali\/parque-vila-velha\/\"]}]},{\"@type\":\"BreadcrumbList\",\"@id\":\"https:\/\/mcities.com.br\/curitiba\/logo-ali\/parque-vila-velha\/#breadcrumb\",\"itemListElement\":[{\"@type\":\"ListItem\",\"position\":1,\"name\":\"Home\",\"item\":\"https:\/\/mcities.com.br\/curitiba\/\"},{\"@type\":\"ListItem\",\"position\":2,\"name\":\"O que fazer no Parque Vila Velha\"}]},{\"@type\":\"WebSite\",\"@id\":\"https:\/\/mcities.com.br\/curitiba\/#website\",\"url\":\"https:\/\/mcities.com.br\/curitiba\/\",\"name\":\"MCities Curitiba\",\"description\":\"MCities \u00e9 um sistema que tem a disposic\u0327a\u0303o de dinamizar a integrac\u0327a\u0303o entre pessoas e cidades. Somos um sistema que oferece conte\u00fados de experi\u00eancias divertidas para voc\u00ea curtir e viver momentos incr\u00edveis, seja em casa ou nas ruas da cidade.\",\"publisher\":{\"@id\":\"https:\/\/mcities.com.br\/curitiba\/#organization\"},\"potentialAction\":[{\"@type\":\"SearchAction\",\"target\":{\"@type\":\"EntryPoint\",\"urlTemplate\":\"https:\/\/mcities.com.br\/curitiba\/?s={search_term_string}\"},\"query-input\":\"required name=search_term_string\"}],\"inLanguage\":\"pt-BR\"},{\"@type\":\"Organization\",\"@id\":\"https:\/\/mcities.com.br\/curitiba\/#organization\",\"name\":\"MCities\",\"url\":\"https:\/\/mcities.com.br\/curitiba\/\",\"logo\":{\"@type\":\"ImageObject\",\"inLanguage\":\"pt-BR\",\"@id\":\"https:\/\/mcities.com.br\/curitiba\/#\/schema\/logo\/image\/\",\"url\":\"https:\/\/mcities.com.br\/curitiba\/wp-content\/uploads\/sites\/3\/2017\/03\/mcities-color.png\",\"contentUrl\":\"https:\/\/mcities.com.br\/curitiba\/wp-content\/uploads\/sites\/3\/2017\/03\/mcities-color.png\",\"width\":248,\"height\":57,\"caption\":\"MCities\"},\"image\":{\"@id\":\"https:\/\/mcities.com.br\/curitiba\/#\/schema\/logo\/image\/\"}},{\"@type\":\"Person\",\"@id\":\"https:\/\/mcities.com.br\/curitiba\/#\/schema\/person\/0584f3618895d12517d8e357750a3bd7\",\"name\":\"ana paula miranda\",\"image\":{\"@type\":\"ImageObject\",\"inLanguage\":\"pt-BR\",\"@id\":\"https:\/\/mcities.com.br\/curitiba\/#\/schema\/person\/image\/\",\"url\":\"https:\/\/secure.gravatar.com\/avatar\/fed41bf8682e0a612902542e75ab1b65?s=96&d=mm&r=g\",\"contentUrl\":\"https:\/\/secure.gravatar.com\/avatar\/fed41bf8682e0a612902542e75ab1b65?s=96&d=mm&r=g\",\"caption\":\"ana paula miranda\"}}]}<\/script>\n<!-- \/ Yoast SEO plugin. -->","yoast_head_json":{"title":"O que fazer no Parque Vila Velha | MCities Curitiba","description":"Onde ir no Paran\u00e1? Conhe\u00e7a o Parque Vila Velha, em Ponta Grossa! Um lugar para passear e curtir a natureza, bem perto de Curitiba.","robots":{"index":"index","follow":"follow","max-snippet":"max-snippet:-1","max-image-preview":"max-image-preview:large","max-video-preview":"max-video-preview:-1"},"canonical":"https:\/\/mcities.com.br\/curitiba\/logo-ali\/parque-vila-velha\/","og_locale":"pt_BR","og_type":"article","og_title":"O que fazer no Parque Vila Velha | MCities Curitiba","og_description":"Onde ir no Paran\u00e1? Conhe\u00e7a o Parque Vila Velha, em Ponta Grossa! Um lugar para passear e curtir a natureza, bem perto de Curitiba.","og_url":"https:\/\/mcities.com.br\/curitiba\/logo-ali\/parque-vila-velha\/","og_site_name":"MCities Curitiba","article_published_time":"2021-11-02T22:58:22+00:00","article_modified_time":"2021-11-02T22:58:46+00:00","og_image":[{"width":784,"height":662,"url":"https:\/\/mcities.com.br\/curitiba\/wp-content\/uploads\/sites\/3\/2021\/11\/parque-vila-@lobi.ciclotur.jpg","type":"image\/jpeg"}],"author":"ana paula miranda","twitter_card":"summary_large_image","twitter_misc":{"Written by":"ana paula miranda","Est. reading time":"4 minutos"},"schema":{"@context":"https:\/\/schema.org","@graph":[{"@type":"Article","@id":"https:\/\/mcities.com.br\/curitiba\/logo-ali\/parque-vila-velha\/#article","isPartOf":{"@id":"https:\/\/mcities.com.br\/curitiba\/logo-ali\/parque-vila-velha\/"},"author":{"name":"ana paula miranda","@id":"https:\/\/mcities.com.br\/curitiba\/#\/schema\/person\/0584f3618895d12517d8e357750a3bd7"},"headline":"O que fazer no Parque Vila Velha","datePublished":"2021-11-02T22:58:22+00:00","dateModified":"2021-11-02T22:58:46+00:00","mainEntityOfPage":{"@id":"https:\/\/mcities.com.br\/curitiba\/logo-ali\/parque-vila-velha\/"},"wordCount":749,"commentCount":0,"publisher":{"@id":"https:\/\/mcities.com.br\/curitiba\/#organization"},"articleSection":["Logo Ali"],"inLanguage":"pt-BR","potentialAction":[{"@type":"CommentAction","name":"Comment","target":["https:\/\/mcities.com.br\/curitiba\/logo-ali\/parque-vila-velha\/#respond"]}]},{"@type":"WebPage","@id":"https:\/\/mcities.com.br\/curitiba\/logo-ali\/parque-vila-velha\/","url":"https:\/\/mcities.com.br\/curitiba\/logo-ali\/parque-vila-velha\/","name":"O que fazer no Parque Vila Velha | MCities Curitiba","isPartOf":{"@id":"https:\/\/mcities.com.br\/curitiba\/#website"},"datePublished":"2021-11-02T22:58:22+00:00","dateModified":"2021-11-02T22:58:46+00:00","description":"Onde ir no Paran\u00e1? Conhe\u00e7a o Parque Vila Velha, em Ponta Grossa! Um lugar para passear e curtir a natureza, bem perto de Curitiba.","breadcrumb":{"@id":"https:\/\/mcities.com.br\/curitiba\/logo-ali\/parque-vila-velha\/#breadcrumb"},"inLanguage":"pt-BR","potentialAction":[{"@type":"ReadAction","target":["https:\/\/mcities.com.br\/curitiba\/logo-ali\/parque-vila-velha\/"]}]},{"@type":"BreadcrumbList","@id":"https:\/\/mcities.com.br\/curitiba\/logo-ali\/parque-vila-velha\/#breadcrumb","itemListElement":[{"@type":"ListItem","position":1,"name":"Home","item":"https:\/\/mcities.com.br\/curitiba\/"},{"@type":"ListItem","position":2,"name":"O que fazer no Parque Vila Velha"}]},{"@type":"WebSite","@id":"https:\/\/mcities.com.br\/curitiba\/#website","url":"https:\/\/mcities.com.br\/curitiba\/","name":"MCities Curitiba","description":"MCities \u00e9 um sistema que tem a disposic\u0327a\u0303o de dinamizar a integrac\u0327a\u0303o entre pessoas e cidades. Somos um sistema que oferece conte\u00fados de experi\u00eancias divertidas para voc\u00ea curtir e viver momentos incr\u00edveis, seja em casa ou nas ruas da cidade.","publisher":{"@id":"https:\/\/mcities.com.br\/curitiba\/#organization"},"potentialAction":[{"@type":"SearchAction","target":{"@type":"EntryPoint","urlTemplate":"https:\/\/mcities.com.br\/curitiba\/?s={search_term_string}"},"query-input":"required name=search_term_string"}],"inLanguage":"pt-BR"},{"@type":"Organization","@id":"https:\/\/mcities.com.br\/curitiba\/#organization","name":"MCities","url":"https:\/\/mcities.com.br\/curitiba\/","logo":{"@type":"ImageObject","inLanguage":"pt-BR","@id":"https:\/\/mcities.com.br\/curitiba\/#\/schema\/logo\/image\/","url":"https:\/\/mcities.com.br\/curitiba\/wp-content\/uploads\/sites\/3\/2017\/03\/mcities-color.png","contentUrl":"https:\/\/mcities.com.br\/curitiba\/wp-content\/uploads\/sites\/3\/2017\/03\/mcities-color.png","width":248,"height":57,"caption":"MCities"},"image":{"@id":"https:\/\/mcities.com.br\/curitiba\/#\/schema\/logo\/image\/"}},{"@type":"Person","@id":"https:\/\/mcities.com.br\/curitiba\/#\/schema\/person\/0584f3618895d12517d8e357750a3bd7","name":"ana paula miranda","image":{"@type":"ImageObject","inLanguage":"pt-BR","@id":"https:\/\/mcities.com.br\/curitiba\/#\/schema\/person\/image\/","url":"https:\/\/secure.gravatar.com\/avatar\/fed41bf8682e0a612902542e75ab1b65?s=96&d=mm&r=g","contentUrl":"https:\/\/secure.gravatar.com\/avatar\/fed41bf8682e0a612902542e75ab1b65?s=96&d=mm&r=g","caption":"ana paula miranda"}}]}},"_links":{"self":[{"href":"https:\/\/mcities.com.br\/curitiba\/wp-json\/wp\/v2\/posts\/12417"}],"collection":[{"href":"https:\/\/mcities.com.br\/curitiba\/wp-json\/wp\/v2\/posts"}],"about":[{"href":"https:\/\/mcities.com.br\/curitiba\/wp-json\/wp\/v2\/types\/post"}],"author":[{"embeddable":true,"href":"https:\/\/mcities.com.br\/curitiba\/wp-json\/wp\/v2\/users\/23"}],"replies":[{"embeddable":true,"href":"https:\/\/mcities.com.br\/curitiba\/wp-json\/wp\/v2\/comments?post=12417"}],"version-history":[{"count":1,"href":"https:\/\/mcities.com.br\/curitiba\/wp-json\/wp\/v2\/posts\/12417\/revisions"}],"predecessor-version":[{"id":12423,"href":"https:\/\/mcities.com.br\/curitiba\/wp-json\/wp\/v2\/posts\/12417\/revisions\/12423"}],"wp:featuredmedia":[{"embeddable":true,"href":"https:\/\/mcities.com.br\/curitiba\/wp-json\/wp\/v2\/media\/12419"}],"wp:attachment":[{"href":"https:\/\/mcities.com.br\/curitiba\/wp-json\/wp\/v2\/media?parent=12417"}],"wp:term":[{"taxonomy":"category","embeddable":true,"href":"https:\/\/mcities.com.br\/curitiba\/wp-json\/wp\/v2\/categories?post=12417"},{"taxonomy":"post_tag","embeddable":true,"href":"https:\/\/mcities.com.br\/curitiba\/wp-json\/wp\/v2\/tags?post=12417"}],"curies":[{"name":"wp","href":"https:\/\/api.w.org\/{rel}","templated":true}]}}