{"id":12353,"date":"2021-11-02T20:23:56","date_gmt":"2021-11-02T23:23:56","guid":{"rendered":"https:\/\/mcities.com.br\/curitiba\/?p=12353"},"modified":"2021-11-02T20:27:10","modified_gmt":"2021-11-02T23:27:10","slug":"comida-tipica-na-cidade-de-curitiba","status":"publish","type":"post","link":"https:\/\/mcities.com.br\/curitiba\/sabor-curitiba\/comida-tipica-na-cidade-de-curitiba\/","title":{"rendered":"O que provar em Curitiba do Caf\u00e9 da Manh\u00e3 ao Jantar"},"content":{"rendered":"<h2>Conhe\u00e7a a cidade de Curitiba pela a gastronomia<\/h2>\n<p>Um prato t\u00edpico sempre conta a hist\u00f3ria e a origem da cidade. Nada melhor do que conhecer a cidade provando seus sabores.<\/p>\n<p>Separamos comidas t\u00edpicas da cidade de Curitiba do caf\u00e9 da manh\u00e3 ao jantar. Bora l\u00e1 ?!<\/p>\n<div id=\"attachment_12429\" style=\"width: 810px\" class=\"wp-caption aligncenter\"><img fetchpriority=\"high\" decoding=\"async\" aria-describedby=\"caption-attachment-12429\" class=\"size-full wp-image-12429\" src=\"https:\/\/mcities.com.br\/curitiba\/wp-content\/uploads\/sites\/3\/2021\/11\/Comida.-Foto-Ilustrativa.jpg\" alt=\"Comidinhas Brasileiras. Foto Ilustrativa\" width=\"800\" height=\"533\" srcset=\"https:\/\/mcities.com.br\/curitiba\/wp-content\/uploads\/sites\/3\/2021\/11\/Comida.-Foto-Ilustrativa.jpg 800w, https:\/\/mcities.com.br\/curitiba\/wp-content\/uploads\/sites\/3\/2021\/11\/Comida.-Foto-Ilustrativa-300x200.jpg 300w, https:\/\/mcities.com.br\/curitiba\/wp-content\/uploads\/sites\/3\/2021\/11\/Comida.-Foto-Ilustrativa-768x512.jpg 768w, https:\/\/mcities.com.br\/curitiba\/wp-content\/uploads\/sites\/3\/2021\/11\/Comida.-Foto-Ilustrativa-600x400.jpg 600w\" sizes=\"(max-width: 800px) 100vw, 800px\" \/><p id=\"caption-attachment-12429\" class=\"wp-caption-text\">Comidinhas Brasileiras. Foto Ilustrativa<\/p><\/div>\n<h3>Caf\u00e9 para acordar<\/h3>\n<p>Curitibano adora uma padaria, e o pedido mais realizado pelo curitibano em uma panificadora \u00e9 o pingado com p\u00e3o na chapa.<\/p>\n<p>O pingado \u00e9 com caf\u00e9 coado, passado na hora, e \u00e9 servido no copo americano com apenas um quarto de pingo de caf\u00e9 e completado com leite quente. Para acompanhar o cafezinho, nada melhor do que o p\u00e3o franc\u00eas com manteiga, que \u00e9 tostado na chapa at\u00e9 ficar bem crocante.<\/p>\n<p>Essa \u00e9 a maneira de come\u00e7ar o dia, em uma panificadora, com pingado e p\u00e3o na chapa. Claro! Sentado no balc\u00e3o \u00e9 ainda melhor!<\/p>\n<div id=\"attachment_12427\" style=\"width: 810px\" class=\"wp-caption aligncenter\"><img decoding=\"async\" aria-describedby=\"caption-attachment-12427\" class=\"size-full wp-image-12427\" src=\"https:\/\/mcities.com.br\/curitiba\/wp-content\/uploads\/sites\/3\/2021\/11\/Cafe-Pingado.-Foto-Ilustracao.jpg\" alt=\"Caf\u00e9 com Pingado. Foto Ilustra\u00e7\u00e3o\" width=\"800\" height=\"533\" srcset=\"https:\/\/mcities.com.br\/curitiba\/wp-content\/uploads\/sites\/3\/2021\/11\/Cafe-Pingado.-Foto-Ilustracao.jpg 800w, https:\/\/mcities.com.br\/curitiba\/wp-content\/uploads\/sites\/3\/2021\/11\/Cafe-Pingado.-Foto-Ilustracao-300x200.jpg 300w, https:\/\/mcities.com.br\/curitiba\/wp-content\/uploads\/sites\/3\/2021\/11\/Cafe-Pingado.-Foto-Ilustracao-768x512.jpg 768w, https:\/\/mcities.com.br\/curitiba\/wp-content\/uploads\/sites\/3\/2021\/11\/Cafe-Pingado.-Foto-Ilustracao-600x400.jpg 600w\" sizes=\"(max-width: 800px) 100vw, 800px\" \/><p id=\"caption-attachment-12427\" class=\"wp-caption-text\">Caf\u00e9 com Pingado. Foto Ilustra\u00e7\u00e3o<\/p><\/div>\n<p>Selecionamos algumas panificadoras para voc\u00ea conhecer: Padaria Fam\u00edlia Farinha, Padaria Guarani, Padaria Am\u00e9rica, Caf\u00e9 da Manh\u00e3 Panificadora, Jardins Caf\u00e9, Pestinaria, Marcolin e Emporio Kamisnki.<\/p>\n<h3>Hora do Rango<\/h3>\n<p>Vamos para o tradicional a comida italiana do bairro mais italiano de Curitiba no bairro tradicional italiano &#8211; Santa Felicidade.<\/p>\n<p>Velho Madalosso \u00e9 o primeiro restaurante da fam\u00edlia Madalosso. Serve pratos da gastronomia tradicional italiana no sistema de rod\u00edzio e o melhor do rod\u00edzio \u00e9\u00a0 \u00e0 asinha com polenta frita.<\/p>\n<div id=\"attachment_12425\" style=\"width: 781px\" class=\"wp-caption aligncenter\"><img decoding=\"async\" aria-describedby=\"caption-attachment-12425\" class=\"size-full wp-image-12425\" src=\"https:\/\/mcities.com.br\/curitiba\/wp-content\/uploads\/sites\/3\/2021\/11\/Velho-Madalosso.-Foto-Instagram-@velhomadalosso.jpg\" alt=\"Velho Madalosso. Foto Instagram @velhomadalosso\" width=\"771\" height=\"515\" srcset=\"https:\/\/mcities.com.br\/curitiba\/wp-content\/uploads\/sites\/3\/2021\/11\/Velho-Madalosso.-Foto-Instagram-@velhomadalosso.jpg 771w, https:\/\/mcities.com.br\/curitiba\/wp-content\/uploads\/sites\/3\/2021\/11\/Velho-Madalosso.-Foto-Instagram-@velhomadalosso-300x200.jpg 300w, https:\/\/mcities.com.br\/curitiba\/wp-content\/uploads\/sites\/3\/2021\/11\/Velho-Madalosso.-Foto-Instagram-@velhomadalosso-768x513.jpg 768w, https:\/\/mcities.com.br\/curitiba\/wp-content\/uploads\/sites\/3\/2021\/11\/Velho-Madalosso.-Foto-Instagram-@velhomadalosso-600x400.jpg 600w\" sizes=\"(max-width: 771px) 100vw, 771px\" \/><p id=\"caption-attachment-12425\" class=\"wp-caption-text\">Velho Madalosso. Foto Instagram @velhomadalosso<\/p><\/div>\n<h3>Caf\u00e9 da tarde<\/h3>\n<p>Salgado ou doce ? Na duvida prove os dois!<\/p>\n<p>Nada melhor do que uma coxinha de frango com catupiry, que voc\u00ea encontra na tradicional Confeitaria Edelweiss ou na Padaria Jauense.<\/p>\n<div id=\"attachment_12426\" style=\"width: 810px\" class=\"wp-caption aligncenter\"><img loading=\"lazy\" decoding=\"async\" aria-describedby=\"caption-attachment-12426\" class=\"size-full wp-image-12426\" src=\"https:\/\/mcities.com.br\/curitiba\/wp-content\/uploads\/sites\/3\/2021\/11\/Coxinha-de-Frango.-Foto-Ilustracao.jpg\" alt=\"Coxinha de Frango. Foto Ilustra\u00e7\u00e3o\" width=\"800\" height=\"533\" srcset=\"https:\/\/mcities.com.br\/curitiba\/wp-content\/uploads\/sites\/3\/2021\/11\/Coxinha-de-Frango.-Foto-Ilustracao.jpg 800w, https:\/\/mcities.com.br\/curitiba\/wp-content\/uploads\/sites\/3\/2021\/11\/Coxinha-de-Frango.-Foto-Ilustracao-300x200.jpg 300w, https:\/\/mcities.com.br\/curitiba\/wp-content\/uploads\/sites\/3\/2021\/11\/Coxinha-de-Frango.-Foto-Ilustracao-768x512.jpg 768w, https:\/\/mcities.com.br\/curitiba\/wp-content\/uploads\/sites\/3\/2021\/11\/Coxinha-de-Frango.-Foto-Ilustracao-600x400.jpg 600w\" sizes=\"(max-width: 800px) 100vw, 800px\" \/><p id=\"caption-attachment-12426\" class=\"wp-caption-text\">Coxinha de Frango. Foto Ilustra\u00e7\u00e3o<\/p><\/div>\n<p>E quem resiste a torta Banoffi, torta de banana com doce de leite que teve origem na Inglaterra, que leva doce de leite, banana, bolacha, creme de leite, manteiga e a\u00e7\u00facar. Voc\u00ea encontra na confeitaria Banoffi ou na doceria Nanica.<\/p>\n<div id=\"attachment_12428\" style=\"width: 810px\" class=\"wp-caption aligncenter\"><img loading=\"lazy\" decoding=\"async\" aria-describedby=\"caption-attachment-12428\" class=\"size-full wp-image-12428\" src=\"https:\/\/mcities.com.br\/curitiba\/wp-content\/uploads\/sites\/3\/2021\/11\/Torta-Banoffi-.-Foto-Ilustrativa.jpg\" alt=\"Torta Banoffi. Foto Ilustrativa\" width=\"800\" height=\"533\" srcset=\"https:\/\/mcities.com.br\/curitiba\/wp-content\/uploads\/sites\/3\/2021\/11\/Torta-Banoffi-.-Foto-Ilustrativa.jpg 800w, https:\/\/mcities.com.br\/curitiba\/wp-content\/uploads\/sites\/3\/2021\/11\/Torta-Banoffi-.-Foto-Ilustrativa-300x200.jpg 300w, https:\/\/mcities.com.br\/curitiba\/wp-content\/uploads\/sites\/3\/2021\/11\/Torta-Banoffi-.-Foto-Ilustrativa-768x512.jpg 768w, https:\/\/mcities.com.br\/curitiba\/wp-content\/uploads\/sites\/3\/2021\/11\/Torta-Banoffi-.-Foto-Ilustrativa-600x400.jpg 600w\" sizes=\"(max-width: 800px) 100vw, 800px\" \/><p id=\"caption-attachment-12428\" class=\"wp-caption-text\">Torta Banoffi. Foto Ilustrativa<\/p><\/div>\n<h3>Happy Hour<\/h3>\n<p>Vai bem com as cervejas artesanais em Curitiba, mas o pedido para acompanhar o happy hour \u00e9 a Carne de On\u00e7a, que de on\u00e7a s\u00f3 leva o nome!<\/p>\n<p>A carne \u00e9 de mignon servida crua com cebolinha bem picadas, temperada com pimenta do reino, sal e azeite de oliva, al\u00e9m da fatia de broa.<\/p>\n<p>P\u00e3o com Bolinho, que leva um bolinho de carne com temperos especiais, crac\u00f3via defumada, queijo mussarela, queijo cheddar, alface, pepino azedo e maionese artesanal de alho servido no p\u00e3o franc\u00eas. Voc\u00ea encontra no Bar Baran Ucrania<\/p>\n<div id=\"attachment_12414\" style=\"width: 710px\" class=\"wp-caption aligncenter\"><img loading=\"lazy\" decoding=\"async\" aria-describedby=\"caption-attachment-12414\" class=\"size-full wp-image-12414\" src=\"https:\/\/mcities.com.br\/curitiba\/wp-content\/uploads\/sites\/3\/2019\/10\/cerveja.jpg\" alt=\"Cerveja Gelada. Foto Ilustrativa\" width=\"700\" height=\"466\" srcset=\"https:\/\/mcities.com.br\/curitiba\/wp-content\/uploads\/sites\/3\/2019\/10\/cerveja.jpg 700w, https:\/\/mcities.com.br\/curitiba\/wp-content\/uploads\/sites\/3\/2019\/10\/cerveja-300x200.jpg 300w, https:\/\/mcities.com.br\/curitiba\/wp-content\/uploads\/sites\/3\/2019\/10\/cerveja-600x400.jpg 600w\" sizes=\"(max-width: 700px) 100vw, 700px\" \/><p id=\"caption-attachment-12414\" class=\"wp-caption-text\">Cerveja Gelada. Foto Ilustrativa<\/p><\/div>\n<h3>Jantar<\/h3>\n<p>Pizza Marguerita, massa alta que leva queijo mussarela, manjeric\u00e3o, or\u00e9gano, molho de tomate natural que \u00e9 temperado com azeite, sal e or\u00e9gano.<\/p>\n<p>Voc\u00ea encontra nas Pizzarias Carolla, Baggio, Piola e Dom Carmino.<\/p>\n<div id=\"attachment_5311\" style=\"width: 810px\" class=\"wp-caption aligncenter\"><img loading=\"lazy\" decoding=\"async\" aria-describedby=\"caption-attachment-5311\" class=\"wp-image-5311\" src=\"https:\/\/mcities.com.br\/curitiba\/wp-content\/uploads\/sites\/3\/2018\/04\/pizza-12-1024x666.jpg\" alt=\"\" width=\"800\" height=\"520\" srcset=\"https:\/\/mcities.com.br\/curitiba\/wp-content\/uploads\/sites\/3\/2018\/04\/pizza-12-1024x666.jpg 1024w, https:\/\/mcities.com.br\/curitiba\/wp-content\/uploads\/sites\/3\/2018\/04\/pizza-12-300x195.jpg 300w, https:\/\/mcities.com.br\/curitiba\/wp-content\/uploads\/sites\/3\/2018\/04\/pizza-12-768x499.jpg 768w, https:\/\/mcities.com.br\/curitiba\/wp-content\/uploads\/sites\/3\/2018\/04\/pizza-12.jpg 1600w\" sizes=\"(max-width: 800px) 100vw, 800px\" \/><p id=\"caption-attachment-5311\" class=\"wp-caption-text\">Pizza de Manjeric\u00e3o. Foto Ilustrativa<\/p><\/div>\n","protected":false},"excerpt":{"rendered":"<p>Conhe\u00e7a a cidade de Curitiba pela a gastronomia Um prato t\u00edpico sempre conta a hist\u00f3ria e a origem da cidade. Nada melhor do que conhecer a cidade provando seus sabores. Separamos comidas t\u00edpicas da cidade de Curitiba do caf\u00e9 da manh\u00e3 ao jantar. Bora l\u00e1 ?! Caf\u00e9 para acordar Curitibano adora uma padaria, e o [&hellip;]<\/p>\n","protected":false},"author":23,"featured_media":12431,"comment_status":"open","ping_status":"open","sticky":false,"template":"","format":"standard","meta":{"footnotes":""},"categories":[12],"tags":[],"yoast_head":"<!-- This site is optimized with the Yoast SEO plugin v21.9.1 - https:\/\/yoast.com\/wordpress\/plugins\/seo\/ -->\n<title>O que provar em Curitiba do Caf\u00e9 da Manh\u00e3 ao Jantar | MCities Curitiba<\/title>\n<meta name=\"description\" content=\"Quer saber o que comer em Curitiba. Conhe\u00e7a os principais pratos que s\u00e3o t\u00edpicos em Curitiba para voc\u00ea curtir a cidade pela gastronomia.\" \/>\n<meta name=\"robots\" content=\"index, follow, max-snippet:-1, max-image-preview:large, max-video-preview:-1\" \/>\n<link rel=\"canonical\" href=\"https:\/\/mcities.com.br\/curitiba\/sabor-curitiba\/comida-tipica-na-cidade-de-curitiba\/\" \/>\n<meta property=\"og:locale\" content=\"pt_BR\" \/>\n<meta property=\"og:type\" content=\"article\" \/>\n<meta property=\"og:title\" content=\"O que provar em Curitiba do Caf\u00e9 da Manh\u00e3 ao Jantar | MCities Curitiba\" \/>\n<meta property=\"og:description\" content=\"Quer saber o que comer em Curitiba. Conhe\u00e7a os principais pratos que s\u00e3o t\u00edpicos em Curitiba para voc\u00ea curtir a cidade pela gastronomia.\" \/>\n<meta property=\"og:url\" content=\"https:\/\/mcities.com.br\/curitiba\/sabor-curitiba\/comida-tipica-na-cidade-de-curitiba\/\" \/>\n<meta property=\"og:site_name\" content=\"MCities Curitiba\" \/>\n<meta property=\"article:published_time\" content=\"2021-11-02T23:23:56+00:00\" \/>\n<meta property=\"article:modified_time\" content=\"2021-11-02T23:27:10+00:00\" \/>\n<meta property=\"og:image\" content=\"https:\/\/mcities.com.br\/curitiba\/wp-content\/uploads\/sites\/3\/2021\/11\/Comida-Curitibana.jpg\" \/>\n\t<meta property=\"og:image:width\" content=\"800\" \/>\n\t<meta property=\"og:image:height\" content=\"533\" \/>\n\t<meta property=\"og:image:type\" content=\"image\/jpeg\" \/>\n<meta name=\"author\" content=\"ana paula miranda\" \/>\n<meta name=\"twitter:card\" content=\"summary_large_image\" \/>\n<meta name=\"twitter:label1\" content=\"Written by\" \/>\n\t<meta name=\"twitter:data1\" content=\"ana paula miranda\" \/>\n\t<meta name=\"twitter:label2\" content=\"Est. reading time\" \/>\n\t<meta name=\"twitter:data2\" content=\"4 minutos\" \/>\n<script type=\"application\/ld+json\" class=\"yoast-schema-graph\">{\"@context\":\"https:\/\/schema.org\",\"@graph\":[{\"@type\":\"Article\",\"@id\":\"https:\/\/mcities.com.br\/curitiba\/sabor-curitiba\/comida-tipica-na-cidade-de-curitiba\/#article\",\"isPartOf\":{\"@id\":\"https:\/\/mcities.com.br\/curitiba\/sabor-curitiba\/comida-tipica-na-cidade-de-curitiba\/\"},\"author\":{\"name\":\"ana paula miranda\",\"@id\":\"https:\/\/mcities.com.br\/curitiba\/#\/schema\/person\/0584f3618895d12517d8e357750a3bd7\"},\"headline\":\"O que provar em Curitiba do Caf\u00e9 da Manh\u00e3 ao Jantar\",\"datePublished\":\"2021-11-02T23:23:56+00:00\",\"dateModified\":\"2021-11-02T23:27:10+00:00\",\"mainEntityOfPage\":{\"@id\":\"https:\/\/mcities.com.br\/curitiba\/sabor-curitiba\/comida-tipica-na-cidade-de-curitiba\/\"},\"wordCount\":526,\"commentCount\":0,\"publisher\":{\"@id\":\"https:\/\/mcities.com.br\/curitiba\/#organization\"},\"articleSection\":[\"Sabor Curitiba\"],\"inLanguage\":\"pt-BR\",\"potentialAction\":[{\"@type\":\"CommentAction\",\"name\":\"Comment\",\"target\":[\"https:\/\/mcities.com.br\/curitiba\/sabor-curitiba\/comida-tipica-na-cidade-de-curitiba\/#respond\"]}]},{\"@type\":\"WebPage\",\"@id\":\"https:\/\/mcities.com.br\/curitiba\/sabor-curitiba\/comida-tipica-na-cidade-de-curitiba\/\",\"url\":\"https:\/\/mcities.com.br\/curitiba\/sabor-curitiba\/comida-tipica-na-cidade-de-curitiba\/\",\"name\":\"O que provar em Curitiba do Caf\u00e9 da Manh\u00e3 ao Jantar | MCities Curitiba\",\"isPartOf\":{\"@id\":\"https:\/\/mcities.com.br\/curitiba\/#website\"},\"datePublished\":\"2021-11-02T23:23:56+00:00\",\"dateModified\":\"2021-11-02T23:27:10+00:00\",\"description\":\"Quer saber o que comer em Curitiba. Conhe\u00e7a os principais pratos que s\u00e3o t\u00edpicos em Curitiba para voc\u00ea curtir a cidade pela gastronomia.\",\"breadcrumb\":{\"@id\":\"https:\/\/mcities.com.br\/curitiba\/sabor-curitiba\/comida-tipica-na-cidade-de-curitiba\/#breadcrumb\"},\"inLanguage\":\"pt-BR\",\"potentialAction\":[{\"@type\":\"ReadAction\",\"target\":[\"https:\/\/mcities.com.br\/curitiba\/sabor-curitiba\/comida-tipica-na-cidade-de-curitiba\/\"]}]},{\"@type\":\"BreadcrumbList\",\"@id\":\"https:\/\/mcities.com.br\/curitiba\/sabor-curitiba\/comida-tipica-na-cidade-de-curitiba\/#breadcrumb\",\"itemListElement\":[{\"@type\":\"ListItem\",\"position\":1,\"name\":\"Home\",\"item\":\"https:\/\/mcities.com.br\/curitiba\/\"},{\"@type\":\"ListItem\",\"position\":2,\"name\":\"O que provar em Curitiba do Caf\u00e9 da Manh\u00e3 ao Jantar\"}]},{\"@type\":\"WebSite\",\"@id\":\"https:\/\/mcities.com.br\/curitiba\/#website\",\"url\":\"https:\/\/mcities.com.br\/curitiba\/\",\"name\":\"MCities Curitiba\",\"description\":\"MCities \u00e9 um sistema que tem a disposic\u0327a\u0303o de dinamizar a integrac\u0327a\u0303o entre pessoas e cidades. Somos um sistema que oferece conte\u00fados de experi\u00eancias divertidas para voc\u00ea curtir e viver momentos incr\u00edveis, seja em casa ou nas ruas da cidade.\",\"publisher\":{\"@id\":\"https:\/\/mcities.com.br\/curitiba\/#organization\"},\"potentialAction\":[{\"@type\":\"SearchAction\",\"target\":{\"@type\":\"EntryPoint\",\"urlTemplate\":\"https:\/\/mcities.com.br\/curitiba\/?s={search_term_string}\"},\"query-input\":\"required name=search_term_string\"}],\"inLanguage\":\"pt-BR\"},{\"@type\":\"Organization\",\"@id\":\"https:\/\/mcities.com.br\/curitiba\/#organization\",\"name\":\"MCities\",\"url\":\"https:\/\/mcities.com.br\/curitiba\/\",\"logo\":{\"@type\":\"ImageObject\",\"inLanguage\":\"pt-BR\",\"@id\":\"https:\/\/mcities.com.br\/curitiba\/#\/schema\/logo\/image\/\",\"url\":\"https:\/\/mcities.com.br\/curitiba\/wp-content\/uploads\/sites\/3\/2017\/03\/mcities-color.png\",\"contentUrl\":\"https:\/\/mcities.com.br\/curitiba\/wp-content\/uploads\/sites\/3\/2017\/03\/mcities-color.png\",\"width\":248,\"height\":57,\"caption\":\"MCities\"},\"image\":{\"@id\":\"https:\/\/mcities.com.br\/curitiba\/#\/schema\/logo\/image\/\"}},{\"@type\":\"Person\",\"@id\":\"https:\/\/mcities.com.br\/curitiba\/#\/schema\/person\/0584f3618895d12517d8e357750a3bd7\",\"name\":\"ana paula miranda\",\"image\":{\"@type\":\"ImageObject\",\"inLanguage\":\"pt-BR\",\"@id\":\"https:\/\/mcities.com.br\/curitiba\/#\/schema\/person\/image\/\",\"url\":\"https:\/\/secure.gravatar.com\/avatar\/fed41bf8682e0a612902542e75ab1b65?s=96&d=mm&r=g\",\"contentUrl\":\"https:\/\/secure.gravatar.com\/avatar\/fed41bf8682e0a612902542e75ab1b65?s=96&d=mm&r=g\",\"caption\":\"ana paula miranda\"}}]}<\/script>\n<!-- \/ Yoast SEO plugin. -->","yoast_head_json":{"title":"O que provar em Curitiba do Caf\u00e9 da Manh\u00e3 ao Jantar | MCities Curitiba","description":"Quer saber o que comer em Curitiba. Conhe\u00e7a os principais pratos que s\u00e3o t\u00edpicos em Curitiba para voc\u00ea curtir a cidade pela gastronomia.","robots":{"index":"index","follow":"follow","max-snippet":"max-snippet:-1","max-image-preview":"max-image-preview:large","max-video-preview":"max-video-preview:-1"},"canonical":"https:\/\/mcities.com.br\/curitiba\/sabor-curitiba\/comida-tipica-na-cidade-de-curitiba\/","og_locale":"pt_BR","og_type":"article","og_title":"O que provar em Curitiba do Caf\u00e9 da Manh\u00e3 ao Jantar | MCities Curitiba","og_description":"Quer saber o que comer em Curitiba. Conhe\u00e7a os principais pratos que s\u00e3o t\u00edpicos em Curitiba para voc\u00ea curtir a cidade pela gastronomia.","og_url":"https:\/\/mcities.com.br\/curitiba\/sabor-curitiba\/comida-tipica-na-cidade-de-curitiba\/","og_site_name":"MCities Curitiba","article_published_time":"2021-11-02T23:23:56+00:00","article_modified_time":"2021-11-02T23:27:10+00:00","og_image":[{"width":800,"height":533,"url":"https:\/\/mcities.com.br\/curitiba\/wp-content\/uploads\/sites\/3\/2021\/11\/Comida-Curitibana.jpg","type":"image\/jpeg"}],"author":"ana paula miranda","twitter_card":"summary_large_image","twitter_misc":{"Written by":"ana paula miranda","Est. reading time":"4 minutos"},"schema":{"@context":"https:\/\/schema.org","@graph":[{"@type":"Article","@id":"https:\/\/mcities.com.br\/curitiba\/sabor-curitiba\/comida-tipica-na-cidade-de-curitiba\/#article","isPartOf":{"@id":"https:\/\/mcities.com.br\/curitiba\/sabor-curitiba\/comida-tipica-na-cidade-de-curitiba\/"},"author":{"name":"ana paula miranda","@id":"https:\/\/mcities.com.br\/curitiba\/#\/schema\/person\/0584f3618895d12517d8e357750a3bd7"},"headline":"O que provar em Curitiba do Caf\u00e9 da Manh\u00e3 ao Jantar","datePublished":"2021-11-02T23:23:56+00:00","dateModified":"2021-11-02T23:27:10+00:00","mainEntityOfPage":{"@id":"https:\/\/mcities.com.br\/curitiba\/sabor-curitiba\/comida-tipica-na-cidade-de-curitiba\/"},"wordCount":526,"commentCount":0,"publisher":{"@id":"https:\/\/mcities.com.br\/curitiba\/#organization"},"articleSection":["Sabor Curitiba"],"inLanguage":"pt-BR","potentialAction":[{"@type":"CommentAction","name":"Comment","target":["https:\/\/mcities.com.br\/curitiba\/sabor-curitiba\/comida-tipica-na-cidade-de-curitiba\/#respond"]}]},{"@type":"WebPage","@id":"https:\/\/mcities.com.br\/curitiba\/sabor-curitiba\/comida-tipica-na-cidade-de-curitiba\/","url":"https:\/\/mcities.com.br\/curitiba\/sabor-curitiba\/comida-tipica-na-cidade-de-curitiba\/","name":"O que provar em Curitiba do Caf\u00e9 da Manh\u00e3 ao Jantar | MCities Curitiba","isPartOf":{"@id":"https:\/\/mcities.com.br\/curitiba\/#website"},"datePublished":"2021-11-02T23:23:56+00:00","dateModified":"2021-11-02T23:27:10+00:00","description":"Quer saber o que comer em Curitiba. Conhe\u00e7a os principais pratos que s\u00e3o t\u00edpicos em Curitiba para voc\u00ea curtir a cidade pela gastronomia.","breadcrumb":{"@id":"https:\/\/mcities.com.br\/curitiba\/sabor-curitiba\/comida-tipica-na-cidade-de-curitiba\/#breadcrumb"},"inLanguage":"pt-BR","potentialAction":[{"@type":"ReadAction","target":["https:\/\/mcities.com.br\/curitiba\/sabor-curitiba\/comida-tipica-na-cidade-de-curitiba\/"]}]},{"@type":"BreadcrumbList","@id":"https:\/\/mcities.com.br\/curitiba\/sabor-curitiba\/comida-tipica-na-cidade-de-curitiba\/#breadcrumb","itemListElement":[{"@type":"ListItem","position":1,"name":"Home","item":"https:\/\/mcities.com.br\/curitiba\/"},{"@type":"ListItem","position":2,"name":"O que provar em Curitiba do Caf\u00e9 da Manh\u00e3 ao Jantar"}]},{"@type":"WebSite","@id":"https:\/\/mcities.com.br\/curitiba\/#website","url":"https:\/\/mcities.com.br\/curitiba\/","name":"MCities Curitiba","description":"MCities \u00e9 um sistema que tem a disposic\u0327a\u0303o de dinamizar a integrac\u0327a\u0303o entre pessoas e cidades. Somos um sistema que oferece conte\u00fados de experi\u00eancias divertidas para voc\u00ea curtir e viver momentos incr\u00edveis, seja em casa ou nas ruas da cidade.","publisher":{"@id":"https:\/\/mcities.com.br\/curitiba\/#organization"},"potentialAction":[{"@type":"SearchAction","target":{"@type":"EntryPoint","urlTemplate":"https:\/\/mcities.com.br\/curitiba\/?s={search_term_string}"},"query-input":"required name=search_term_string"}],"inLanguage":"pt-BR"},{"@type":"Organization","@id":"https:\/\/mcities.com.br\/curitiba\/#organization","name":"MCities","url":"https:\/\/mcities.com.br\/curitiba\/","logo":{"@type":"ImageObject","inLanguage":"pt-BR","@id":"https:\/\/mcities.com.br\/curitiba\/#\/schema\/logo\/image\/","url":"https:\/\/mcities.com.br\/curitiba\/wp-content\/uploads\/sites\/3\/2017\/03\/mcities-color.png","contentUrl":"https:\/\/mcities.com.br\/curitiba\/wp-content\/uploads\/sites\/3\/2017\/03\/mcities-color.png","width":248,"height":57,"caption":"MCities"},"image":{"@id":"https:\/\/mcities.com.br\/curitiba\/#\/schema\/logo\/image\/"}},{"@type":"Person","@id":"https:\/\/mcities.com.br\/curitiba\/#\/schema\/person\/0584f3618895d12517d8e357750a3bd7","name":"ana paula miranda","image":{"@type":"ImageObject","inLanguage":"pt-BR","@id":"https:\/\/mcities.com.br\/curitiba\/#\/schema\/person\/image\/","url":"https:\/\/secure.gravatar.com\/avatar\/fed41bf8682e0a612902542e75ab1b65?s=96&d=mm&r=g","contentUrl":"https:\/\/secure.gravatar.com\/avatar\/fed41bf8682e0a612902542e75ab1b65?s=96&d=mm&r=g","caption":"ana paula miranda"}}]}},"_links":{"self":[{"href":"https:\/\/mcities.com.br\/curitiba\/wp-json\/wp\/v2\/posts\/12353"}],"collection":[{"href":"https:\/\/mcities.com.br\/curitiba\/wp-json\/wp\/v2\/posts"}],"about":[{"href":"https:\/\/mcities.com.br\/curitiba\/wp-json\/wp\/v2\/types\/post"}],"author":[{"embeddable":true,"href":"https:\/\/mcities.com.br\/curitiba\/wp-json\/wp\/v2\/users\/23"}],"replies":[{"embeddable":true,"href":"https:\/\/mcities.com.br\/curitiba\/wp-json\/wp\/v2\/comments?post=12353"}],"version-history":[{"count":3,"href":"https:\/\/mcities.com.br\/curitiba\/wp-json\/wp\/v2\/posts\/12353\/revisions"}],"predecessor-version":[{"id":12430,"href":"https:\/\/mcities.com.br\/curitiba\/wp-json\/wp\/v2\/posts\/12353\/revisions\/12430"}],"wp:featuredmedia":[{"embeddable":true,"href":"https:\/\/mcities.com.br\/curitiba\/wp-json\/wp\/v2\/media\/12431"}],"wp:attachment":[{"href":"https:\/\/mcities.com.br\/curitiba\/wp-json\/wp\/v2\/media?parent=12353"}],"wp:term":[{"taxonomy":"category","embeddable":true,"href":"https:\/\/mcities.com.br\/curitiba\/wp-json\/wp\/v2\/categories?post=12353"},{"taxonomy":"post_tag","embeddable":true,"href":"https:\/\/mcities.com.br\/curitiba\/wp-json\/wp\/v2\/tags?post=12353"}],"curies":[{"name":"wp","href":"https:\/\/api.w.org\/{rel}","templated":true}]}}