{"id":10838,"date":"2020-09-03T08:17:37","date_gmt":"2020-09-03T11:17:37","guid":{"rendered":"https:\/\/mcities.com.br\/curitiba\/?p=10838"},"modified":"2021-04-14T17:39:40","modified_gmt":"2021-04-14T20:39:40","slug":"parque-picnic","status":"publish","type":"post","link":"https:\/\/mcities.com.br\/curitiba\/o-que-fazer-em-familia\/parque-picnic\/","title":{"rendered":"Parque com direito a Picnic. Preciso!"},"content":{"rendered":"<h2>Nada melhor do que passear em meio a natureza e ainda fazer um PicNic<\/h2>\n<p>Localizado dentro da maior \u00e1rea cont\u00ednua remanescente de Mata Atl\u00e2ntica, o parque est\u00e1 reaberto com todas as medidas de seguran\u00e7a contra o COVID-19 e ainda ganhou novas instala\u00e7\u00f5es art\u00edsticas e op\u00e7\u00e3o de cestas de picnic ao ar livre.<\/p>\n<div id=\"attachment_10840\" style=\"width: 810px\" class=\"wp-caption aligncenter\"><img fetchpriority=\"high\" decoding=\"async\" aria-describedby=\"caption-attachment-10840\" class=\"wp-image-10840\" src=\"https:\/\/mcities.com.br\/curitiba\/wp-content\/uploads\/sites\/3\/2020\/08\/varanda-das-ideias.jpg\" alt=\"\" width=\"800\" height=\"800\" srcset=\"https:\/\/mcities.com.br\/curitiba\/wp-content\/uploads\/sites\/3\/2020\/08\/varanda-das-ideias.jpg 960w, https:\/\/mcities.com.br\/curitiba\/wp-content\/uploads\/sites\/3\/2020\/08\/varanda-das-ideias-150x150.jpg 150w, https:\/\/mcities.com.br\/curitiba\/wp-content\/uploads\/sites\/3\/2020\/08\/varanda-das-ideias-300x300.jpg 300w, https:\/\/mcities.com.br\/curitiba\/wp-content\/uploads\/sites\/3\/2020\/08\/varanda-das-ideias-768x768.jpg 768w, https:\/\/mcities.com.br\/curitiba\/wp-content\/uploads\/sites\/3\/2020\/08\/varanda-das-ideias-600x600.jpg 600w\" sizes=\"(max-width: 800px) 100vw, 800px\" \/><p id=\"caption-attachment-10840\" class=\"wp-caption-text\">Varandas das Id\u00e9ias, com vista para Mata Atl\u00e2ntica. Foto Albori Ribeiro\/ Ek\u00f4a Park<\/p><\/div>\n<h3>Arte em meio a Natureza<\/h3>\n<p>O parque possui uma trilha inspirada na Serra da Graciosa, chamada de Alameda das Artes, que \u00e9 conceitos art\u00edsticos que transformam todo o percurso em um t\u00fanel sensorial pela mata. Uma experi\u00eancia fant\u00e1stica no meio da natureza.<\/p>\n<div id=\"attachment_10843\" style=\"width: 810px\" class=\"wp-caption aligncenter\"><img decoding=\"async\" aria-describedby=\"caption-attachment-10843\" class=\"wp-image-10843\" src=\"https:\/\/mcities.com.br\/curitiba\/wp-content\/uploads\/sites\/3\/2020\/08\/No-meio-do-caminho-tinha-uma-Ju\u00e7ara-uma-das-especies-nativas-amea\u00e7adas-de-extin\u00e7\u00e3o-no-brasil.jpg\" alt=\"\" width=\"800\" height=\"800\" srcset=\"https:\/\/mcities.com.br\/curitiba\/wp-content\/uploads\/sites\/3\/2020\/08\/No-meio-do-caminho-tinha-uma-Ju\u00e7ara-uma-das-especies-nativas-amea\u00e7adas-de-extin\u00e7\u00e3o-no-brasil.jpg 960w, https:\/\/mcities.com.br\/curitiba\/wp-content\/uploads\/sites\/3\/2020\/08\/No-meio-do-caminho-tinha-uma-Ju\u00e7ara-uma-das-especies-nativas-amea\u00e7adas-de-extin\u00e7\u00e3o-no-brasil-150x150.jpg 150w, https:\/\/mcities.com.br\/curitiba\/wp-content\/uploads\/sites\/3\/2020\/08\/No-meio-do-caminho-tinha-uma-Ju\u00e7ara-uma-das-especies-nativas-amea\u00e7adas-de-extin\u00e7\u00e3o-no-brasil-300x300.jpg 300w, https:\/\/mcities.com.br\/curitiba\/wp-content\/uploads\/sites\/3\/2020\/08\/No-meio-do-caminho-tinha-uma-Ju\u00e7ara-uma-das-especies-nativas-amea\u00e7adas-de-extin\u00e7\u00e3o-no-brasil-768x768.jpg 768w, https:\/\/mcities.com.br\/curitiba\/wp-content\/uploads\/sites\/3\/2020\/08\/No-meio-do-caminho-tinha-uma-Ju\u00e7ara-uma-das-especies-nativas-amea\u00e7adas-de-extin\u00e7\u00e3o-no-brasil-600x600.jpg 600w\" sizes=\"(max-width: 800px) 100vw, 800px\" \/><p id=\"caption-attachment-10843\" class=\"wp-caption-text\">No meio do caminho tinha uma Ju\u00e7ara, uma das esp\u00e9cies nativas amea\u00e7adas de extin\u00e7\u00e3o no Brasil. Foto Divulga\u00e7\u00e3o Facebook Ek\u00f4a Park<\/p><\/div>\n<p>Al\u00e9m das atra\u00e7\u00f5es como arvorismo, tirolesa, trilhas com diferentes n\u00edveis de dificuldade, rapel e voo cativo de bal\u00e3o.<\/p>\n<div id=\"attachment_10842\" style=\"width: 810px\" class=\"wp-caption aligncenter\"><img decoding=\"async\" aria-describedby=\"caption-attachment-10842\" class=\"wp-image-10842\" src=\"https:\/\/mcities.com.br\/curitiba\/wp-content\/uploads\/sites\/3\/2020\/08\/J\u00e1-prestou-aten\u00e7\u00e3o-e-viu-de-perto-o-Sph.jpg\" alt=\"\" width=\"800\" height=\"800\" srcset=\"https:\/\/mcities.com.br\/curitiba\/wp-content\/uploads\/sites\/3\/2020\/08\/J\u00e1-prestou-aten\u00e7\u00e3o-e-viu-de-perto-o-Sph.jpg 960w, https:\/\/mcities.com.br\/curitiba\/wp-content\/uploads\/sites\/3\/2020\/08\/J\u00e1-prestou-aten\u00e7\u00e3o-e-viu-de-perto-o-Sph-150x150.jpg 150w, https:\/\/mcities.com.br\/curitiba\/wp-content\/uploads\/sites\/3\/2020\/08\/J\u00e1-prestou-aten\u00e7\u00e3o-e-viu-de-perto-o-Sph-300x300.jpg 300w, https:\/\/mcities.com.br\/curitiba\/wp-content\/uploads\/sites\/3\/2020\/08\/J\u00e1-prestou-aten\u00e7\u00e3o-e-viu-de-perto-o-Sph-768x768.jpg 768w, https:\/\/mcities.com.br\/curitiba\/wp-content\/uploads\/sites\/3\/2020\/08\/J\u00e1-prestou-aten\u00e7\u00e3o-e-viu-de-perto-o-Sph-600x600.jpg 600w\" sizes=\"(max-width: 800px) 100vw, 800px\" \/><p id=\"caption-attachment-10842\" class=\"wp-caption-text\">Observe o Sphagnum, musgo capaz de absorver 20 vezes seu peso em \u00e1gua. Foto: Divulga\u00e7\u00e3o Facebook Ek\u00f4a Park<\/p><\/div>\n<h3>Oba PicNic!<\/h3>\n<p>O parque possui o Restaurante Okoa, agora possui cestas de PicNic.<\/p>\n<p>Basta voc\u00ea chegar no restaurante e solicitar uma das op\u00e7\u00f5es de cestas com: caprese vegetariana, caponata de bananeira com pasta de gorgonzola, sandu\u00edche de barreado, salada de macarr\u00e3o com cogumelo e frutas da esta\u00e7\u00e3o<\/p>\n<div id=\"attachment_10839\" style=\"width: 810px\" class=\"wp-caption aligncenter\"><img loading=\"lazy\" decoding=\"async\" aria-describedby=\"caption-attachment-10839\" class=\"wp-image-10839\" src=\"https:\/\/mcities.com.br\/curitiba\/wp-content\/uploads\/sites\/3\/2020\/08\/Ekoa-Park4.jpg\" alt=\"\" width=\"800\" height=\"534\" srcset=\"https:\/\/mcities.com.br\/curitiba\/wp-content\/uploads\/sites\/3\/2020\/08\/Ekoa-Park4.jpg 1000w, https:\/\/mcities.com.br\/curitiba\/wp-content\/uploads\/sites\/3\/2020\/08\/Ekoa-Park4-300x200.jpg 300w, https:\/\/mcities.com.br\/curitiba\/wp-content\/uploads\/sites\/3\/2020\/08\/Ekoa-Park4-768x512.jpg 768w, https:\/\/mcities.com.br\/curitiba\/wp-content\/uploads\/sites\/3\/2020\/08\/Ekoa-Park4-600x400.jpg 600w\" sizes=\"(max-width: 800px) 100vw, 800px\" \/><p id=\"caption-attachment-10839\" class=\"wp-caption-text\">Espa\u00e7o para belo PicNic. Foto Albori Ribeiro\/ Ek\u00f4a Park<\/p><\/div>\n<p>O mais divertido \u00e9 que voc\u00ea pode escolher um dos lugares incr\u00edveis do parque, afastado de todos, para fazer uma refei\u00e7\u00e3o deliciosa, com produtos naturais e ingredientes da regi\u00e3o.<\/p>\n<div id=\"attachment_10841\" style=\"width: 810px\" class=\"wp-caption aligncenter\"><img loading=\"lazy\" decoding=\"async\" aria-describedby=\"caption-attachment-10841\" class=\"wp-image-10841\" src=\"https:\/\/mcities.com.br\/curitiba\/wp-content\/uploads\/sites\/3\/2020\/08\/O-segredo-do-gigante-1024x529.jpg\" alt=\"\" width=\"800\" height=\"413\" srcset=\"https:\/\/mcities.com.br\/curitiba\/wp-content\/uploads\/sites\/3\/2020\/08\/O-segredo-do-gigante-1024x529.jpg 1024w, https:\/\/mcities.com.br\/curitiba\/wp-content\/uploads\/sites\/3\/2020\/08\/O-segredo-do-gigante-300x155.jpg 300w, https:\/\/mcities.com.br\/curitiba\/wp-content\/uploads\/sites\/3\/2020\/08\/O-segredo-do-gigante-768x397.jpg 768w, https:\/\/mcities.com.br\/curitiba\/wp-content\/uploads\/sites\/3\/2020\/08\/O-segredo-do-gigante.jpg 1200w\" sizes=\"(max-width: 800px) 100vw, 800px\" \/><p id=\"caption-attachment-10841\" class=\"wp-caption-text\">O Segredo do Gigante. Foto Divulga\u00e7\u00e3o Facebook Ek\u00f4a Park<\/p><\/div>\n<h3>Dicas Importantes, para realizar este passeio:<\/h3>\n<p>O Ek\u00f4a Park est\u00e1 funcionando de sexta a domingo e nos feriados, das 9 \u00e0s 17 horas, na Estrada da Graciosa, no quil\u00f4metro 18,5.<\/p>\n<p>Todas as visitas precisam ser agendadas pelo e-mail <a href=\"mailto:agenda@ekoapark.com.br\">agenda@ekoapark.com.br<\/a>, para depois seguir as regras da Prefeitura de Morretes e se cadastrar no site <a href=\"http:\/\/www.morretesdestinocerto.com.br\/\">morretesdestinocerto.com.br<\/a> para gerar um QR Code, que dever\u00e1 ser apresentado nas barreiras sanit\u00e1rias.<\/p>\n<p>Dentro do Ek\u00f4a \u00e9 obrigat\u00f3rio o uso de m\u00e1scara e o distanciamento m\u00ednimo de dois metros entre as pessoas. O limite de visitantes \u00e9 de 100 pessoas por dia.<\/p>\n<div id=\"attachment_10844\" style=\"width: 810px\" class=\"wp-caption aligncenter\"><img loading=\"lazy\" decoding=\"async\" aria-describedby=\"caption-attachment-10844\" class=\"wp-image-10844\" src=\"https:\/\/mcities.com.br\/curitiba\/wp-content\/uploads\/sites\/3\/2020\/08\/A-arvore-da-vida-1024x529.jpg\" alt=\"\" width=\"800\" height=\"413\" srcset=\"https:\/\/mcities.com.br\/curitiba\/wp-content\/uploads\/sites\/3\/2020\/08\/A-arvore-da-vida-1024x529.jpg 1024w, https:\/\/mcities.com.br\/curitiba\/wp-content\/uploads\/sites\/3\/2020\/08\/A-arvore-da-vida-300x155.jpg 300w, https:\/\/mcities.com.br\/curitiba\/wp-content\/uploads\/sites\/3\/2020\/08\/A-arvore-da-vida-768x397.jpg 768w, https:\/\/mcities.com.br\/curitiba\/wp-content\/uploads\/sites\/3\/2020\/08\/A-arvore-da-vida.jpg 1200w\" sizes=\"(max-width: 800px) 100vw, 800px\" \/><p id=\"caption-attachment-10844\" class=\"wp-caption-text\">A \u00e1rvore da vida. Foto Divulga\u00e7\u00e3o Facebook Ek\u00f4a Park<\/p><\/div>\n<p>O valor da entrada \u00e9 R$ 60 a inteira e R$ 30 a meia-entrada, com op\u00e7\u00f5es de pacotes e atividades avulsas para toda a fam\u00edlia.<\/p>\n<p>Mais informa\u00e7\u00f5es est\u00e3o dispon\u00edveis no site\u00a0<a href=\"https:\/\/www.ekoapark.com.br\/\">EKOAPARK<\/a><\/p>\n","protected":false},"excerpt":{"rendered":"<p>Nada melhor do que passear em meio a natureza e ainda fazer um PicNic Localizado dentro da maior \u00e1rea cont\u00ednua remanescente de Mata Atl\u00e2ntica, o parque est\u00e1 reaberto com todas as medidas de seguran\u00e7a contra o COVID-19 e ainda ganhou novas instala\u00e7\u00f5es art\u00edsticas e op\u00e7\u00e3o de cestas de picnic ao ar livre. Arte em meio [&hellip;]<\/p>\n","protected":false},"author":23,"featured_media":10841,"comment_status":"open","ping_status":"open","sticky":false,"template":"","format":"standard","meta":{"footnotes":""},"categories":[4],"tags":[],"yoast_head":"<!-- This site is optimized with the Yoast SEO plugin v21.9.1 - https:\/\/yoast.com\/wordpress\/plugins\/seo\/ -->\n<title>Parque com direito a Picnic. Preciso! | MCities Curitiba<\/title>\n<meta name=\"description\" content=\"o parque est\u00e1 reaberto com todas as medidas de seguran\u00e7a contra o COVID-19 e ainda ganhou novas instala\u00e7\u00f5es art\u00edsticas e op\u00e7\u00e3o de cestas de picnic ao ar livre.\" \/>\n<meta name=\"robots\" content=\"index, follow, max-snippet:-1, max-image-preview:large, max-video-preview:-1\" \/>\n<link rel=\"canonical\" href=\"https:\/\/mcities.com.br\/curitiba\/o-que-fazer-em-familia\/parque-picnic\/\" \/>\n<meta property=\"og:locale\" content=\"pt_BR\" \/>\n<meta property=\"og:type\" content=\"article\" \/>\n<meta property=\"og:title\" content=\"Parque com direito a Picnic. Preciso! | MCities Curitiba\" \/>\n<meta property=\"og:description\" content=\"o parque est\u00e1 reaberto com todas as medidas de seguran\u00e7a contra o COVID-19 e ainda ganhou novas instala\u00e7\u00f5es art\u00edsticas e op\u00e7\u00e3o de cestas de picnic ao ar livre.\" \/>\n<meta property=\"og:url\" content=\"https:\/\/mcities.com.br\/curitiba\/o-que-fazer-em-familia\/parque-picnic\/\" \/>\n<meta property=\"og:site_name\" content=\"MCities Curitiba\" \/>\n<meta property=\"article:published_time\" content=\"2020-09-03T11:17:37+00:00\" \/>\n<meta property=\"article:modified_time\" content=\"2021-04-14T20:39:40+00:00\" \/>\n<meta property=\"og:image\" content=\"https:\/\/mcities.com.br\/curitiba\/wp-content\/uploads\/sites\/3\/2020\/08\/O-segredo-do-gigante.jpg\" \/>\n\t<meta property=\"og:image:width\" content=\"1200\" \/>\n\t<meta property=\"og:image:height\" content=\"620\" \/>\n\t<meta property=\"og:image:type\" content=\"image\/jpeg\" \/>\n<meta name=\"author\" content=\"ana paula miranda\" \/>\n<meta name=\"twitter:card\" content=\"summary_large_image\" \/>\n<meta name=\"twitter:label1\" content=\"Written by\" \/>\n\t<meta name=\"twitter:data1\" content=\"ana paula miranda\" \/>\n\t<meta name=\"twitter:label2\" content=\"Est. reading time\" \/>\n\t<meta name=\"twitter:data2\" content=\"2 minutos\" \/>\n<script type=\"application\/ld+json\" class=\"yoast-schema-graph\">{\"@context\":\"https:\/\/schema.org\",\"@graph\":[{\"@type\":\"Article\",\"@id\":\"https:\/\/mcities.com.br\/curitiba\/o-que-fazer-em-familia\/parque-picnic\/#article\",\"isPartOf\":{\"@id\":\"https:\/\/mcities.com.br\/curitiba\/o-que-fazer-em-familia\/parque-picnic\/\"},\"author\":{\"name\":\"ana paula miranda\",\"@id\":\"https:\/\/mcities.com.br\/curitiba\/#\/schema\/person\/0584f3618895d12517d8e357750a3bd7\"},\"headline\":\"Parque com direito a Picnic. Preciso!\",\"datePublished\":\"2020-09-03T11:17:37+00:00\",\"dateModified\":\"2021-04-14T20:39:40+00:00\",\"mainEntityOfPage\":{\"@id\":\"https:\/\/mcities.com.br\/curitiba\/o-que-fazer-em-familia\/parque-picnic\/\"},\"wordCount\":485,\"commentCount\":0,\"publisher\":{\"@id\":\"https:\/\/mcities.com.br\/curitiba\/#organization\"},\"articleSection\":[\"Em Fam\u00edlia\"],\"inLanguage\":\"pt-BR\",\"potentialAction\":[{\"@type\":\"CommentAction\",\"name\":\"Comment\",\"target\":[\"https:\/\/mcities.com.br\/curitiba\/o-que-fazer-em-familia\/parque-picnic\/#respond\"]}]},{\"@type\":\"WebPage\",\"@id\":\"https:\/\/mcities.com.br\/curitiba\/o-que-fazer-em-familia\/parque-picnic\/\",\"url\":\"https:\/\/mcities.com.br\/curitiba\/o-que-fazer-em-familia\/parque-picnic\/\",\"name\":\"Parque com direito a Picnic. Preciso! | MCities Curitiba\",\"isPartOf\":{\"@id\":\"https:\/\/mcities.com.br\/curitiba\/#website\"},\"datePublished\":\"2020-09-03T11:17:37+00:00\",\"dateModified\":\"2021-04-14T20:39:40+00:00\",\"description\":\"o parque est\u00e1 reaberto com todas as medidas de seguran\u00e7a contra o COVID-19 e ainda ganhou novas instala\u00e7\u00f5es art\u00edsticas e op\u00e7\u00e3o de cestas de picnic ao ar livre.\",\"breadcrumb\":{\"@id\":\"https:\/\/mcities.com.br\/curitiba\/o-que-fazer-em-familia\/parque-picnic\/#breadcrumb\"},\"inLanguage\":\"pt-BR\",\"potentialAction\":[{\"@type\":\"ReadAction\",\"target\":[\"https:\/\/mcities.com.br\/curitiba\/o-que-fazer-em-familia\/parque-picnic\/\"]}]},{\"@type\":\"BreadcrumbList\",\"@id\":\"https:\/\/mcities.com.br\/curitiba\/o-que-fazer-em-familia\/parque-picnic\/#breadcrumb\",\"itemListElement\":[{\"@type\":\"ListItem\",\"position\":1,\"name\":\"Home\",\"item\":\"https:\/\/mcities.com.br\/curitiba\/\"},{\"@type\":\"ListItem\",\"position\":2,\"name\":\"Parque com direito a Picnic. Preciso!\"}]},{\"@type\":\"WebSite\",\"@id\":\"https:\/\/mcities.com.br\/curitiba\/#website\",\"url\":\"https:\/\/mcities.com.br\/curitiba\/\",\"name\":\"MCities Curitiba\",\"description\":\"MCities \u00e9 um sistema que tem a disposic\u0327a\u0303o de dinamizar a integrac\u0327a\u0303o entre pessoas e cidades. Somos um sistema que oferece conte\u00fados de experi\u00eancias divertidas para voc\u00ea curtir e viver momentos incr\u00edveis, seja em casa ou nas ruas da cidade.\",\"publisher\":{\"@id\":\"https:\/\/mcities.com.br\/curitiba\/#organization\"},\"potentialAction\":[{\"@type\":\"SearchAction\",\"target\":{\"@type\":\"EntryPoint\",\"urlTemplate\":\"https:\/\/mcities.com.br\/curitiba\/?s={search_term_string}\"},\"query-input\":\"required name=search_term_string\"}],\"inLanguage\":\"pt-BR\"},{\"@type\":\"Organization\",\"@id\":\"https:\/\/mcities.com.br\/curitiba\/#organization\",\"name\":\"MCities\",\"url\":\"https:\/\/mcities.com.br\/curitiba\/\",\"logo\":{\"@type\":\"ImageObject\",\"inLanguage\":\"pt-BR\",\"@id\":\"https:\/\/mcities.com.br\/curitiba\/#\/schema\/logo\/image\/\",\"url\":\"https:\/\/mcities.com.br\/curitiba\/wp-content\/uploads\/sites\/3\/2017\/03\/mcities-color.png\",\"contentUrl\":\"https:\/\/mcities.com.br\/curitiba\/wp-content\/uploads\/sites\/3\/2017\/03\/mcities-color.png\",\"width\":248,\"height\":57,\"caption\":\"MCities\"},\"image\":{\"@id\":\"https:\/\/mcities.com.br\/curitiba\/#\/schema\/logo\/image\/\"}},{\"@type\":\"Person\",\"@id\":\"https:\/\/mcities.com.br\/curitiba\/#\/schema\/person\/0584f3618895d12517d8e357750a3bd7\",\"name\":\"ana paula miranda\",\"image\":{\"@type\":\"ImageObject\",\"inLanguage\":\"pt-BR\",\"@id\":\"https:\/\/mcities.com.br\/curitiba\/#\/schema\/person\/image\/\",\"url\":\"https:\/\/secure.gravatar.com\/avatar\/fed41bf8682e0a612902542e75ab1b65?s=96&d=mm&r=g\",\"contentUrl\":\"https:\/\/secure.gravatar.com\/avatar\/fed41bf8682e0a612902542e75ab1b65?s=96&d=mm&r=g\",\"caption\":\"ana paula miranda\"}}]}<\/script>\n<!-- \/ Yoast SEO plugin. -->","yoast_head_json":{"title":"Parque com direito a Picnic. Preciso! | MCities Curitiba","description":"o parque est\u00e1 reaberto com todas as medidas de seguran\u00e7a contra o COVID-19 e ainda ganhou novas instala\u00e7\u00f5es art\u00edsticas e op\u00e7\u00e3o de cestas de picnic ao ar livre.","robots":{"index":"index","follow":"follow","max-snippet":"max-snippet:-1","max-image-preview":"max-image-preview:large","max-video-preview":"max-video-preview:-1"},"canonical":"https:\/\/mcities.com.br\/curitiba\/o-que-fazer-em-familia\/parque-picnic\/","og_locale":"pt_BR","og_type":"article","og_title":"Parque com direito a Picnic. Preciso! | MCities Curitiba","og_description":"o parque est\u00e1 reaberto com todas as medidas de seguran\u00e7a contra o COVID-19 e ainda ganhou novas instala\u00e7\u00f5es art\u00edsticas e op\u00e7\u00e3o de cestas de picnic ao ar livre.","og_url":"https:\/\/mcities.com.br\/curitiba\/o-que-fazer-em-familia\/parque-picnic\/","og_site_name":"MCities Curitiba","article_published_time":"2020-09-03T11:17:37+00:00","article_modified_time":"2021-04-14T20:39:40+00:00","og_image":[{"width":1200,"height":620,"url":"https:\/\/mcities.com.br\/curitiba\/wp-content\/uploads\/sites\/3\/2020\/08\/O-segredo-do-gigante.jpg","type":"image\/jpeg"}],"author":"ana paula miranda","twitter_card":"summary_large_image","twitter_misc":{"Written by":"ana paula miranda","Est. reading time":"2 minutos"},"schema":{"@context":"https:\/\/schema.org","@graph":[{"@type":"Article","@id":"https:\/\/mcities.com.br\/curitiba\/o-que-fazer-em-familia\/parque-picnic\/#article","isPartOf":{"@id":"https:\/\/mcities.com.br\/curitiba\/o-que-fazer-em-familia\/parque-picnic\/"},"author":{"name":"ana paula miranda","@id":"https:\/\/mcities.com.br\/curitiba\/#\/schema\/person\/0584f3618895d12517d8e357750a3bd7"},"headline":"Parque com direito a Picnic. Preciso!","datePublished":"2020-09-03T11:17:37+00:00","dateModified":"2021-04-14T20:39:40+00:00","mainEntityOfPage":{"@id":"https:\/\/mcities.com.br\/curitiba\/o-que-fazer-em-familia\/parque-picnic\/"},"wordCount":485,"commentCount":0,"publisher":{"@id":"https:\/\/mcities.com.br\/curitiba\/#organization"},"articleSection":["Em Fam\u00edlia"],"inLanguage":"pt-BR","potentialAction":[{"@type":"CommentAction","name":"Comment","target":["https:\/\/mcities.com.br\/curitiba\/o-que-fazer-em-familia\/parque-picnic\/#respond"]}]},{"@type":"WebPage","@id":"https:\/\/mcities.com.br\/curitiba\/o-que-fazer-em-familia\/parque-picnic\/","url":"https:\/\/mcities.com.br\/curitiba\/o-que-fazer-em-familia\/parque-picnic\/","name":"Parque com direito a Picnic. Preciso! | MCities Curitiba","isPartOf":{"@id":"https:\/\/mcities.com.br\/curitiba\/#website"},"datePublished":"2020-09-03T11:17:37+00:00","dateModified":"2021-04-14T20:39:40+00:00","description":"o parque est\u00e1 reaberto com todas as medidas de seguran\u00e7a contra o COVID-19 e ainda ganhou novas instala\u00e7\u00f5es art\u00edsticas e op\u00e7\u00e3o de cestas de picnic ao ar livre.","breadcrumb":{"@id":"https:\/\/mcities.com.br\/curitiba\/o-que-fazer-em-familia\/parque-picnic\/#breadcrumb"},"inLanguage":"pt-BR","potentialAction":[{"@type":"ReadAction","target":["https:\/\/mcities.com.br\/curitiba\/o-que-fazer-em-familia\/parque-picnic\/"]}]},{"@type":"BreadcrumbList","@id":"https:\/\/mcities.com.br\/curitiba\/o-que-fazer-em-familia\/parque-picnic\/#breadcrumb","itemListElement":[{"@type":"ListItem","position":1,"name":"Home","item":"https:\/\/mcities.com.br\/curitiba\/"},{"@type":"ListItem","position":2,"name":"Parque com direito a Picnic. Preciso!"}]},{"@type":"WebSite","@id":"https:\/\/mcities.com.br\/curitiba\/#website","url":"https:\/\/mcities.com.br\/curitiba\/","name":"MCities Curitiba","description":"MCities \u00e9 um sistema que tem a disposic\u0327a\u0303o de dinamizar a integrac\u0327a\u0303o entre pessoas e cidades. Somos um sistema que oferece conte\u00fados de experi\u00eancias divertidas para voc\u00ea curtir e viver momentos incr\u00edveis, seja em casa ou nas ruas da cidade.","publisher":{"@id":"https:\/\/mcities.com.br\/curitiba\/#organization"},"potentialAction":[{"@type":"SearchAction","target":{"@type":"EntryPoint","urlTemplate":"https:\/\/mcities.com.br\/curitiba\/?s={search_term_string}"},"query-input":"required name=search_term_string"}],"inLanguage":"pt-BR"},{"@type":"Organization","@id":"https:\/\/mcities.com.br\/curitiba\/#organization","name":"MCities","url":"https:\/\/mcities.com.br\/curitiba\/","logo":{"@type":"ImageObject","inLanguage":"pt-BR","@id":"https:\/\/mcities.com.br\/curitiba\/#\/schema\/logo\/image\/","url":"https:\/\/mcities.com.br\/curitiba\/wp-content\/uploads\/sites\/3\/2017\/03\/mcities-color.png","contentUrl":"https:\/\/mcities.com.br\/curitiba\/wp-content\/uploads\/sites\/3\/2017\/03\/mcities-color.png","width":248,"height":57,"caption":"MCities"},"image":{"@id":"https:\/\/mcities.com.br\/curitiba\/#\/schema\/logo\/image\/"}},{"@type":"Person","@id":"https:\/\/mcities.com.br\/curitiba\/#\/schema\/person\/0584f3618895d12517d8e357750a3bd7","name":"ana paula miranda","image":{"@type":"ImageObject","inLanguage":"pt-BR","@id":"https:\/\/mcities.com.br\/curitiba\/#\/schema\/person\/image\/","url":"https:\/\/secure.gravatar.com\/avatar\/fed41bf8682e0a612902542e75ab1b65?s=96&d=mm&r=g","contentUrl":"https:\/\/secure.gravatar.com\/avatar\/fed41bf8682e0a612902542e75ab1b65?s=96&d=mm&r=g","caption":"ana paula miranda"}}]}},"_links":{"self":[{"href":"https:\/\/mcities.com.br\/curitiba\/wp-json\/wp\/v2\/posts\/10838"}],"collection":[{"href":"https:\/\/mcities.com.br\/curitiba\/wp-json\/wp\/v2\/posts"}],"about":[{"href":"https:\/\/mcities.com.br\/curitiba\/wp-json\/wp\/v2\/types\/post"}],"author":[{"embeddable":true,"href":"https:\/\/mcities.com.br\/curitiba\/wp-json\/wp\/v2\/users\/23"}],"replies":[{"embeddable":true,"href":"https:\/\/mcities.com.br\/curitiba\/wp-json\/wp\/v2\/comments?post=10838"}],"version-history":[{"count":1,"href":"https:\/\/mcities.com.br\/curitiba\/wp-json\/wp\/v2\/posts\/10838\/revisions"}],"predecessor-version":[{"id":10845,"href":"https:\/\/mcities.com.br\/curitiba\/wp-json\/wp\/v2\/posts\/10838\/revisions\/10845"}],"wp:featuredmedia":[{"embeddable":true,"href":"https:\/\/mcities.com.br\/curitiba\/wp-json\/wp\/v2\/media\/10841"}],"wp:attachment":[{"href":"https:\/\/mcities.com.br\/curitiba\/wp-json\/wp\/v2\/media?parent=10838"}],"wp:term":[{"taxonomy":"category","embeddable":true,"href":"https:\/\/mcities.com.br\/curitiba\/wp-json\/wp\/v2\/categories?post=10838"},{"taxonomy":"post_tag","embeddable":true,"href":"https:\/\/mcities.com.br\/curitiba\/wp-json\/wp\/v2\/tags?post=10838"}],"curies":[{"name":"wp","href":"https:\/\/api.w.org\/{rel}","templated":true}]}}