{"id":10591,"date":"2021-05-20T08:13:27","date_gmt":"2021-05-20T11:13:27","guid":{"rendered":"https:\/\/mcities.com.br\/curitiba\/?p=10591"},"modified":"2021-05-21T18:48:52","modified_gmt":"2021-05-21T21:48:52","slug":"atividade-com-a-criancada-em-casa-acampamento-cabana","status":"publish","type":"post","link":"https:\/\/mcities.com.br\/curitiba\/o-que-fazer-em-casa\/atividade-com-a-criancada-em-casa-acampamento-cabana\/","title":{"rendered":"Acampamento em Casa"},"content":{"rendered":"<h2>Qual crian\u00e7a que n\u00e3o gosta de criar ?<\/h2>\n<p>Improvisar um acampamento com cabanas feitas de len\u00e7ol na sala e almofadas pelo ch\u00e3o pode gerar entretenimento para a crian\u00e7ada por bastante tempo!<\/p>\n<p>Gra\u00e7as \u00e0 criatividade e \u00e0 imagina\u00e7\u00e3o: o len\u00e7ol vira cabana, o sof\u00e1 vira forte e que tal a vassoura virar um cavalo?<\/p>\n<div id=\"attachment_10923\" style=\"width: 810px\" class=\"wp-caption aligncenter\"><img fetchpriority=\"high\" decoding=\"async\" aria-describedby=\"caption-attachment-10923\" class=\"wp-image-10923 size-full\" src=\"https:\/\/mcities.com.br\/curitiba\/wp-content\/uploads\/sites\/3\/2020\/04\/Cabana.jpg\" alt=\"\" width=\"800\" height=\"523\" srcset=\"https:\/\/mcities.com.br\/curitiba\/wp-content\/uploads\/sites\/3\/2020\/04\/Cabana.jpg 800w, https:\/\/mcities.com.br\/curitiba\/wp-content\/uploads\/sites\/3\/2020\/04\/Cabana-300x196.jpg 300w, https:\/\/mcities.com.br\/curitiba\/wp-content\/uploads\/sites\/3\/2020\/04\/Cabana-768x502.jpg 768w\" sizes=\"(max-width: 800px) 100vw, 800px\" \/><p id=\"caption-attachment-10923\" class=\"wp-caption-text\">Solte a Imagina\u00e7\u00e3o. Foto Ilustrativa<\/p><\/div>\n<h3>Separe o material para a cria\u00e7\u00e3o.<\/h3>\n<p>Pegue almofadas, cobertores, len\u00e7\u00f3is e solte a imagina\u00e7\u00e3o.<\/p>\n<p>Construa a cabana entre: cadeiras, atr\u00e1s do sof\u00e1, do lado da cama ou onde for mais f\u00e1cil.<\/p>\n<p>Ser\u00e1 um espa\u00e7o \u00fanico para voc\u00ea e os pequenos curtirem momentos em fam\u00edlia!<\/p>\n<div id=\"attachment_10598\" style=\"width: 810px\" class=\"wp-caption aligncenter\"><img decoding=\"async\" aria-describedby=\"caption-attachment-10598\" class=\"wp-image-10598\" src=\"https:\/\/mcities.com.br\/curitiba\/wp-content\/uploads\/sites\/3\/2020\/04\/cabana-improvisada.jpg\" alt=\"\" width=\"800\" height=\"534\" srcset=\"https:\/\/mcities.com.br\/curitiba\/wp-content\/uploads\/sites\/3\/2020\/04\/cabana-improvisada.jpg 1000w, https:\/\/mcities.com.br\/curitiba\/wp-content\/uploads\/sites\/3\/2020\/04\/cabana-improvisada-300x200.jpg 300w, https:\/\/mcities.com.br\/curitiba\/wp-content\/uploads\/sites\/3\/2020\/04\/cabana-improvisada-768x513.jpg 768w, https:\/\/mcities.com.br\/curitiba\/wp-content\/uploads\/sites\/3\/2020\/04\/cabana-improvisada-600x400.jpg 600w\" sizes=\"(max-width: 800px) 100vw, 800px\" \/><p id=\"caption-attachment-10598\" class=\"wp-caption-text\">Entre cadeiras. Foto Divulga\u00e7\u00e3o<\/p><\/div>\n<h3>Tempo para divers\u00e3o.<\/h3>\n<p>Fizemos um roteiro de 3 dias para voc\u00ea e seus pequenos curtirem.<\/p>\n<p>No primeiro dia: montagem da cabana. Limite um espa\u00e7o na casa e comece a soltar a imagina\u00e7\u00e3o junto com seu pequeno.<\/p>\n<p>O local precisa ficar divertido, ent\u00e3o vale tudo: pisca- pisca \u00e1 brinquedos.<\/p>\n<p>E para a noite, nada melhor do que brincar com filhos com a luz de uma lanterna, imitando bichinhos.<\/p>\n<div id=\"attachment_10601\" style=\"width: 810px\" class=\"wp-caption aligncenter\"><img decoding=\"async\" aria-describedby=\"caption-attachment-10601\" class=\"wp-image-10601\" src=\"https:\/\/mcities.com.br\/curitiba\/wp-content\/uploads\/sites\/3\/2020\/04\/lanterna.jpg\" alt=\"\" width=\"800\" height=\"638\" srcset=\"https:\/\/mcities.com.br\/curitiba\/wp-content\/uploads\/sites\/3\/2020\/04\/lanterna.jpg 638w, https:\/\/mcities.com.br\/curitiba\/wp-content\/uploads\/sites\/3\/2020\/04\/lanterna-300x239.jpg 300w\" sizes=\"(max-width: 800px) 100vw, 800px\" \/><p id=\"caption-attachment-10601\" class=\"wp-caption-text\">Luz de Lanterna. Foto Divulga\u00e7\u00e3o<\/p><\/div>\n<p>No segundo dia: vamos desenhar, pintar e recortar estrelas para colar no teto da cabana.<\/p>\n<p>Pode at\u00e9 criar brinquedos com reciclagem, como os rolinhos de papel higi\u00eanicos s\u00e3o \u00f3timos para esse momento criativo.<\/p>\n<div id=\"attachment_10599\" style=\"width: 810px\" class=\"wp-caption aligncenter\"><img loading=\"lazy\" decoding=\"async\" aria-describedby=\"caption-attachment-10599\" class=\"wp-image-10599\" src=\"https:\/\/mcities.com.br\/curitiba\/wp-content\/uploads\/sites\/3\/2020\/04\/criancada-papel-1024x683.jpg\" alt=\"\" width=\"800\" height=\"533\" srcset=\"https:\/\/mcities.com.br\/curitiba\/wp-content\/uploads\/sites\/3\/2020\/04\/criancada-papel-1024x683.jpg 1024w, https:\/\/mcities.com.br\/curitiba\/wp-content\/uploads\/sites\/3\/2020\/04\/criancada-papel-300x200.jpg 300w, https:\/\/mcities.com.br\/curitiba\/wp-content\/uploads\/sites\/3\/2020\/04\/criancada-papel-768x512.jpg 768w, https:\/\/mcities.com.br\/curitiba\/wp-content\/uploads\/sites\/3\/2020\/04\/criancada-papel-600x400.jpg 600w, https:\/\/mcities.com.br\/curitiba\/wp-content\/uploads\/sites\/3\/2020\/04\/criancada-papel.jpg 1119w\" sizes=\"(max-width: 800px) 100vw, 800px\" \/><p id=\"caption-attachment-10599\" class=\"wp-caption-text\">Brinquedos criativos. Foto Divulga\u00e7\u00e3o<\/p><\/div>\n<p>Para melhorar a brincadeira no terceiro dia. Prepare um piquenique para a fam\u00edlia, com toalha colorida, frutas e biscoitos.<\/p>\n<p>Aproveite e construa um cavalo com material recicl\u00e1vel utilizando o cabo da vassoura.<\/p>\n<div id=\"attachment_10603\" style=\"width: 810px\" class=\"wp-caption aligncenter\"><img loading=\"lazy\" decoding=\"async\" aria-describedby=\"caption-attachment-10603\" class=\"wp-image-10603\" src=\"https:\/\/mcities.com.br\/curitiba\/wp-content\/uploads\/sites\/3\/2020\/04\/cavalo-com-pet.jpg\" alt=\"\" width=\"800\" height=\"600\" srcset=\"https:\/\/mcities.com.br\/curitiba\/wp-content\/uploads\/sites\/3\/2020\/04\/cavalo-com-pet.jpg 500w, https:\/\/mcities.com.br\/curitiba\/wp-content\/uploads\/sites\/3\/2020\/04\/cavalo-com-pet-300x225.jpg 300w\" sizes=\"(max-width: 800px) 100vw, 800px\" \/><p id=\"caption-attachment-10603\" class=\"wp-caption-text\">Pet Recicl\u00e1vel. Foto Divulga\u00e7\u00e3o<\/p><\/div>\n<h3>Cabanas Tem\u00e1ticas<\/h3>\n<p>Voc\u00ea mesmo pode improvisar a cabana com almofadas e luzes decorativas ou se preferir a\u00a0loja Le Caf\u00e9 com Chocol\u00e1 oferece loca\u00e7\u00e3o com v\u00e1rias op\u00e7\u00f5es de temas para montagem das Cabanas.<\/p>\n<div id=\"attachment_10604\" style=\"width: 810px\" class=\"wp-caption aligncenter\"><img loading=\"lazy\" decoding=\"async\" aria-describedby=\"caption-attachment-10604\" class=\"wp-image-10604\" src=\"https:\/\/mcities.com.br\/curitiba\/wp-content\/uploads\/sites\/3\/2020\/04\/cabana-23-1024x683.jpg\" alt=\"\" width=\"800\" height=\"533\" srcset=\"https:\/\/mcities.com.br\/curitiba\/wp-content\/uploads\/sites\/3\/2020\/04\/cabana-23-1024x683.jpg 1024w, https:\/\/mcities.com.br\/curitiba\/wp-content\/uploads\/sites\/3\/2020\/04\/cabana-23-300x200.jpg 300w, https:\/\/mcities.com.br\/curitiba\/wp-content\/uploads\/sites\/3\/2020\/04\/cabana-23-768x512.jpg 768w, https:\/\/mcities.com.br\/curitiba\/wp-content\/uploads\/sites\/3\/2020\/04\/cabana-23-600x400.jpg 600w, https:\/\/mcities.com.br\/curitiba\/wp-content\/uploads\/sites\/3\/2020\/04\/cabana-23.jpg 1080w\" sizes=\"(max-width: 800px) 100vw, 800px\" \/><p id=\"caption-attachment-10604\" class=\"wp-caption-text\">Cabanas Tem\u00e1ticas. Foto Divulga\u00e7\u00e3o.<\/p><\/div>\n<p>A cabana chega no conforto da sua casa, tudo higienizado, esterilizado para montar e liberar a imagina\u00e7\u00e3o.<\/p>\n<p>Os pacotes para 2 crian\u00e7as o valor \u00e9 de R$ 150,00 para 4 dias de pura emo\u00e7\u00e3o.<\/p>\n<div id=\"attachment_10605\" style=\"width: 810px\" class=\"wp-caption aligncenter\"><img loading=\"lazy\" decoding=\"async\" aria-describedby=\"caption-attachment-10605\" class=\"wp-image-10605\" src=\"https:\/\/mcities.com.br\/curitiba\/wp-content\/uploads\/sites\/3\/2020\/04\/cabana-34.jpg\" alt=\"\" width=\"800\" height=\"743\" srcset=\"https:\/\/mcities.com.br\/curitiba\/wp-content\/uploads\/sites\/3\/2020\/04\/cabana-34.jpg 960w, https:\/\/mcities.com.br\/curitiba\/wp-content\/uploads\/sites\/3\/2020\/04\/cabana-34-300x279.jpg 300w, https:\/\/mcities.com.br\/curitiba\/wp-content\/uploads\/sites\/3\/2020\/04\/cabana-34-768x714.jpg 768w\" sizes=\"(max-width: 800px) 100vw, 800px\" \/><p id=\"caption-attachment-10605\" class=\"wp-caption-text\">Voc\u00ea que monta. Foto Divulga\u00e7\u00e3o<\/p><\/div>\n<p>Uma op\u00e7\u00e3o diferente e l\u00fadica para entreter as crian\u00e7as.<\/p>\n<p>Endere\u00e7o: Rua Euclides da Cunha, 828. | Batel | (41) 98853-1221<\/p>\n<p>Bora montar o acampamento com cabanas? Marque #conectamcities na sua foto do instagram, que divulgaremos a sua divers\u00e3o em casa na nossas rede sociais.<\/p>\n","protected":false},"excerpt":{"rendered":"<p>Qual crian\u00e7a que n\u00e3o gosta de criar ? Improvisar um acampamento com cabanas feitas de len\u00e7ol na sala e almofadas pelo ch\u00e3o pode gerar entretenimento para a crian\u00e7ada por bastante tempo! Gra\u00e7as \u00e0 criatividade e \u00e0 imagina\u00e7\u00e3o: o len\u00e7ol vira cabana, o sof\u00e1 vira forte e que tal a vassoura virar um cavalo? Separe o [&hellip;]<\/p>\n","protected":false},"author":23,"featured_media":10923,"comment_status":"open","ping_status":"open","sticky":false,"template":"","format":"standard","meta":{"footnotes":""},"categories":[372],"tags":[],"yoast_head":"<!-- This site is optimized with the Yoast SEO plugin v21.9.1 - https:\/\/yoast.com\/wordpress\/plugins\/seo\/ -->\n<title>Acampamento em Casa | MCities Curitiba<\/title>\n<meta name=\"description\" content=\"Improvisar um acampamento com cabanas feitas de len\u00e7ol na sala e almofadas pelo ch\u00e3o pode gerar entretenimento para a crian\u00e7ada por bastante tempo!\" \/>\n<meta name=\"robots\" content=\"index, follow, max-snippet:-1, max-image-preview:large, max-video-preview:-1\" \/>\n<link rel=\"canonical\" href=\"https:\/\/mcities.com.br\/curitiba\/o-que-fazer-em-casa\/atividade-com-a-criancada-em-casa-acampamento-cabana\/\" \/>\n<meta property=\"og:locale\" content=\"pt_BR\" \/>\n<meta property=\"og:type\" content=\"article\" \/>\n<meta property=\"og:title\" content=\"Acampamento em Casa | MCities Curitiba\" \/>\n<meta property=\"og:description\" content=\"Improvisar um acampamento com cabanas feitas de len\u00e7ol na sala e almofadas pelo ch\u00e3o pode gerar entretenimento para a crian\u00e7ada por bastante tempo!\" \/>\n<meta property=\"og:url\" content=\"https:\/\/mcities.com.br\/curitiba\/o-que-fazer-em-casa\/atividade-com-a-criancada-em-casa-acampamento-cabana\/\" \/>\n<meta property=\"og:site_name\" content=\"MCities Curitiba\" \/>\n<meta property=\"article:published_time\" content=\"2021-05-20T11:13:27+00:00\" \/>\n<meta property=\"article:modified_time\" content=\"2021-05-21T21:48:52+00:00\" \/>\n<meta property=\"og:image\" content=\"https:\/\/mcities.com.br\/curitiba\/wp-content\/uploads\/sites\/3\/2020\/04\/Cabana.jpg\" \/>\n\t<meta property=\"og:image:width\" content=\"800\" \/>\n\t<meta property=\"og:image:height\" content=\"523\" \/>\n\t<meta property=\"og:image:type\" content=\"image\/jpeg\" \/>\n<meta name=\"author\" content=\"ana paula miranda\" \/>\n<meta name=\"twitter:card\" content=\"summary_large_image\" \/>\n<meta name=\"twitter:label1\" content=\"Written by\" \/>\n\t<meta name=\"twitter:data1\" content=\"ana paula miranda\" \/>\n\t<meta name=\"twitter:label2\" content=\"Est. reading time\" \/>\n\t<meta name=\"twitter:data2\" content=\"2 minutos\" \/>\n<script type=\"application\/ld+json\" class=\"yoast-schema-graph\">{\"@context\":\"https:\/\/schema.org\",\"@graph\":[{\"@type\":\"Article\",\"@id\":\"https:\/\/mcities.com.br\/curitiba\/o-que-fazer-em-casa\/atividade-com-a-criancada-em-casa-acampamento-cabana\/#article\",\"isPartOf\":{\"@id\":\"https:\/\/mcities.com.br\/curitiba\/o-que-fazer-em-casa\/atividade-com-a-criancada-em-casa-acampamento-cabana\/\"},\"author\":{\"name\":\"ana paula miranda\",\"@id\":\"https:\/\/mcities.com.br\/curitiba\/#\/schema\/person\/0584f3618895d12517d8e357750a3bd7\"},\"headline\":\"Acampamento em Casa\",\"datePublished\":\"2021-05-20T11:13:27+00:00\",\"dateModified\":\"2021-05-21T21:48:52+00:00\",\"mainEntityOfPage\":{\"@id\":\"https:\/\/mcities.com.br\/curitiba\/o-que-fazer-em-casa\/atividade-com-a-criancada-em-casa-acampamento-cabana\/\"},\"wordCount\":454,\"commentCount\":0,\"publisher\":{\"@id\":\"https:\/\/mcities.com.br\/curitiba\/#organization\"},\"articleSection\":[\"Em casa\"],\"inLanguage\":\"pt-BR\",\"potentialAction\":[{\"@type\":\"CommentAction\",\"name\":\"Comment\",\"target\":[\"https:\/\/mcities.com.br\/curitiba\/o-que-fazer-em-casa\/atividade-com-a-criancada-em-casa-acampamento-cabana\/#respond\"]}]},{\"@type\":\"WebPage\",\"@id\":\"https:\/\/mcities.com.br\/curitiba\/o-que-fazer-em-casa\/atividade-com-a-criancada-em-casa-acampamento-cabana\/\",\"url\":\"https:\/\/mcities.com.br\/curitiba\/o-que-fazer-em-casa\/atividade-com-a-criancada-em-casa-acampamento-cabana\/\",\"name\":\"Acampamento em Casa | MCities Curitiba\",\"isPartOf\":{\"@id\":\"https:\/\/mcities.com.br\/curitiba\/#website\"},\"datePublished\":\"2021-05-20T11:13:27+00:00\",\"dateModified\":\"2021-05-21T21:48:52+00:00\",\"description\":\"Improvisar um acampamento com cabanas feitas de len\u00e7ol na sala e almofadas pelo ch\u00e3o pode gerar entretenimento para a crian\u00e7ada por bastante tempo!\",\"breadcrumb\":{\"@id\":\"https:\/\/mcities.com.br\/curitiba\/o-que-fazer-em-casa\/atividade-com-a-criancada-em-casa-acampamento-cabana\/#breadcrumb\"},\"inLanguage\":\"pt-BR\",\"potentialAction\":[{\"@type\":\"ReadAction\",\"target\":[\"https:\/\/mcities.com.br\/curitiba\/o-que-fazer-em-casa\/atividade-com-a-criancada-em-casa-acampamento-cabana\/\"]}]},{\"@type\":\"BreadcrumbList\",\"@id\":\"https:\/\/mcities.com.br\/curitiba\/o-que-fazer-em-casa\/atividade-com-a-criancada-em-casa-acampamento-cabana\/#breadcrumb\",\"itemListElement\":[{\"@type\":\"ListItem\",\"position\":1,\"name\":\"Home\",\"item\":\"https:\/\/mcities.com.br\/curitiba\/\"},{\"@type\":\"ListItem\",\"position\":2,\"name\":\"Acampamento em Casa\"}]},{\"@type\":\"WebSite\",\"@id\":\"https:\/\/mcities.com.br\/curitiba\/#website\",\"url\":\"https:\/\/mcities.com.br\/curitiba\/\",\"name\":\"MCities Curitiba\",\"description\":\"MCities \u00e9 um sistema que tem a disposic\u0327a\u0303o de dinamizar a integrac\u0327a\u0303o entre pessoas e cidades. Somos um sistema que oferece conte\u00fados de experi\u00eancias divertidas para voc\u00ea curtir e viver momentos incr\u00edveis, seja em casa ou nas ruas da cidade.\",\"publisher\":{\"@id\":\"https:\/\/mcities.com.br\/curitiba\/#organization\"},\"potentialAction\":[{\"@type\":\"SearchAction\",\"target\":{\"@type\":\"EntryPoint\",\"urlTemplate\":\"https:\/\/mcities.com.br\/curitiba\/?s={search_term_string}\"},\"query-input\":\"required name=search_term_string\"}],\"inLanguage\":\"pt-BR\"},{\"@type\":\"Organization\",\"@id\":\"https:\/\/mcities.com.br\/curitiba\/#organization\",\"name\":\"MCities\",\"url\":\"https:\/\/mcities.com.br\/curitiba\/\",\"logo\":{\"@type\":\"ImageObject\",\"inLanguage\":\"pt-BR\",\"@id\":\"https:\/\/mcities.com.br\/curitiba\/#\/schema\/logo\/image\/\",\"url\":\"https:\/\/mcities.com.br\/curitiba\/wp-content\/uploads\/sites\/3\/2017\/03\/mcities-color.png\",\"contentUrl\":\"https:\/\/mcities.com.br\/curitiba\/wp-content\/uploads\/sites\/3\/2017\/03\/mcities-color.png\",\"width\":248,\"height\":57,\"caption\":\"MCities\"},\"image\":{\"@id\":\"https:\/\/mcities.com.br\/curitiba\/#\/schema\/logo\/image\/\"}},{\"@type\":\"Person\",\"@id\":\"https:\/\/mcities.com.br\/curitiba\/#\/schema\/person\/0584f3618895d12517d8e357750a3bd7\",\"name\":\"ana paula miranda\",\"image\":{\"@type\":\"ImageObject\",\"inLanguage\":\"pt-BR\",\"@id\":\"https:\/\/mcities.com.br\/curitiba\/#\/schema\/person\/image\/\",\"url\":\"https:\/\/secure.gravatar.com\/avatar\/fed41bf8682e0a612902542e75ab1b65?s=96&d=mm&r=g\",\"contentUrl\":\"https:\/\/secure.gravatar.com\/avatar\/fed41bf8682e0a612902542e75ab1b65?s=96&d=mm&r=g\",\"caption\":\"ana paula miranda\"}}]}<\/script>\n<!-- \/ Yoast SEO plugin. -->","yoast_head_json":{"title":"Acampamento em Casa | MCities Curitiba","description":"Improvisar um acampamento com cabanas feitas de len\u00e7ol na sala e almofadas pelo ch\u00e3o pode gerar entretenimento para a crian\u00e7ada por bastante tempo!","robots":{"index":"index","follow":"follow","max-snippet":"max-snippet:-1","max-image-preview":"max-image-preview:large","max-video-preview":"max-video-preview:-1"},"canonical":"https:\/\/mcities.com.br\/curitiba\/o-que-fazer-em-casa\/atividade-com-a-criancada-em-casa-acampamento-cabana\/","og_locale":"pt_BR","og_type":"article","og_title":"Acampamento em Casa | MCities Curitiba","og_description":"Improvisar um acampamento com cabanas feitas de len\u00e7ol na sala e almofadas pelo ch\u00e3o pode gerar entretenimento para a crian\u00e7ada por bastante tempo!","og_url":"https:\/\/mcities.com.br\/curitiba\/o-que-fazer-em-casa\/atividade-com-a-criancada-em-casa-acampamento-cabana\/","og_site_name":"MCities Curitiba","article_published_time":"2021-05-20T11:13:27+00:00","article_modified_time":"2021-05-21T21:48:52+00:00","og_image":[{"width":800,"height":523,"url":"https:\/\/mcities.com.br\/curitiba\/wp-content\/uploads\/sites\/3\/2020\/04\/Cabana.jpg","type":"image\/jpeg"}],"author":"ana paula miranda","twitter_card":"summary_large_image","twitter_misc":{"Written by":"ana paula miranda","Est. reading time":"2 minutos"},"schema":{"@context":"https:\/\/schema.org","@graph":[{"@type":"Article","@id":"https:\/\/mcities.com.br\/curitiba\/o-que-fazer-em-casa\/atividade-com-a-criancada-em-casa-acampamento-cabana\/#article","isPartOf":{"@id":"https:\/\/mcities.com.br\/curitiba\/o-que-fazer-em-casa\/atividade-com-a-criancada-em-casa-acampamento-cabana\/"},"author":{"name":"ana paula miranda","@id":"https:\/\/mcities.com.br\/curitiba\/#\/schema\/person\/0584f3618895d12517d8e357750a3bd7"},"headline":"Acampamento em Casa","datePublished":"2021-05-20T11:13:27+00:00","dateModified":"2021-05-21T21:48:52+00:00","mainEntityOfPage":{"@id":"https:\/\/mcities.com.br\/curitiba\/o-que-fazer-em-casa\/atividade-com-a-criancada-em-casa-acampamento-cabana\/"},"wordCount":454,"commentCount":0,"publisher":{"@id":"https:\/\/mcities.com.br\/curitiba\/#organization"},"articleSection":["Em casa"],"inLanguage":"pt-BR","potentialAction":[{"@type":"CommentAction","name":"Comment","target":["https:\/\/mcities.com.br\/curitiba\/o-que-fazer-em-casa\/atividade-com-a-criancada-em-casa-acampamento-cabana\/#respond"]}]},{"@type":"WebPage","@id":"https:\/\/mcities.com.br\/curitiba\/o-que-fazer-em-casa\/atividade-com-a-criancada-em-casa-acampamento-cabana\/","url":"https:\/\/mcities.com.br\/curitiba\/o-que-fazer-em-casa\/atividade-com-a-criancada-em-casa-acampamento-cabana\/","name":"Acampamento em Casa | MCities Curitiba","isPartOf":{"@id":"https:\/\/mcities.com.br\/curitiba\/#website"},"datePublished":"2021-05-20T11:13:27+00:00","dateModified":"2021-05-21T21:48:52+00:00","description":"Improvisar um acampamento com cabanas feitas de len\u00e7ol na sala e almofadas pelo ch\u00e3o pode gerar entretenimento para a crian\u00e7ada por bastante tempo!","breadcrumb":{"@id":"https:\/\/mcities.com.br\/curitiba\/o-que-fazer-em-casa\/atividade-com-a-criancada-em-casa-acampamento-cabana\/#breadcrumb"},"inLanguage":"pt-BR","potentialAction":[{"@type":"ReadAction","target":["https:\/\/mcities.com.br\/curitiba\/o-que-fazer-em-casa\/atividade-com-a-criancada-em-casa-acampamento-cabana\/"]}]},{"@type":"BreadcrumbList","@id":"https:\/\/mcities.com.br\/curitiba\/o-que-fazer-em-casa\/atividade-com-a-criancada-em-casa-acampamento-cabana\/#breadcrumb","itemListElement":[{"@type":"ListItem","position":1,"name":"Home","item":"https:\/\/mcities.com.br\/curitiba\/"},{"@type":"ListItem","position":2,"name":"Acampamento em Casa"}]},{"@type":"WebSite","@id":"https:\/\/mcities.com.br\/curitiba\/#website","url":"https:\/\/mcities.com.br\/curitiba\/","name":"MCities Curitiba","description":"MCities \u00e9 um sistema que tem a disposic\u0327a\u0303o de dinamizar a integrac\u0327a\u0303o entre pessoas e cidades. Somos um sistema que oferece conte\u00fados de experi\u00eancias divertidas para voc\u00ea curtir e viver momentos incr\u00edveis, seja em casa ou nas ruas da cidade.","publisher":{"@id":"https:\/\/mcities.com.br\/curitiba\/#organization"},"potentialAction":[{"@type":"SearchAction","target":{"@type":"EntryPoint","urlTemplate":"https:\/\/mcities.com.br\/curitiba\/?s={search_term_string}"},"query-input":"required name=search_term_string"}],"inLanguage":"pt-BR"},{"@type":"Organization","@id":"https:\/\/mcities.com.br\/curitiba\/#organization","name":"MCities","url":"https:\/\/mcities.com.br\/curitiba\/","logo":{"@type":"ImageObject","inLanguage":"pt-BR","@id":"https:\/\/mcities.com.br\/curitiba\/#\/schema\/logo\/image\/","url":"https:\/\/mcities.com.br\/curitiba\/wp-content\/uploads\/sites\/3\/2017\/03\/mcities-color.png","contentUrl":"https:\/\/mcities.com.br\/curitiba\/wp-content\/uploads\/sites\/3\/2017\/03\/mcities-color.png","width":248,"height":57,"caption":"MCities"},"image":{"@id":"https:\/\/mcities.com.br\/curitiba\/#\/schema\/logo\/image\/"}},{"@type":"Person","@id":"https:\/\/mcities.com.br\/curitiba\/#\/schema\/person\/0584f3618895d12517d8e357750a3bd7","name":"ana paula miranda","image":{"@type":"ImageObject","inLanguage":"pt-BR","@id":"https:\/\/mcities.com.br\/curitiba\/#\/schema\/person\/image\/","url":"https:\/\/secure.gravatar.com\/avatar\/fed41bf8682e0a612902542e75ab1b65?s=96&d=mm&r=g","contentUrl":"https:\/\/secure.gravatar.com\/avatar\/fed41bf8682e0a612902542e75ab1b65?s=96&d=mm&r=g","caption":"ana paula miranda"}}]}},"_links":{"self":[{"href":"https:\/\/mcities.com.br\/curitiba\/wp-json\/wp\/v2\/posts\/10591"}],"collection":[{"href":"https:\/\/mcities.com.br\/curitiba\/wp-json\/wp\/v2\/posts"}],"about":[{"href":"https:\/\/mcities.com.br\/curitiba\/wp-json\/wp\/v2\/types\/post"}],"author":[{"embeddable":true,"href":"https:\/\/mcities.com.br\/curitiba\/wp-json\/wp\/v2\/users\/23"}],"replies":[{"embeddable":true,"href":"https:\/\/mcities.com.br\/curitiba\/wp-json\/wp\/v2\/comments?post=10591"}],"version-history":[{"count":7,"href":"https:\/\/mcities.com.br\/curitiba\/wp-json\/wp\/v2\/posts\/10591\/revisions"}],"predecessor-version":[{"id":11027,"href":"https:\/\/mcities.com.br\/curitiba\/wp-json\/wp\/v2\/posts\/10591\/revisions\/11027"}],"wp:featuredmedia":[{"embeddable":true,"href":"https:\/\/mcities.com.br\/curitiba\/wp-json\/wp\/v2\/media\/10923"}],"wp:attachment":[{"href":"https:\/\/mcities.com.br\/curitiba\/wp-json\/wp\/v2\/media?parent=10591"}],"wp:term":[{"taxonomy":"category","embeddable":true,"href":"https:\/\/mcities.com.br\/curitiba\/wp-json\/wp\/v2\/categories?post=10591"},{"taxonomy":"post_tag","embeddable":true,"href":"https:\/\/mcities.com.br\/curitiba\/wp-json\/wp\/v2\/tags?post=10591"}],"curies":[{"name":"wp","href":"https:\/\/api.w.org\/{rel}","templated":true}]}}