{"id":1055,"date":"2019-08-11T17:20:21","date_gmt":"2019-08-11T20:20:21","guid":{"rendered":"http:\/\/mcities.com.br\/curitiba\/?p=1055"},"modified":"2021-04-16T19:20:25","modified_gmt":"2021-04-16T22:20:25","slug":"passeio-com-a-familia-no-campo-natureza","status":"publish","type":"post","link":"https:\/\/mcities.com.br\/curitiba\/o-que-fazer-em-familia\/passeio-com-a-familia-no-campo-natureza\/","title":{"rendered":"Final de semana em meio \u00e0 natureza"},"content":{"rendered":"<h2>Gosta de curtir em meio \u00e0 natureza? Junte a fam\u00edlia e se aventure!<\/h2>\n<p>Reunimos alguns destinos pr\u00f3ximos a Curitiba que s\u00e3o verdadeiros para\u00edsos para curtir por a\u00ed. Prepare o lanchinho, a garrafa de \u00e1gua, a bota, o chap\u00e9u, a capa de chuva, itens de seguran\u00e7a e boa sorte.<\/p>\n<h3>Nas alturas com sua turma!<\/h3>\n<p>No munic\u00edpio litor\u00e2neo de Guaratuba, cerca de uma hora de Curitiba, fica o Morro dos Perdidos. O Morro \u00e9 um dos pontos mais altos da Serra do Mar, com aproximadamente 1.500 metros de altitude. Do cume \u00e9 poss\u00edvel ter uma vis\u00e3o panor\u00e2mica da paisagem. A leste pode-se ver a Ba\u00eda de Guaratuba, ao Norte Curitiba e a represa do Rio Vossoroca, ao Sul observamos Garuva e Joinville. Como o Morro fica em uma propriedade particular, \u00e9 cobrado um valor por pessoa (R$ 10), que d\u00e1 direito \u00e0 visita\u00e7\u00e3o da \u00e1rea e uso dos sanit\u00e1rios.<\/p>\n<p>Subida ao topo: Ao iniciar a sua subida ao morro, tome cuidado, pois o caminho \u00e9 de saibro e pedras soltas, al\u00e9m de muitas eros\u00f5es. D\u00e1 para ir caminhando, de carro \u2013 motorista com experi\u00eancia &#8211; ou de bike para quem tem mais disposi\u00e7\u00e3o. A dica \u00e9 fazer um pit stop para um lanche e aprecia\u00e7\u00e3o na Cachoeira dos Perdidos, que fica no meio do caminho. Um espet\u00e1culo \u00e0 parte. Continuando, prepare gorro e galochas, porque o local \u00e9 frio, principalmente no final do dia. A trilha tem cerca de 4,5 Km e no geral \u00e9 considerada f\u00e1cil. Se quiser fazer algo mais guiado a ag\u00eancia <a href=\"http:\/\/www.olimpoexpedicoes.com\/\" target=\"_blank\" rel=\"noopener\">Olimpo Expedi\u00e7\u00f5es<\/a> faz o passeio guiado, com transporte, lanche, etc.<\/p>\n<p>Pesque e Pague \u2013 A propriedade de acesso \u00e0 subida do morro tamb\u00e9m abriga um pesque e pague. Mais uma op\u00e7\u00e3o para curtir com as crian\u00e7as.<\/p>\n<p><em>Endere\u00e7o: Km 665 da BR-376. Acesso \u00e9 em uma curva, pr\u00f3ximo \u00e0 Represa Vossoroca<\/em><\/p>\n<div id=\"attachment_1060\" style=\"width: 1005px\" class=\"wp-caption alignnone\"><img fetchpriority=\"high\" decoding=\"async\" aria-describedby=\"caption-attachment-1060\" class=\"size-full wp-image-1060\" src=\"http:\/\/mcities.com.br\/curitiba\/wp-content\/uploads\/sites\/3\/2017\/09\/Pedidos-sem-logo.jpg\" alt=\"Morro dos Perdidos\" width=\"995\" height=\"421\" srcset=\"https:\/\/mcities.com.br\/curitiba\/wp-content\/uploads\/sites\/3\/2017\/09\/Pedidos-sem-logo.jpg 995w, https:\/\/mcities.com.br\/curitiba\/wp-content\/uploads\/sites\/3\/2017\/09\/Pedidos-sem-logo-300x127.jpg 300w, https:\/\/mcities.com.br\/curitiba\/wp-content\/uploads\/sites\/3\/2017\/09\/Pedidos-sem-logo-768x325.jpg 768w\" sizes=\"(max-width: 995px) 100vw, 995px\" \/><p id=\"caption-attachment-1060\" class=\"wp-caption-text\">Banho de cachoeira com vista! Foto:\u00a0Giovani Licheski \/Olimpo Expedi\u00e7\u00f5es<\/p><\/div>\n<h3>No meio do caminho tinha uma represa<\/h3>\n<p>Por muito tempo, a represa do Passa\u00fana, onde est\u00e1 localizado o Parque Passa\u00fana, teve como \u00fanico atrativo o Mirante, de onde se pode observar parte da cidade de Curitiba. Por\u00e9m, recentemente a represa ganhou novos frequentadores e atividades. Ali funciona o Passa\u00fana Paddle Club. H\u00e1 passeios de canoa havaiana, aluguel de caiaques e pranchas de stand up paddle. As atividades est\u00e3o dispon\u00edveis de ter\u00e7a a sexta-feira, fins de semana e feriados e custam a partir de R$ 30,00 a hora, por pessoa.<\/p>\n<p>Todas as atividades contam com a presen\u00e7a de instrutor. E se voc\u00ea tem medo de \u00e1gua, n\u00e3o se preocupe. O Passa\u00fana Paddle Club conta com coletes salva-vidas obrigat\u00f3rios para todos os esportes. Ent\u00e3o, para cair na \u00e1gua, o uso do equipamento \u00e9 obrigat\u00f3rio!<\/p>\n<p>Aproveite para petiscar no restaurante que tem dentro do clube, o Cantinho Feliz. Comida boa a pre\u00e7o justo.<\/p>\n<p><em>Endere\u00e7o: Siga pela Rua Eduardo Sprada, sentido Campo Largo at\u00e9 o final. Logo encontrar\u00e1 a entrada do Parque, no Bairro Augusta | <a href=\"https:\/\/www.passaunapaddleclub.com\/\" target=\"_blank\" rel=\"noopener\">Site do Paddle Club<\/a><\/em><\/p>\n<div id=\"attachment_1057\" style=\"width: 2062px\" class=\"wp-caption alignnone\"><img decoding=\"async\" aria-describedby=\"caption-attachment-1057\" class=\"wp-image-1057 size-full\" src=\"http:\/\/mcities.com.br\/curitiba\/wp-content\/uploads\/sites\/3\/2017\/09\/passauna2.jpg\" alt=\"Passa\u00fana\" width=\"2052\" height=\"1368\" srcset=\"https:\/\/mcities.com.br\/curitiba\/wp-content\/uploads\/sites\/3\/2017\/09\/passauna2.jpg 2048w, https:\/\/mcities.com.br\/curitiba\/wp-content\/uploads\/sites\/3\/2017\/09\/passauna2-300x200.jpg 300w, https:\/\/mcities.com.br\/curitiba\/wp-content\/uploads\/sites\/3\/2017\/09\/passauna2-768x512.jpg 768w, https:\/\/mcities.com.br\/curitiba\/wp-content\/uploads\/sites\/3\/2017\/09\/passauna2-1024x683.jpg 1024w, https:\/\/mcities.com.br\/curitiba\/wp-content\/uploads\/sites\/3\/2017\/09\/passauna2-600x400.jpg 600w\" sizes=\"(max-width: 2052px) 100vw, 2052px\" \/><p id=\"caption-attachment-1057\" class=\"wp-caption-text\">Aluguel de canoa havaiana, caiaque e SUP.<\/p><\/div>\n<h3>Doming\u00e3o diferent\u00e3o<\/h3>\n<p>Quer um passeio diferente? Ent\u00e3o que tal se aventurar l\u00e1 pelos lados de Campo Magro? O munic\u00edpio, vizinho a Curitiba, possui um campo de aeromodelismo. Isso mesmo, aqueles pequenos avi\u00f5es que s\u00e3o controlados por r\u00e1dio. Brincadeira para adulto! O Clube F\u00eanix de Aeromodelismo funciona na regi\u00e3o desde 1995. Aberto ao p\u00fablico para visita\u00e7\u00e3o e com atividades restritas aos s\u00f3cios, h\u00e1 voos de pequenos jatos e avi\u00f5es e tamb\u00e9m helic\u00f3pteros. O acesso \u00e9 liberado aos visitantes e a paisagem do local \u00e9 de encher os olhos.<\/p>\n<p>Na pausa para o almo\u00e7o, voc\u00ea pode aproveitar um passeio de charrete ou de chalana logo ali, no Nova Polska, um restaurante estilo polon\u00eas que abre somente aos domingos. O espa\u00e7o possui uma ampla \u00e1rea verde, com espa\u00e7o para a crian\u00e7ada brincar \u00e0 vontade e aquela rede pregui\u00e7osa para deitar. O valor \u00e9 de R$ 53,00 por pessoa com buffet livre com sobremesa. Crian\u00e7as de 4 a 10 anos pagam metade.Um program\u00e3o para a fam\u00edlia toda!<\/p>\n<p><em>Clube F\u00eanix de Radioaeromodelismo: No entroncamento do Contorno Norte com a Estrada do Cerne, siga 4,1km sentido Campo Magro. Vire a esquerda na placa da Pol\u00edcia Civil. Siga 200m na estrada de asfalto, e mais 1,8km na estrada de terra que d\u00e1 acesso ao Clube.<\/em><\/p>\n<p><em>Nova Polska: Rua Thomas Antochevis, 1422 &#8211; Campo Magro | Telefone: (41) 99917-2171 | <a href=\"http:\/\/novapolska.com.br\" target=\"_blank\" rel=\"noopener\">Site Nova Polska<\/a><\/em><\/p>\n<div id=\"attachment_1058\" style=\"width: 1034px\" class=\"wp-caption alignnone\"><img decoding=\"async\" aria-describedby=\"caption-attachment-1058\" class=\"size-full wp-image-1058\" src=\"http:\/\/mcities.com.br\/curitiba\/wp-content\/uploads\/sites\/3\/2017\/09\/nova6.jpg\" alt=\"nova polska\" width=\"1024\" height=\"768\" srcset=\"https:\/\/mcities.com.br\/curitiba\/wp-content\/uploads\/sites\/3\/2017\/09\/nova6.jpg 1024w, https:\/\/mcities.com.br\/curitiba\/wp-content\/uploads\/sites\/3\/2017\/09\/nova6-300x225.jpg 300w, https:\/\/mcities.com.br\/curitiba\/wp-content\/uploads\/sites\/3\/2017\/09\/nova6-768x576.jpg 768w\" sizes=\"(max-width: 1024px) 100vw, 1024px\" \/><p id=\"caption-attachment-1058\" class=\"wp-caption-text\">O passeio de trator \u00e9 uma das 30 atra\u00e7\u00f5es que a propriedade oferece.<\/p><\/div>\n","protected":false},"excerpt":{"rendered":"<p>Gosta de curtir em meio \u00e0 natureza? Junte a fam\u00edlia e se aventure! Reunimos alguns destinos pr\u00f3ximos a Curitiba que s\u00e3o verdadeiros para\u00edsos para curtir por a\u00ed. Prepare o lanchinho, a garrafa de \u00e1gua, a bota, o chap\u00e9u, a capa de chuva, itens de seguran\u00e7a e boa sorte. Nas alturas com sua turma! No munic\u00edpio [&hellip;]<\/p>\n","protected":false},"author":16,"featured_media":1086,"comment_status":"open","ping_status":"open","sticky":false,"template":"","format":"standard","meta":{"footnotes":""},"categories":[4],"tags":[],"yoast_head":"<!-- This site is optimized with the Yoast SEO plugin v21.9.1 - https:\/\/yoast.com\/wordpress\/plugins\/seo\/ -->\n<title>Final de semana em meio \u00e0 natureza | MCities Curitiba<\/title>\n<meta name=\"description\" content=\"Gosta de curtir em meio \u00e0 natureza? Reunimos alguns destinos pr\u00f3ximos a Curitiba que s\u00e3o verdadeiros para\u00edsos para curtir a natureza com a fam\u00edlia.\" \/>\n<meta name=\"robots\" content=\"index, follow, max-snippet:-1, max-image-preview:large, max-video-preview:-1\" \/>\n<link rel=\"canonical\" href=\"https:\/\/mcities.com.br\/curitiba\/o-que-fazer-em-familia\/passeio-com-a-familia-no-campo-natureza\/\" \/>\n<meta property=\"og:locale\" content=\"pt_BR\" \/>\n<meta property=\"og:type\" content=\"article\" \/>\n<meta property=\"og:title\" content=\"Final de semana em meio \u00e0 natureza | MCities Curitiba\" \/>\n<meta property=\"og:description\" content=\"Gosta de curtir em meio \u00e0 natureza? Reunimos alguns destinos pr\u00f3ximos a Curitiba que s\u00e3o verdadeiros para\u00edsos para curtir a natureza com a fam\u00edlia.\" \/>\n<meta property=\"og:url\" content=\"https:\/\/mcities.com.br\/curitiba\/o-que-fazer-em-familia\/passeio-com-a-familia-no-campo-natureza\/\" \/>\n<meta property=\"og:site_name\" content=\"MCities Curitiba\" \/>\n<meta property=\"article:published_time\" content=\"2019-08-11T20:20:21+00:00\" \/>\n<meta property=\"article:modified_time\" content=\"2021-04-16T22:20:25+00:00\" \/>\n<meta property=\"og:image\" content=\"https:\/\/mcities.com.br\/curitiba\/wp-content\/uploads\/sites\/3\/2017\/09\/familia_folha.jpg\" \/>\n\t<meta property=\"og:image:width\" content=\"793\" \/>\n\t<meta property=\"og:image:height\" content=\"793\" \/>\n\t<meta property=\"og:image:type\" content=\"image\/jpeg\" \/>\n<meta name=\"author\" content=\"noarcomunicacao\" \/>\n<meta name=\"twitter:card\" content=\"summary_large_image\" \/>\n<meta name=\"twitter:label1\" content=\"Written by\" \/>\n\t<meta name=\"twitter:data1\" content=\"noarcomunicacao\" \/>\n\t<meta name=\"twitter:label2\" content=\"Est. reading time\" \/>\n\t<meta name=\"twitter:data2\" content=\"4 minutos\" \/>\n<script type=\"application\/ld+json\" class=\"yoast-schema-graph\">{\"@context\":\"https:\/\/schema.org\",\"@graph\":[{\"@type\":\"Article\",\"@id\":\"https:\/\/mcities.com.br\/curitiba\/o-que-fazer-em-familia\/passeio-com-a-familia-no-campo-natureza\/#article\",\"isPartOf\":{\"@id\":\"https:\/\/mcities.com.br\/curitiba\/o-que-fazer-em-familia\/passeio-com-a-familia-no-campo-natureza\/\"},\"author\":{\"name\":\"noarcomunicacao\",\"@id\":\"https:\/\/mcities.com.br\/curitiba\/#\/schema\/person\/c9bb3dd550173a12872408b86300a52d\"},\"headline\":\"Final de semana em meio \u00e0 natureza\",\"datePublished\":\"2019-08-11T20:20:21+00:00\",\"dateModified\":\"2021-04-16T22:20:25+00:00\",\"mainEntityOfPage\":{\"@id\":\"https:\/\/mcities.com.br\/curitiba\/o-que-fazer-em-familia\/passeio-com-a-familia-no-campo-natureza\/\"},\"wordCount\":797,\"commentCount\":1,\"publisher\":{\"@id\":\"https:\/\/mcities.com.br\/curitiba\/#organization\"},\"articleSection\":[\"Em Fam\u00edlia\"],\"inLanguage\":\"pt-BR\",\"potentialAction\":[{\"@type\":\"CommentAction\",\"name\":\"Comment\",\"target\":[\"https:\/\/mcities.com.br\/curitiba\/o-que-fazer-em-familia\/passeio-com-a-familia-no-campo-natureza\/#respond\"]}]},{\"@type\":\"WebPage\",\"@id\":\"https:\/\/mcities.com.br\/curitiba\/o-que-fazer-em-familia\/passeio-com-a-familia-no-campo-natureza\/\",\"url\":\"https:\/\/mcities.com.br\/curitiba\/o-que-fazer-em-familia\/passeio-com-a-familia-no-campo-natureza\/\",\"name\":\"Final de semana em meio \u00e0 natureza | MCities Curitiba\",\"isPartOf\":{\"@id\":\"https:\/\/mcities.com.br\/curitiba\/#website\"},\"datePublished\":\"2019-08-11T20:20:21+00:00\",\"dateModified\":\"2021-04-16T22:20:25+00:00\",\"description\":\"Gosta de curtir em meio \u00e0 natureza? Reunimos alguns destinos pr\u00f3ximos a Curitiba que s\u00e3o verdadeiros para\u00edsos para curtir a natureza com a fam\u00edlia.\",\"breadcrumb\":{\"@id\":\"https:\/\/mcities.com.br\/curitiba\/o-que-fazer-em-familia\/passeio-com-a-familia-no-campo-natureza\/#breadcrumb\"},\"inLanguage\":\"pt-BR\",\"potentialAction\":[{\"@type\":\"ReadAction\",\"target\":[\"https:\/\/mcities.com.br\/curitiba\/o-que-fazer-em-familia\/passeio-com-a-familia-no-campo-natureza\/\"]}]},{\"@type\":\"BreadcrumbList\",\"@id\":\"https:\/\/mcities.com.br\/curitiba\/o-que-fazer-em-familia\/passeio-com-a-familia-no-campo-natureza\/#breadcrumb\",\"itemListElement\":[{\"@type\":\"ListItem\",\"position\":1,\"name\":\"Home\",\"item\":\"https:\/\/mcities.com.br\/curitiba\/\"},{\"@type\":\"ListItem\",\"position\":2,\"name\":\"Final de semana em meio \u00e0 natureza\"}]},{\"@type\":\"WebSite\",\"@id\":\"https:\/\/mcities.com.br\/curitiba\/#website\",\"url\":\"https:\/\/mcities.com.br\/curitiba\/\",\"name\":\"MCities Curitiba\",\"description\":\"MCities \u00e9 um sistema que tem a disposic\u0327a\u0303o de dinamizar a integrac\u0327a\u0303o entre pessoas e cidades. Somos um sistema que oferece conte\u00fados de experi\u00eancias divertidas para voc\u00ea curtir e viver momentos incr\u00edveis, seja em casa ou nas ruas da cidade.\",\"publisher\":{\"@id\":\"https:\/\/mcities.com.br\/curitiba\/#organization\"},\"potentialAction\":[{\"@type\":\"SearchAction\",\"target\":{\"@type\":\"EntryPoint\",\"urlTemplate\":\"https:\/\/mcities.com.br\/curitiba\/?s={search_term_string}\"},\"query-input\":\"required name=search_term_string\"}],\"inLanguage\":\"pt-BR\"},{\"@type\":\"Organization\",\"@id\":\"https:\/\/mcities.com.br\/curitiba\/#organization\",\"name\":\"MCities\",\"url\":\"https:\/\/mcities.com.br\/curitiba\/\",\"logo\":{\"@type\":\"ImageObject\",\"inLanguage\":\"pt-BR\",\"@id\":\"https:\/\/mcities.com.br\/curitiba\/#\/schema\/logo\/image\/\",\"url\":\"https:\/\/mcities.com.br\/curitiba\/wp-content\/uploads\/sites\/3\/2017\/03\/mcities-color.png\",\"contentUrl\":\"https:\/\/mcities.com.br\/curitiba\/wp-content\/uploads\/sites\/3\/2017\/03\/mcities-color.png\",\"width\":248,\"height\":57,\"caption\":\"MCities\"},\"image\":{\"@id\":\"https:\/\/mcities.com.br\/curitiba\/#\/schema\/logo\/image\/\"}},{\"@type\":\"Person\",\"@id\":\"https:\/\/mcities.com.br\/curitiba\/#\/schema\/person\/c9bb3dd550173a12872408b86300a52d\",\"name\":\"noarcomunicacao\",\"image\":{\"@type\":\"ImageObject\",\"inLanguage\":\"pt-BR\",\"@id\":\"https:\/\/mcities.com.br\/curitiba\/#\/schema\/person\/image\/\",\"url\":\"https:\/\/secure.gravatar.com\/avatar\/c59827c0770427ea942772b5add7fa96?s=96&d=mm&r=g\",\"contentUrl\":\"https:\/\/secure.gravatar.com\/avatar\/c59827c0770427ea942772b5add7fa96?s=96&d=mm&r=g\",\"caption\":\"noarcomunicacao\"}}]}<\/script>\n<!-- \/ Yoast SEO plugin. -->","yoast_head_json":{"title":"Final de semana em meio \u00e0 natureza | MCities Curitiba","description":"Gosta de curtir em meio \u00e0 natureza? Reunimos alguns destinos pr\u00f3ximos a Curitiba que s\u00e3o verdadeiros para\u00edsos para curtir a natureza com a fam\u00edlia.","robots":{"index":"index","follow":"follow","max-snippet":"max-snippet:-1","max-image-preview":"max-image-preview:large","max-video-preview":"max-video-preview:-1"},"canonical":"https:\/\/mcities.com.br\/curitiba\/o-que-fazer-em-familia\/passeio-com-a-familia-no-campo-natureza\/","og_locale":"pt_BR","og_type":"article","og_title":"Final de semana em meio \u00e0 natureza | MCities Curitiba","og_description":"Gosta de curtir em meio \u00e0 natureza? Reunimos alguns destinos pr\u00f3ximos a Curitiba que s\u00e3o verdadeiros para\u00edsos para curtir a natureza com a fam\u00edlia.","og_url":"https:\/\/mcities.com.br\/curitiba\/o-que-fazer-em-familia\/passeio-com-a-familia-no-campo-natureza\/","og_site_name":"MCities Curitiba","article_published_time":"2019-08-11T20:20:21+00:00","article_modified_time":"2021-04-16T22:20:25+00:00","og_image":[{"width":"793","height":"793","url":"https:\/\/mcities.com.br\/curitiba\/wp-content\/uploads\/sites\/3\/2017\/09\/familia_folha.jpg","type":"image\/jpeg"}],"author":"noarcomunicacao","twitter_card":"summary_large_image","twitter_misc":{"Written by":"noarcomunicacao","Est. reading time":"4 minutos"},"schema":{"@context":"https:\/\/schema.org","@graph":[{"@type":"Article","@id":"https:\/\/mcities.com.br\/curitiba\/o-que-fazer-em-familia\/passeio-com-a-familia-no-campo-natureza\/#article","isPartOf":{"@id":"https:\/\/mcities.com.br\/curitiba\/o-que-fazer-em-familia\/passeio-com-a-familia-no-campo-natureza\/"},"author":{"name":"noarcomunicacao","@id":"https:\/\/mcities.com.br\/curitiba\/#\/schema\/person\/c9bb3dd550173a12872408b86300a52d"},"headline":"Final de semana em meio \u00e0 natureza","datePublished":"2019-08-11T20:20:21+00:00","dateModified":"2021-04-16T22:20:25+00:00","mainEntityOfPage":{"@id":"https:\/\/mcities.com.br\/curitiba\/o-que-fazer-em-familia\/passeio-com-a-familia-no-campo-natureza\/"},"wordCount":797,"commentCount":1,"publisher":{"@id":"https:\/\/mcities.com.br\/curitiba\/#organization"},"articleSection":["Em Fam\u00edlia"],"inLanguage":"pt-BR","potentialAction":[{"@type":"CommentAction","name":"Comment","target":["https:\/\/mcities.com.br\/curitiba\/o-que-fazer-em-familia\/passeio-com-a-familia-no-campo-natureza\/#respond"]}]},{"@type":"WebPage","@id":"https:\/\/mcities.com.br\/curitiba\/o-que-fazer-em-familia\/passeio-com-a-familia-no-campo-natureza\/","url":"https:\/\/mcities.com.br\/curitiba\/o-que-fazer-em-familia\/passeio-com-a-familia-no-campo-natureza\/","name":"Final de semana em meio \u00e0 natureza | MCities Curitiba","isPartOf":{"@id":"https:\/\/mcities.com.br\/curitiba\/#website"},"datePublished":"2019-08-11T20:20:21+00:00","dateModified":"2021-04-16T22:20:25+00:00","description":"Gosta de curtir em meio \u00e0 natureza? Reunimos alguns destinos pr\u00f3ximos a Curitiba que s\u00e3o verdadeiros para\u00edsos para curtir a natureza com a fam\u00edlia.","breadcrumb":{"@id":"https:\/\/mcities.com.br\/curitiba\/o-que-fazer-em-familia\/passeio-com-a-familia-no-campo-natureza\/#breadcrumb"},"inLanguage":"pt-BR","potentialAction":[{"@type":"ReadAction","target":["https:\/\/mcities.com.br\/curitiba\/o-que-fazer-em-familia\/passeio-com-a-familia-no-campo-natureza\/"]}]},{"@type":"BreadcrumbList","@id":"https:\/\/mcities.com.br\/curitiba\/o-que-fazer-em-familia\/passeio-com-a-familia-no-campo-natureza\/#breadcrumb","itemListElement":[{"@type":"ListItem","position":1,"name":"Home","item":"https:\/\/mcities.com.br\/curitiba\/"},{"@type":"ListItem","position":2,"name":"Final de semana em meio \u00e0 natureza"}]},{"@type":"WebSite","@id":"https:\/\/mcities.com.br\/curitiba\/#website","url":"https:\/\/mcities.com.br\/curitiba\/","name":"MCities Curitiba","description":"MCities \u00e9 um sistema que tem a disposic\u0327a\u0303o de dinamizar a integrac\u0327a\u0303o entre pessoas e cidades. Somos um sistema que oferece conte\u00fados de experi\u00eancias divertidas para voc\u00ea curtir e viver momentos incr\u00edveis, seja em casa ou nas ruas da cidade.","publisher":{"@id":"https:\/\/mcities.com.br\/curitiba\/#organization"},"potentialAction":[{"@type":"SearchAction","target":{"@type":"EntryPoint","urlTemplate":"https:\/\/mcities.com.br\/curitiba\/?s={search_term_string}"},"query-input":"required name=search_term_string"}],"inLanguage":"pt-BR"},{"@type":"Organization","@id":"https:\/\/mcities.com.br\/curitiba\/#organization","name":"MCities","url":"https:\/\/mcities.com.br\/curitiba\/","logo":{"@type":"ImageObject","inLanguage":"pt-BR","@id":"https:\/\/mcities.com.br\/curitiba\/#\/schema\/logo\/image\/","url":"https:\/\/mcities.com.br\/curitiba\/wp-content\/uploads\/sites\/3\/2017\/03\/mcities-color.png","contentUrl":"https:\/\/mcities.com.br\/curitiba\/wp-content\/uploads\/sites\/3\/2017\/03\/mcities-color.png","width":248,"height":57,"caption":"MCities"},"image":{"@id":"https:\/\/mcities.com.br\/curitiba\/#\/schema\/logo\/image\/"}},{"@type":"Person","@id":"https:\/\/mcities.com.br\/curitiba\/#\/schema\/person\/c9bb3dd550173a12872408b86300a52d","name":"noarcomunicacao","image":{"@type":"ImageObject","inLanguage":"pt-BR","@id":"https:\/\/mcities.com.br\/curitiba\/#\/schema\/person\/image\/","url":"https:\/\/secure.gravatar.com\/avatar\/c59827c0770427ea942772b5add7fa96?s=96&d=mm&r=g","contentUrl":"https:\/\/secure.gravatar.com\/avatar\/c59827c0770427ea942772b5add7fa96?s=96&d=mm&r=g","caption":"noarcomunicacao"}}]}},"_links":{"self":[{"href":"https:\/\/mcities.com.br\/curitiba\/wp-json\/wp\/v2\/posts\/1055"}],"collection":[{"href":"https:\/\/mcities.com.br\/curitiba\/wp-json\/wp\/v2\/posts"}],"about":[{"href":"https:\/\/mcities.com.br\/curitiba\/wp-json\/wp\/v2\/types\/post"}],"author":[{"embeddable":true,"href":"https:\/\/mcities.com.br\/curitiba\/wp-json\/wp\/v2\/users\/16"}],"replies":[{"embeddable":true,"href":"https:\/\/mcities.com.br\/curitiba\/wp-json\/wp\/v2\/comments?post=1055"}],"version-history":[{"count":7,"href":"https:\/\/mcities.com.br\/curitiba\/wp-json\/wp\/v2\/posts\/1055\/revisions"}],"predecessor-version":[{"id":12119,"href":"https:\/\/mcities.com.br\/curitiba\/wp-json\/wp\/v2\/posts\/1055\/revisions\/12119"}],"wp:featuredmedia":[{"embeddable":true,"href":"https:\/\/mcities.com.br\/curitiba\/wp-json\/wp\/v2\/media\/1086"}],"wp:attachment":[{"href":"https:\/\/mcities.com.br\/curitiba\/wp-json\/wp\/v2\/media?parent=1055"}],"wp:term":[{"taxonomy":"category","embeddable":true,"href":"https:\/\/mcities.com.br\/curitiba\/wp-json\/wp\/v2\/categories?post=1055"},{"taxonomy":"post_tag","embeddable":true,"href":"https:\/\/mcities.com.br\/curitiba\/wp-json\/wp\/v2\/tags?post=1055"}],"curies":[{"name":"wp","href":"https:\/\/api.w.org\/{rel}","templated":true}]}}